{"id":4000,"date":"2024-04-14T21:52:13","date_gmt":"2024-04-14T19:52:13","guid":{"rendered":"https:\/\/walderlebnispfade.de\/educacion-experiencial-en-parques-de-escalada\/"},"modified":"2026-04-21T21:28:04","modified_gmt":"2026-04-21T19:28:04","slug":"educacion-experiencial-en-parques-de-escalada","status":"publish","type":"post","link":"https:\/\/walderlebnispfade.de\/es\/educacion-experiencial-en-parques-de-escalada\/","title":{"rendered":"Educaci\u00f3n experiencial en parques de escalada"},"content":{"rendered":"\n<p>\u00bfBuscas una aventura que no s\u00f3lo desaf\u00ede a tu cuerpo, sino tambi\u00e9n a tu mente? Los parques de escalada y los cursos de cuerdas altas ofrecen algo m\u00e1s que actividades deportivas: son lugares de educaci\u00f3n experiencial, desarrollo personal y sentido de comunidad. En este art\u00edculo, aprender\u00e1s c\u00f3mo estos entornos \u00fanicos pueden ayudarte a superarte a ti mismo, a superar miedos y a desarrollar importantes habilidades sociales.<\/p>\n<style>.kb-table-of-content-nav.kb-table-of-content-id2756_1433bd-44 .kb-table-of-content-wrap{padding-top:var(--global-kb-spacing-sm, 1.5rem);padding-right:var(--global-kb-spacing-sm, 1.5rem);padding-bottom:var(--global-kb-spacing-sm, 1.5rem);padding-left:var(--global-kb-spacing-sm, 1.5rem);background-color:var(--global-palette8, #F7FAFC);box-shadow:inset 0px 0px 14px 0px rgba(0, 0, 0, 0.2);}.kb-table-of-content-nav.kb-table-of-content-id2756_1433bd-44 .kb-table-of-contents-title-wrap{padding-top:0px;padding-right:0px;padding-bottom:0px;padding-left:0px;}.kb-table-of-content-nav.kb-table-of-content-id2756_1433bd-44 .kb-table-of-contents-title{font-weight:regular;font-style:normal;}.kb-table-of-content-nav.kb-table-of-content-id2756_1433bd-44 .kb-table-of-content-wrap .kb-table-of-content-list{font-weight:regular;font-style:normal;margin-top:var(--global-kb-spacing-sm, 1.5rem);margin-right:0px;margin-bottom:0px;margin-left:0px;}.kb-table-of-content-nav.kb-table-of-content-id2756_1433bd-44 .kb-toggle-icon-style-basiccircle .kb-table-of-contents-icon-trigger:after, .kb-table-of-content-nav.kb-table-of-content-id2756_1433bd-44 .kb-toggle-icon-style-basiccircle .kb-table-of-contents-icon-trigger:before, .kb-table-of-content-nav.kb-table-of-content-id2756_1433bd-44 .kb-toggle-icon-style-arrowcircle .kb-table-of-contents-icon-trigger:after, .kb-table-of-content-nav.kb-table-of-content-id2756_1433bd-44 .kb-toggle-icon-style-arrowcircle .kb-table-of-contents-icon-trigger:before, .kb-table-of-content-nav.kb-table-of-content-id2756_1433bd-44 .kb-toggle-icon-style-xclosecircle .kb-table-of-contents-icon-trigger:after, .kb-table-of-content-nav.kb-table-of-content-id2756_1433bd-44 .kb-toggle-icon-style-xclosecircle .kb-table-of-contents-icon-trigger:before{background-color:var(--global-palette8, #F7FAFC);}<\/style><style>.wp-block-kadence-advancedheading.kt-adv-heading2756_1867b9-8f, .wp-block-kadence-advancedheading.kt-adv-heading2756_1867b9-8f[data-kb-block=\"kb-adv-heading2756_1867b9-8f\"]{font-style:normal;}.wp-block-kadence-advancedheading.kt-adv-heading2756_1867b9-8f mark.kt-highlight, .wp-block-kadence-advancedheading.kt-adv-heading2756_1867b9-8f[data-kb-block=\"kb-adv-heading2756_1867b9-8f\"] mark.kt-highlight{font-style:normal;color:#f76a0c;-webkit-box-decoration-break:clone;box-decoration-break:clone;padding-top:0px;padding-right:0px;padding-bottom:0px;padding-left:0px;}.wp-block-kadence-advancedheading.kt-adv-heading2756_1867b9-8f img.kb-inline-image, .wp-block-kadence-advancedheading.kt-adv-heading2756_1867b9-8f[data-kb-block=\"kb-adv-heading2756_1867b9-8f\"] img.kb-inline-image{width:150px;vertical-align:baseline;}<\/style>\n<h2 class=\"kt-adv-heading2756_1867b9-8f wp-block-kadence-advancedheading\" data-kb-block=\"kb-adv-heading2756_1867b9-8f\">Educaci\u00f3n experiencial en parques de escalada: algo m\u00e1s que escalada<\/h2>\n<style>.wp-block-kadence-advancedheading.kt-adv-heading2756_b01499-e3, .wp-block-kadence-advancedheading.kt-adv-heading2756_b01499-e3[data-kb-block=\"kb-adv-heading2756_b01499-e3\"]{font-style:normal;}.wp-block-kadence-advancedheading.kt-adv-heading2756_b01499-e3 mark.kt-highlight, .wp-block-kadence-advancedheading.kt-adv-heading2756_b01499-e3[data-kb-block=\"kb-adv-heading2756_b01499-e3\"] mark.kt-highlight{font-style:normal;color:#f76a0c;-webkit-box-decoration-break:clone;box-decoration-break:clone;padding-top:0px;padding-right:0px;padding-bottom:0px;padding-left:0px;}.wp-block-kadence-advancedheading.kt-adv-heading2756_b01499-e3 img.kb-inline-image, .wp-block-kadence-advancedheading.kt-adv-heading2756_b01499-e3[data-kb-block=\"kb-adv-heading2756_b01499-e3\"] img.kb-inline-image{width:150px;vertical-align:baseline;}<\/style>\n<h3 class=\"kt-adv-heading2756_b01499-e3 wp-block-kadence-advancedheading\" data-kb-block=\"kb-adv-heading2756_b01499-e3\">\u00bfQu\u00e9 es la educaci\u00f3n experiencial?<\/h3>\n\n<p>K. Reich, de la Universidad de Colonia, ofrece una buena explicaci\u00f3n al respecto. Cita:  <em>\u00abLa educaci\u00f3n experiencial es un m\u00e9todo orientado a la acci\u00f3n que originalmente se abri\u00f3 camino en las escuelas como movimiento contrario al aprendizaje \u00abcerebral\u00bb. Ahora se utiliza principalmente en el sector extraescolar, sobre todo en el trabajo juvenil. Los programas son tan diversos como los posibles grupos destinatarios. La mayor\u00eda de los programas se dirigen a los j\u00f3venes, pero tambi\u00e9n hay ofertas para la educaci\u00f3n de adultos, en el \u00e1mbito terap\u00e9utico o para personas con discapacidad, por ejemplo. Hasta ahora han predominado las actividades deportivas basadas en la naturaleza, pero tambi\u00e9n est\u00e1n cobrando importancia los programas urbanos que pretenden abrir la ciudad como espacio de aventura (por ejemplo, City Bound). Tambi\u00e9n se est\u00e1n utilizando elementos de educaci\u00f3n experiencial en las escuelas, sobre todo en el deporte, en las excursiones y, a veces, tambi\u00e9n en las clases \u00abnormales\u00bb.\u00bb     <\/em>  Puedes descargar el estudio completo de la Universidad de Colonia <a href=\"http:\/\/methodenpool.uni-koeln.de\/download\/erlebnispaedagogik.pdf\" target=\"_blank\" rel=\"noreferrer noopener\">aqu\u00ed<\/a>.<\/p>\n<style>.wp-block-kadence-advancedheading.kt-adv-heading2756_a1c62e-2e, .wp-block-kadence-advancedheading.kt-adv-heading2756_a1c62e-2e[data-kb-block=\"kb-adv-heading2756_a1c62e-2e\"]{font-style:normal;}.wp-block-kadence-advancedheading.kt-adv-heading2756_a1c62e-2e mark.kt-highlight, .wp-block-kadence-advancedheading.kt-adv-heading2756_a1c62e-2e[data-kb-block=\"kb-adv-heading2756_a1c62e-2e\"] mark.kt-highlight{font-style:normal;color:#f76a0c;-webkit-box-decoration-break:clone;box-decoration-break:clone;padding-top:0px;padding-right:0px;padding-bottom:0px;padding-left:0px;}.wp-block-kadence-advancedheading.kt-adv-heading2756_a1c62e-2e img.kb-inline-image, .wp-block-kadence-advancedheading.kt-adv-heading2756_a1c62e-2e[data-kb-block=\"kb-adv-heading2756_a1c62e-2e\"] img.kb-inline-image{width:150px;vertical-align:baseline;}<\/style>\n<h3 class=\"kt-adv-heading2756_a1c62e-2e wp-block-kadence-advancedheading\" data-kb-block=\"kb-adv-heading2756_a1c62e-2e\">Los fundamentos de la educaci\u00f3n experiencial en el parque de escalada<\/h3>\n\n<p>La educaci\u00f3n experiencial en el parque de escalada utiliza los retos de la escalada para ense\u00f1ar importantes habilidades para la vida. No se trata s\u00f3lo del acto f\u00edsico de escalar, sino de lo que aprendes sobre ti mismo y sobre tu interacci\u00f3n con los dem\u00e1s. Los parques de escalada proporcionan una plataforma ideal para fomentar la confianza, el trabajo en equipo y la autoestima en un entorno de apoyo y desaf\u00edo. La educaci\u00f3n experiencial ofrece las siguientes oportunidades:<\/p>\n\n<ul class=\"wp-block-list\">\n<li>Interacciones de grupo  <\/li>\n\n\n\n<li>Comprender los conflictos de grupo<\/li>\n\n\n\n<li>Tratar el rendimiento f\u00edsico  <\/li>\n\n\n\n<li>Efecto duradero a trav\u00e9s de experiencias directas<\/li>\n<\/ul>\n\n<p>Especialmente en grupo, una excursi\u00f3n a un bosque de escalada es una experiencia muy especial para ni\u00f1os y j\u00f3venes. Aprenden a enfrentarse a los conflictos y a desarrollar la autoestima mediante tareas de interacci\u00f3n. Esto permite a cada uno utilizar sus habilidades individuales, conocer conscientemente sus l\u00edmites y experimentar el \u00e9xito. Tambi\u00e9n es un programa estupendo para las excursiones escolares. Muchos parques de escalada ofrecen cursos que van desde cursos b\u00e1sicos de dos horas hasta programas de un d\u00eda completo.    <\/p>\n\n<p><strong>Los temas importantes de los programas son<\/strong><\/p>\n\n<ul class=\"wp-block-list\">\n<li>Resolver problemas en equipo<\/li>\n\n\n\n<li>Cumplimiento de las normas<\/li>\n\n\n\n<li>Reconocer y aceptar los miedos<\/li>\n\n\n\n<li>Desarrolla tus propias estrategias<\/li>\n\n\n\n<li>Motivaci\u00f3n positiva<\/li>\n\n\n\n<li>Dirigir y ser dirigido<\/li>\n\n\n\n<li>Divide las fuerzas<\/li>\n\n\n\n<li>Importancia de la comunicaci\u00f3n<\/li>\n\n\n\n<li>Desarrolla tus propias estrategias<\/li>\n\n\n\n<li>Motivaci\u00f3n positiva<\/li>\n\n\n\n<li>Reconocer y aceptar los miedos<\/li>\n<\/ul>\n\n<p>Supervisores especialmente formados est\u00e1n a tu disposici\u00f3n para ayudarte y aconsejarte en todas las tareas.<\/p>\n<style>.kb-image2756_fc9ce6-f6 .kb-image-has-overlay:after{opacity:0.3;}<\/style>\n<div class=\"wp-block-kadence-image kb-image2756_fc9ce6-f6\"><figure class=\"aligncenter size-full\"><img loading=\"lazy\" decoding=\"async\" width=\"1024\" height=\"683\" src=\"https:\/\/walderlebnispfade.de\/wp-content\/uploads\/2024\/04\/Erlebnispaedagigik_Kletterpark.jpg\" alt=\"Erlebnispaedagigik im Kletterpark\" class=\"kb-img wp-image-6028\" srcset=\"https:\/\/walderlebnispfade.de\/wp-content\/uploads\/2024\/04\/Erlebnispaedagigik_Kletterpark.jpg 1024w, https:\/\/walderlebnispfade.de\/wp-content\/uploads\/2024\/04\/Erlebnispaedagigik_Kletterpark-300x200.jpg 300w, https:\/\/walderlebnispfade.de\/wp-content\/uploads\/2024\/04\/Erlebnispaedagigik_Kletterpark-768x512.jpg 768w\" sizes=\"auto, (max-width: 1024px) 100vw, 1024px\" \/><\/figure><\/div>\n<style>.wp-block-kadence-advancedheading.kt-adv-heading2756_b82f03-e6, .wp-block-kadence-advancedheading.kt-adv-heading2756_b82f03-e6[data-kb-block=\"kb-adv-heading2756_b82f03-e6\"]{font-style:normal;}.wp-block-kadence-advancedheading.kt-adv-heading2756_b82f03-e6 mark.kt-highlight, .wp-block-kadence-advancedheading.kt-adv-heading2756_b82f03-e6[data-kb-block=\"kb-adv-heading2756_b82f03-e6\"] mark.kt-highlight{font-style:normal;color:#f76a0c;-webkit-box-decoration-break:clone;box-decoration-break:clone;padding-top:0px;padding-right:0px;padding-bottom:0px;padding-left:0px;}.wp-block-kadence-advancedheading.kt-adv-heading2756_b82f03-e6 img.kb-inline-image, .wp-block-kadence-advancedheading.kt-adv-heading2756_b82f03-e6[data-kb-block=\"kb-adv-heading2756_b82f03-e6\"] img.kb-inline-image{width:150px;vertical-align:baseline;}<\/style>\n<h3 class=\"kt-adv-heading2756_b82f03-e6 wp-block-kadence-advancedheading\" data-kb-block=\"kb-adv-heading2756_b82f03-e6\">Aplicaci\u00f3n pr\u00e1ctica de la educaci\u00f3n experiencial<\/h3>\n\n<p>En los parques de escalada, te enfrentas a situaciones que requieren trabajo en equipo. Aprendes a confiar en los miembros de tu equipo mientras te abres camino a trav\u00e9s de diversos cursos. Estas experiencias no s\u00f3lo refuerzan tu esp\u00edritu de equipo, sino tambi\u00e9n tu confianza en ti mismo, ya que superas retos que quiz\u00e1 cre\u00edas imposibles.<\/p>\n\n<p>Los siguientes temas pueden aprenderse en el parque de escalada a modo de ejemplo:<\/p>\n\n<ul class=\"wp-block-list\">\n<li>T\u00e9cnica de sujeci\u00f3n y nudos  <\/li>\n\n\n\n<li>Sube a las copas de los \u00e1rboles en diversos recorridos<\/li>\n\n\n\n<li>Disfruta de la emoci\u00f3n de un columpio gigante<\/li>\n\n\n\n<li>Recorre el denso bosque en busca del tesoro<\/li>\n\n\n\n<li>Dominar juntos las tareas de equipo<\/li>\n\n\n\n<li>prueba el tiro con arco y flecha<\/li>\n\n\n\n<li>Equilibrio en la slackline<\/li>\n\n\n\n<li>Descansa en tiendas y hamacas en el campamento base<\/li>\n\n\n\n<li>Experimenta la naturaleza con todos tus sentidos<\/li>\n<\/ul>\n\n<p>En las rondas de debate y reflexi\u00f3n, se profundiza en las experiencias del d\u00eda y se hacen conscientes. Los ejercicios y actividades conducen a experiencias que tambi\u00e9n son \u00fatiles para la vida cotidiana de los participantes. <\/p>\n\n<h2 class=\"wp-block-heading\">Parques de escalada especializados en escalada en equipo<\/h2>\n\n<p>A continuaci\u00f3n, he recopilado una lista de 20 parques de escalada y cursos de cuerdas altas que cuentan con ofertas especiales de educaci\u00f3n experiencial y formaci\u00f3n de equipos en su programa. En la mayor\u00eda de los casos, estos parques de escalada solo pueden reservarse para grupos previo acuerdo. Mediante tareas de educaci\u00f3n experiencial, se puede desafiar y fomentar la disposici\u00f3n a ayudar, la cooperaci\u00f3n, el esp\u00edritu de equipo, la confianza y la resistencia.  <\/p>\n\n<figure class=\"wp-block-table is-style-regular\"><table class=\"has-fixed-layout\"><thead><tr><th>Nombre del parque de escalada<\/th><th>Estado federal<\/th><th>Direcci\u00f3n<\/th><th>Tel\u00e9fono<\/th><th>Correo electr\u00f3nico<\/th><th>P\u00e1gina web<\/th><\/tr><\/thead><tbody><tr><td>Parque de Naturaleza y Aventura de Boxberg<\/td><td>Baden-W\u00fcrttemberg<\/td><td>Zum Waldseilgarten 1,<br\/>97944 Boxberg<\/td><td>+49 7930 327 30 31<\/td><td><a href=\"mailto:info@waldseilgarten-boxberg.de\">info@waldseilgarten-boxberg.de<\/a><\/td><td><a href=\"https:\/\/www.waldseilgarten-boxberg.de\/\" target=\"_blank\" rel=\"noreferrer noopener\">waldseilgarten-boxberg.de<\/a><\/td><\/tr><tr><td>Curso de cuerdas en el bosque de Friburgo<\/td><td>Baden-W\u00fcrttemberg<\/td><td>Opfingerstra\u00dfe 190, <br\/>79111 Friburgo<\/td><td>+49 1573 1999533<\/td><td><a href=\"mailto:sophie.guertler@waldseilgarten-freiburg.de\">sophie.guertler@waldseilgarten-freiburg.de<\/a><\/td><td><a href=\"https:\/\/www.waldseilgarten-freiburg.de\/\" target=\"_blank\" rel=\"noreferrer noopener\">waldseilgarten-freiburg.de<\/a><\/td><\/tr><tr><td>Parque al aire libre CVJM Karlsruhe<\/td><td>Baden-W\u00fcrttemberg<\/td><td>Nowackanlage 5,<br\/>76137 Karlsruhe<\/td><td>+49 1575-3296388<\/td><td><a href=\"mailto:info@outdoorpark.de\">info@outdoorpark.de<\/a><\/td><td><a href=\"https:\/\/outdoorpark.de\/\" target=\"_blank\" rel=\"noreferrer noopener\">outdoorpark.de<\/a><\/td><\/tr><tr><td>Curso de cuerdas Mannheim<\/td><td>Baden-W\u00fcrttemberg<\/td><td>Im Pfeiffersw\u00f6rth,<br\/>68305 Mannheim-Feudenheim<\/td><td>+49 621 28 000 489<\/td><td><a href=\"mailto:tanja.wuerges@kbz.ekiba.de\">tanja.wuerges@kbz.ekiba.de<\/a><\/td><td><a href=\"http:\/\/www.seilgarten-mannheim.de\/\" target=\"_blank\" rel=\"noreferrer noopener\">seilgarten-mannheim.de<\/a><\/td><\/tr><tr><td>Aktivpark Bergheide<\/td><td>Baden-W\u00fcrttemberg<\/td><td>Bergheide 4,<br\/>70376 Stuttgart<\/td><td>+49 711 814 300<\/td><td><a href=\"mailto:aktivparkbergheide@caritas-stuttgart.de\">aktivparkbergheide@caritas-stuttgart.de<\/a><\/td><td><a href=\"https:\/\/www.caritas-stuttgart.de\/hilfe-beratung\/kinder-jugend-und-familie\/aktivpark-bergheide\/aktivpark-bergheide\" target=\"_blank\" rel=\"noopener\">caritas-stuttgart.de<\/a><\/td><\/tr><tr><td>Escuela Profesional Waldenburg<\/td><td>Baden-W\u00fcrttemberg<\/td><td>Eichenstra\u00dfe 11-13,<br\/>74638 Waldenburg<\/td><td>+49 7942 912 130<\/td><td><a href=\"mailto:info@ipg-waldenburg.de\">info@ipg-waldenburg.de<\/a><\/td><td><a href=\"https:\/\/www.bk-waldenburg.de\/hochseilgarten-neu\/hochseilgarten-uebersichtsseiten\/hochseilgarten-angebot\/\" target=\"_blank\" rel=\"noreferrer noopener\">bk-waldenburg.de<\/a><\/td><\/tr><tr><td>Bosque trepador de Silvestria<\/td><td>Baden-W\u00fcrttemberg<\/td><td>Almosenberg,<br\/>97877 Wertheim-Dertingen<\/td><td>+49 151 57350409<\/td><td><a href=\"mailto:info@kletterwald-silvestria.de\">info@kletterwald-silvestria.de<\/a><\/td><td><a href=\"https:\/\/kletterwald-silvestria.de\/\" target=\"_blank\" rel=\"noreferrer noopener\">kletterwald-silvestria.de<\/a><\/td><\/tr><tr><td>Parque de escalada Altm\u00fchltal<\/td><td>Baviera<\/td><td>Br\u00e4uhausstra\u00dfe 36,<br\/>92339 Beilngries<\/td><td>+49 8461 602990<\/td><td><a href=\"mailto:info@altmuehltaler-abenteuerpark.de\">info@altmuehltaler-abenteuerpark.de<\/a><\/td><td><a href=\"https:\/\/www.altmuehltaler-abenteuerpark.de\/\" target=\"_blank\" rel=\"noreferrer noopener\">altmuehltaler-abenteuerpark.de<\/a><\/td><\/tr><tr><td>Parque de escalada Wallenhausen<\/td><td>Baviera<\/td><td>Habsburgerstr. 59,<br\/>89264 Wallenhausen <\/td><td>+49 7309 425959<\/td><td><a href=\"mailto:info@waldseilgarten-wallenhausen.de\">info@waldseilgarten-wallenhausen.de<\/a><\/td><td><a href=\"https:\/\/waldseilgarten-wallenhausen.de\/\" target=\"_blank\" rel=\"noreferrer noopener\">waldseilgarten-wallenhausen.de<\/a><\/td><\/tr><tr><td>Curso de cuerda Lesum<\/td><td>Bremen<\/td><td>Holthorster Weg,<br\/>28717 Bremen-Lesum<\/td><td><\/td><td><a href=\"mailto:info@seilgarten-lesum.de\">info@seilgarten-lesum.de<\/a><\/td><td><a href=\"https:\/\/www.seilgartenlesum.de\/\" target=\"_blank\" rel=\"noreferrer noopener\">seilgartenlesum.de<\/a><\/td><\/tr><tr><td>Curso de cuerdas en el bosque Laubfrosch<\/td><td>Hesse<\/td><td>Vogelsbergstra\u00dfe 90,<br\/>63654 B\u00fcdingen<\/td><td>+49 641 96618921<\/td><td><\/td><td><a href=\"https:\/\/www.komm-raus.org\/\" target=\"_blank\" rel=\"noreferrer noopener\">komm-raus.org<\/a><\/td><\/tr><tr><td>Curso de cuerdas altas W\u00f6lfersheimer See<\/td><td>Hesse<\/td><td>Neuhofstra\u00dfe 28,<br\/>60318 Frankfurt<\/td><td>+49 6036 988844<\/td><td><a href=\"mailto:admin@hochseilgarten-woelfersheimersee.de\">admin@hochseilgarten-woelfersheimersee.de<\/a><\/td><td><a href=\"https:\/\/www.hochseilgarten-woelfersheimersee.de\/\" target=\"_blank\" rel=\"noreferrer noopener\">hochseilgarten-woelfersheimersee.de<\/a><\/td><\/tr><tr><td>Curso de cuerdas altas Taunatours<\/td><td>Hesse<\/td><td>Limesstra\u00dfe 14,<br\/>61389 Schmitten im Taunus<\/td><td>+49 6082 92410<\/td><td>i<a href=\"mailto:nfo@tauna-tours.de\">nfo@tau<\/a>na-tours.de<\/td><td><a href=\"https:\/\/www.tauna-tours.de\/\" target=\"_blank\" rel=\"noreferrer noopener\">tauna-tours.de<\/a><\/td><\/tr><tr><td>Curso de cuerdas altas en Neukloster<\/td><td>Mecklemburgo-Pomerania Occidental<\/td><td>Klosterhof 2,<br\/>23992 Neukloster<\/td><td>+49 38422 25482<\/td><td><a href=\"mailto:kontakt@jugendscheune-neukloster.de\">kontakt@jugendscheune-neukloster.de<\/a><\/td><td><a href=\"https:\/\/www.schweriner-see.de\/hochseilgarten.neukloster.htm\" target=\"_blank\" rel=\"noreferrer noopener\">schweriner-see.de<\/a><\/td><\/tr><tr><td>Curso de cuerdas de Hannover<\/td><td>Baja Sajonia<\/td><td>Ferdinandstr. 7,<br\/>30175 Hannover <\/td><td>+49 511 53 07 81 45<\/td><td><a href=\"mailto:info@kej-hannover.de\">info@kej-hannover.de<\/a><\/td><td><a href=\"https:\/\/seilgarten-hannover.de\/\" target=\"_blank\" rel=\"noreferrer noopener\">seilgarten-hannover.de<\/a><\/td><\/tr><tr><td>Curso de cuerdas Salzgitter<\/td><td>Baja Sajonia<\/td><td>Otto-Hahn-Ring,<br\/>38228 Salzgitter-Lebenstedt<\/td><td><\/td><td><a href=\"mailto:info@seilgarten-salzgitter.de\">info@seilgarten-salzgitter.de<\/a><\/td><td><a href=\"https:\/\/seilgarten-salzgitter.de\/\" target=\"_blank\" rel=\"noreferrer noopener\">seilgarten-salzgitter.de<\/a><\/td><\/tr><tr><td>Curso de cuerdas altas D\u00fclmen<\/td><td>Renania del Norte-Westfalia<\/td><td>L\u00fcdinghauser Str. 101,<br\/>48249 D\u00fclmen<\/td><td>+49 2861 8040920<\/td><td><a href=\"mailto:kbw-borken@bistum-muenster.de\">kbw-borken@bistum-muenster.de<\/a><\/td><td><a href=\"https:\/\/www.hochseilgarten-duelmen.de\/\" target=\"_blank\" rel=\"noreferrer noopener\">hochseilgarten-duelmen.de<\/a><\/td><\/tr><tr><td>Curso de cuerdas altas Recklinghausen<\/td><td>Renania del Norte-Westfalia<\/td><td>L\u00fclfstra\u00dfe 69,<br\/>45665 Recklinghausen<\/td><td>+49 2361 979 86 38<\/td><td><a href=\"mailto:info@hochseilgarten-re.de\">info@hochseilgarten-re.de<\/a><\/td><td><a href=\"https:\/\/www.bauspielfarm-re.de\/der-hochseilgarten\/\" target=\"_blank\" rel=\"noreferrer noopener\">bauspielfarm-re.de<\/a><\/td><\/tr><tr><td>Curso de cuerdas altas Erlebniswerkstatt Saar<\/td><td>Curso de cuerdas altas Erlebniswerkstatt Saar<\/td><td>Kirchstrasse 1,<br\/>54441 Taben-Rodt<\/td><td>+49 6582 914044<\/td><td><a href=\"mailto:info@erlebniswerkstatt-saar.de\">info@erlebniswerkstatt-saar.de<\/a><\/td><td><a href=\"https:\/\/www.erlebniswerkstatt-saar.de\/\" target=\"_blank\" rel=\"noreferrer noopener\">erlebniswerkstatt-saar.de<\/a><\/td><\/tr><tr><td>Curso de cuerdas altas Malente<\/td><td>Schleswig-Holstein<\/td><td>Radlandsichten,<br\/>23714 Malente<\/td><td>+49 4523 403605<\/td><td><a href=\"mailto:info@bottervogel.de\">info@bottervogel.de<\/a><\/td><td><a href=\"https:\/\/www.bottervogel.de\/hochseilgarten\/\" target=\"_blank\" rel=\"noreferrer noopener\">bottervogel.de<\/a><\/td><\/tr><\/tbody><\/table><figcaption class=\"wp-element-caption\">Parques de escalada para la educaci\u00f3n experiencial en Alemania<\/figcaption><\/figure>\n\n<h3 class=\"wp-block-heading\">Mapa de parques de escalada para escalada en equipo en Alemania<\/h3>\n\n<p>El siguiente mapa muestra claramente los parques de escalada para la educaci\u00f3n de aventura y la formaci\u00f3n de equipos. En numerosas tareas y ejercicios a diferentes alturas y con distintos tipos de equipos de seguridad, el grupo y cada participante individual pueden superar l\u00edmites y divertirse mucho. <\/p>\n\n<iframe loading=\"lazy\" src=\"https:\/\/www.google.com\/maps\/d\/u\/0\/embed?mid=1a_Gd-DbKUdqnwO235X34d5LiL_PKvrg&#038;ehbc=2E312F\" width=\"1024\" height=\"480\"><\/iframe>\n\n<h2 class=\"wp-block-heading\">V\u00eddeo: Aprendizaje entre el cielo y la tierra<\/h2>\n\n<figure class=\"wp-block-embed is-type-video is-provider-youtube wp-block-embed-youtube wp-embed-aspect-16-9 wp-has-aspect-ratio\"><div class=\"wp-block-embed__wrapper\">\n<iframe loading=\"lazy\" hcb-fetch-image-from=\"https:\/\/youtu.be\/I6JjRSPllBs?si=2eiYIMHo2IOdxPur\" title=\"Lernen zwischen Himmel und Erde\" width=\"720\" height=\"405\" src=\"https:\/\/www.youtube.com\/embed\/I6JjRSPllBs?feature=oembed\" frameborder=\"0\" allow=\"accelerometer; autoplay; clipboard-write; encrypted-media; gyroscope; picture-in-picture; web-share\" referrerpolicy=\"strict-origin-when-cross-origin\" allowfullscreen><\/iframe>\n<\/div><\/figure>\n<style>.wp-block-kadence-advancedheading.kt-adv-heading2756_cb2892-32, .wp-block-kadence-advancedheading.kt-adv-heading2756_cb2892-32[data-kb-block=\"kb-adv-heading2756_cb2892-32\"]{font-style:normal;}.wp-block-kadence-advancedheading.kt-adv-heading2756_cb2892-32 mark.kt-highlight, .wp-block-kadence-advancedheading.kt-adv-heading2756_cb2892-32[data-kb-block=\"kb-adv-heading2756_cb2892-32\"] mark.kt-highlight{font-style:normal;color:#f76a0c;-webkit-box-decoration-break:clone;box-decoration-break:clone;padding-top:0px;padding-right:0px;padding-bottom:0px;padding-left:0px;}.wp-block-kadence-advancedheading.kt-adv-heading2756_cb2892-32 img.kb-inline-image, .wp-block-kadence-advancedheading.kt-adv-heading2756_cb2892-32[data-kb-block=\"kb-adv-heading2756_cb2892-32\"] img.kb-inline-image{width:150px;vertical-align:baseline;}<\/style>\n<h3 class=\"kt-adv-heading2756_cb2892-32 wp-block-kadence-advancedheading\" data-kb-block=\"kb-adv-heading2756_cb2892-32\">Requisitos para la educaci\u00f3n experiencial en parques de escalada<\/h3>\n\n<h2 class=\"wp-block-heading\">Declaraci\u00f3n de consentimiento<\/h2>\n\n<p>El uso del equipo de seguridad proporcionado y la asistencia a la sesi\u00f3n informativa de seguridad son requisitos previos para las actividades. Por lo general, debe presentarse previamente una declaraci\u00f3n de consentimiento (firmada por los tutores legales en el caso de los menores). Por supuesto, tambi\u00e9n deben cumplirse los dem\u00e1s requisitos del parque de escalada en cuanto a edad m\u00ednima, altura m\u00ednima y peso m\u00e1ximo.  <\/p>\n<style>.wp-block-kadence-advancedheading.kt-adv-heading2756_18368a-c2, .wp-block-kadence-advancedheading.kt-adv-heading2756_18368a-c2[data-kb-block=\"kb-adv-heading2756_18368a-c2\"]{font-style:normal;}.wp-block-kadence-advancedheading.kt-adv-heading2756_18368a-c2 mark.kt-highlight, .wp-block-kadence-advancedheading.kt-adv-heading2756_18368a-c2[data-kb-block=\"kb-adv-heading2756_18368a-c2\"] mark.kt-highlight{font-style:normal;color:#f76a0c;-webkit-box-decoration-break:clone;box-decoration-break:clone;padding-top:0px;padding-right:0px;padding-bottom:0px;padding-left:0px;}.wp-block-kadence-advancedheading.kt-adv-heading2756_18368a-c2 img.kb-inline-image, .wp-block-kadence-advancedheading.kt-adv-heading2756_18368a-c2[data-kb-block=\"kb-adv-heading2756_18368a-c2\"] img.kb-inline-image{width:150px;vertical-align:baseline;}<\/style>\n<h2 class=\"kt-adv-heading2756_18368a-c2 wp-block-kadence-advancedheading\" data-kb-block=\"kb-adv-heading2756_18368a-c2\">C\u00f3mo afrontar el miedo a las alturas en parques de escalada y cursos de cuerdas altas<\/h2>\n<style>.wp-block-kadence-advancedheading.kt-adv-heading2756_1fb3d7-a0, .wp-block-kadence-advancedheading.kt-adv-heading2756_1fb3d7-a0[data-kb-block=\"kb-adv-heading2756_1fb3d7-a0\"]{font-style:normal;}.wp-block-kadence-advancedheading.kt-adv-heading2756_1fb3d7-a0 mark.kt-highlight, .wp-block-kadence-advancedheading.kt-adv-heading2756_1fb3d7-a0[data-kb-block=\"kb-adv-heading2756_1fb3d7-a0\"] mark.kt-highlight{font-style:normal;color:#f76a0c;-webkit-box-decoration-break:clone;box-decoration-break:clone;padding-top:0px;padding-right:0px;padding-bottom:0px;padding-left:0px;}.wp-block-kadence-advancedheading.kt-adv-heading2756_1fb3d7-a0 img.kb-inline-image, .wp-block-kadence-advancedheading.kt-adv-heading2756_1fb3d7-a0[data-kb-block=\"kb-adv-heading2756_1fb3d7-a0\"] img.kb-inline-image{width:150px;vertical-align:baseline;}<\/style>\n<h3 class=\"kt-adv-heading2756_1fb3d7-a0 wp-block-kadence-advancedheading\" data-kb-block=\"kb-adv-heading2756_1fb3d7-a0\">Comprender y superar el miedo a las alturas<\/h3>\n\n<p>El miedo a las alturas, o acrofobia, es un miedo muy extendido que puede ser especialmente notable en los parques de escalada. Es importante comprender que el miedo a las alturas puede superarse, sobre todo en un entorno controlado como un parque de escalada, donde la seguridad es primordial.<\/p>\n<style>.wp-block-kadence-advancedheading.kt-adv-heading2756_cdfbc0-17, .wp-block-kadence-advancedheading.kt-adv-heading2756_cdfbc0-17[data-kb-block=\"kb-adv-heading2756_cdfbc0-17\"]{font-style:normal;}.wp-block-kadence-advancedheading.kt-adv-heading2756_cdfbc0-17 mark.kt-highlight, .wp-block-kadence-advancedheading.kt-adv-heading2756_cdfbc0-17[data-kb-block=\"kb-adv-heading2756_cdfbc0-17\"] mark.kt-highlight{font-style:normal;color:#f76a0c;-webkit-box-decoration-break:clone;box-decoration-break:clone;padding-top:0px;padding-right:0px;padding-bottom:0px;padding-left:0px;}.wp-block-kadence-advancedheading.kt-adv-heading2756_cdfbc0-17 img.kb-inline-image, .wp-block-kadence-advancedheading.kt-adv-heading2756_cdfbc0-17[data-kb-block=\"kb-adv-heading2756_cdfbc0-17\"] img.kb-inline-image{width:150px;vertical-align:baseline;}<\/style>\n<h3 class=\"kt-adv-heading2756_cdfbc0-17 wp-block-kadence-advancedheading\" data-kb-block=\"kb-adv-heading2756_cdfbc0-17\">Miedo a las alturas en el parque de escalada: un enfoque paso a paso<\/h3>\n\n<p>Empieza con recorridos m\u00e1s bajos y f\u00e1ciles para acostumbrarte poco a poco a la altura. Los parques de escalada suelen ofrecer distintos niveles de dificultad, lo que te permite superar el miedo a tu propio ritmo. Los supervisores de los parques de escalada est\u00e1n formados para ayudarte y ofrecerte apoyo si lo necesitas.<\/p>\n<style>.wp-block-kadence-advancedheading.kt-adv-heading2756_3dd746-4f, .wp-block-kadence-advancedheading.kt-adv-heading2756_3dd746-4f[data-kb-block=\"kb-adv-heading2756_3dd746-4f\"]{font-style:normal;}.wp-block-kadence-advancedheading.kt-adv-heading2756_3dd746-4f mark.kt-highlight, .wp-block-kadence-advancedheading.kt-adv-heading2756_3dd746-4f[data-kb-block=\"kb-adv-heading2756_3dd746-4f\"] mark.kt-highlight{font-style:normal;color:#f76a0c;-webkit-box-decoration-break:clone;box-decoration-break:clone;padding-top:0px;padding-right:0px;padding-bottom:0px;padding-left:0px;}.wp-block-kadence-advancedheading.kt-adv-heading2756_3dd746-4f img.kb-inline-image, .wp-block-kadence-advancedheading.kt-adv-heading2756_3dd746-4f[data-kb-block=\"kb-adv-heading2756_3dd746-4f\"] img.kb-inline-image{width:150px;vertical-align:baseline;}<\/style>\n<h3 class=\"kt-adv-heading2756_3dd746-4f wp-block-kadence-advancedheading\" data-kb-block=\"kb-adv-heading2756_3dd746-4f\">Instructores y ayudantes en parques de escalada: un apoyo indispensable<\/h3>\n\n<p><strong>El papel de los supervisores<\/strong> y socorristas <strong>en los<\/strong> parques de escalada<strong>:<\/strong><br\/>Los supervisores y socorristas de los parques de escalada no s\u00f3lo son responsables de tu seguridad, sino tambi\u00e9n de que vivas una experiencia positiva y enriquecedora. Est\u00e1n especialmente formados para proporcionar orientaci\u00f3n, comprobar el equipo de seguridad y ofrecer apoyo y \u00e1nimo cuando sea necesario.<\/p>\n\n<p><br\/>S<strong>eguridad y supervisi\u00f3n en el parque de escalada:<\/strong> La<a href=\"https:\/\/walderlebnispfade.de\/es\/seguridad-en-parques-de-escalada-y-cursos-de-cuerdas-altas\/\" data-type=\"post\" data-id=\"2761\">seguridad <\/a>en los parques de escalada est\u00e1 garantizada por normas estrictas y la supervisi\u00f3n constante de personal profesional. Antes de empezar a escalar, recibir\u00e1s una sesi\u00f3n informativa exhaustiva para asegurarte de que utilizas el equipo correctamente y comprendes las normas de seguridad.<\/p>\n<style>.wp-block-kadence-advancedheading.kt-adv-heading2756_6a560f-3f, .wp-block-kadence-advancedheading.kt-adv-heading2756_6a560f-3f[data-kb-block=\"kb-adv-heading2756_6a560f-3f\"]{font-style:normal;}.wp-block-kadence-advancedheading.kt-adv-heading2756_6a560f-3f mark.kt-highlight, .wp-block-kadence-advancedheading.kt-adv-heading2756_6a560f-3f[data-kb-block=\"kb-adv-heading2756_6a560f-3f\"] mark.kt-highlight{font-style:normal;color:#f76a0c;-webkit-box-decoration-break:clone;box-decoration-break:clone;padding-top:0px;padding-right:0px;padding-bottom:0px;padding-left:0px;}.wp-block-kadence-advancedheading.kt-adv-heading2756_6a560f-3f img.kb-inline-image, .wp-block-kadence-advancedheading.kt-adv-heading2756_6a560f-3f[data-kb-block=\"kb-adv-heading2756_6a560f-3f\"] img.kb-inline-image{width:150px;vertical-align:baseline;}<\/style>\n<h2 class=\"kt-adv-heading2756_6a560f-3f wp-block-kadence-advancedheading\" data-kb-block=\"kb-adv-heading2756_6a560f-3f\">Conclusi\u00f3n: Los parques de escalada como plataforma de crecimiento y comunidad<\/h2>\n\n<p>Los parques de escalada y los cursos de cuerdas altas ofrecen mucho m\u00e1s que actividad f\u00edsica. Son entornos \u00fanicos donde puedes desarrollar importantes habilidades para la vida, superar miedos y experimentar un fuerte sentido de comunidad. Tanto si escalas solo, con amigos o como parte de una prueba por equipos, las experiencias que vives en un parque de escalada pueden cambiarte la vida.<\/p>\n\n<p>Aprovecha la oportunidad de enfrentarte a nuevos retos, superar tus l\u00edmites y crear recuerdos inolvidables. Una visita a un parque de escalada no s\u00f3lo ofrece diversi\u00f3n y aventura, sino tambi\u00e9n la oportunidad de crecer y aprender en un entorno de apoyo. Empaca tu sentido de la aventura y descubre las muchas oportunidades que ofrecen los parques de escalada y los cursos de cuerdas altas para el desarrollo personal y el trabajo en equipo.<\/p>\n<style>.kadence-column2756_7cede2-8e > .kt-inside-inner-col{display:flex;}.kadence-column2756_7cede2-8e > .kt-inside-inner-col{padding-top:var(--global-kb-spacing-xs, 1rem);padding-right:var(--global-kb-spacing-xs, 1rem);padding-bottom:var(--global-kb-spacing-xs, 1rem);padding-left:var(--global-kb-spacing-xs, 1rem);}.kadence-column2756_7cede2-8e > .kt-inside-inner-col{box-shadow:0px 0px 14px 0px rgba(0, 0, 0, 0.2);}.kadence-column2756_7cede2-8e > .kt-inside-inner-col,.kadence-column2756_7cede2-8e > .kt-inside-inner-col:before{border-top-left-radius:0px;border-top-right-radius:0px;border-bottom-right-radius:0px;border-bottom-left-radius:0px;}.kadence-column2756_7cede2-8e > .kt-inside-inner-col{column-gap:var(--global-kb-gap-sm, 1rem);}.kadence-column2756_7cede2-8e > .kt-inside-inner-col{flex-direction:column;align-items:center;}.kadence-column2756_7cede2-8e > .kt-inside-inner-col > .kb-image-is-ratio-size{align-self:stretch;}.kadence-column2756_7cede2-8e > .kt-inside-inner-col > .wp-block-kadence-advancedgallery{align-self:stretch;}.kadence-column2756_7cede2-8e > .kt-inside-inner-col > .aligncenter{width:100%;}.kadence-column2756_7cede2-8e > .kt-inside-inner-col{background-color:var(--global-palette8, #F7FAFC);}.kadence-column2756_7cede2-8e > .kt-inside-inner-col:before{opacity:0.3;}.kadence-column2756_7cede2-8e{position:relative;}@media all and (max-width: 1024px){.kadence-column2756_7cede2-8e > .kt-inside-inner-col{flex-direction:column;justify-content:center;align-items:center;}}@media all and (max-width: 767px){.kadence-column2756_7cede2-8e > .kt-inside-inner-col{flex-direction:column;justify-content:center;align-items:center;}}<\/style>\n<div class=\"wp-block-kadence-column kadence-column2756_7cede2-8e\"><div class=\"kt-inside-inner-col\">\n<p class=\"has-text-align-center\">\u00bfQu\u00e9 te ha parecido mi art\u00edculo sobre la educaci\u00f3n experiencial? \u00a1Por favor, d\u00e9jame una valoraci\u00f3n! <br\/>  Nos ayudas a nosotros y a otros amantes de la naturaleza. Muchas gracias \ud83d\ude42 \u00a1!<\/p>\n\n\n\n<div class=\"wp-block-yet-another-stars-rating-visitor-votes aligncenter yasr-vv-block\"><\/div>\n\n\n\n<p>Tambi\u00e9n puedes encontrar todas las dem\u00e1s categor\u00edas en la <a href=\"https:\/\/walderlebnispfade.de\/es\/experiencias-forestales\/\" data-type=\"page\" data-id=\"228\">b\u00fasqueda de experiencia<\/a>.<\/p>\n<\/div><\/div>\n\n<hr class=\"wp-block-separator has-alpha-channel-opacity\" style=\"margin-top:var(--wp--preset--spacing--50);margin-bottom:var(--wp--preset--spacing--50)\"\/>\n<div style=\"padding-top:var(--wp--preset--spacing--30);padding-bottom:var(--wp--preset--spacing--30);padding-left:var(--wp--preset--spacing--30);padding-right:var(--wp--preset--spacing--30);\" class=\"wp-block-post-author has-background has-theme-palette-7-background-color has-medium-font-size\"><div class=\"wp-block-post-author__avatar\"><img alt='Moni' src='https:\/\/walderlebnispfade.de\/wp-content\/uploads\/2025\/01\/cropped-Moni-Profil-96x96.jpg' srcset='https:\/\/walderlebnispfade.de\/wp-content\/uploads\/2025\/01\/cropped-Moni-Profil-192x192.jpg 2x' class='avatar avatar-96 photo' height='96' width='96' \/><\/div><div class=\"wp-block-post-author__content\"><p class=\"wp-block-post-author__byline\">\u00dcber die Autorin<\/p><p class=\"wp-block-post-author__name\">Moni<\/p><p class=\"wp-block-post-author__bio\">Ich bin seit vielen Jahren begeisterter Outdoor-Fan und m\u00f6chte meine Erfahrungen \u00fcber tolle Erlebnisse in Deutschland und Europa der letzten Jahre hier mit Dir teilen. \r\n\r\nEgal ob Klettern, Wandern oder einfach nur die Natur genie\u00dfen, es gibt so viele tolle M\u00f6glichkeiten seine Zeit im Freien zu verbringen. Sicher ist auch f\u00fcr Dich etwas in der Sammlung unserer Walderlebnisse dabei.<\/p><\/div><\/div>\n<hr class=\"wp-block-separator has-alpha-channel-opacity\" style=\"margin-top:var(--wp--preset--spacing--50);margin-bottom:var(--wp--preset--spacing--50)\"\/>\n<style>.wp-block-kadence-advancedheading.kt-adv-heading2756_0af669-35, .wp-block-kadence-advancedheading.kt-adv-heading2756_0af669-35[data-kb-block=\"kb-adv-heading2756_0af669-35\"]{font-style:normal;}.wp-block-kadence-advancedheading.kt-adv-heading2756_0af669-35 mark.kt-highlight, .wp-block-kadence-advancedheading.kt-adv-heading2756_0af669-35[data-kb-block=\"kb-adv-heading2756_0af669-35\"] mark.kt-highlight{font-style:normal;color:#f76a0c;-webkit-box-decoration-break:clone;box-decoration-break:clone;padding-top:0px;padding-right:0px;padding-bottom:0px;padding-left:0px;}.wp-block-kadence-advancedheading.kt-adv-heading2756_0af669-35 img.kb-inline-image, .wp-block-kadence-advancedheading.kt-adv-heading2756_0af669-35[data-kb-block=\"kb-adv-heading2756_0af669-35\"] img.kb-inline-image{width:150px;vertical-align:baseline;}<\/style>\n<h2 class=\"kt-adv-heading2756_0af669-35 wp-block-kadence-advancedheading\" data-kb-block=\"kb-adv-heading2756_0af669-35\">FAQ \u2013 Preguntas m\u00e1s frecuentes<\/h2>\n<div id=\"rank-math-faq\" class=\"rank-math-block\">\n<div class=\"rank-math-list \">\n<div id=\"faq-question-1722359108780\" class=\"rank-math-list-item\">\n<h3 class=\"rank-math-question \">\u00bfQu\u00e9 es la educaci\u00f3n experiencial?<\/h3>\n<div class=\"rank-math-answer \">\n\n<p>La educaci\u00f3n experiencial es un concepto educativo que fomenta las habilidades sociales, la confianza en uno mismo y el trabajo en equipo mediante experiencias pr\u00e1cticas y aventuras en la naturaleza. Los objetivos incluyen reforzar la confianza en uno mismo, fomentar el trabajo en equipo y la comunicaci\u00f3n, mejorar la capacidad para resolver problemas y desarrollar el sentido de la responsabilidad. <\/p>\n\n<\/div>\n<\/div>\n<div id=\"faq-question-1722359117833\" class=\"rank-math-list-item\">\n<h3 class=\"rank-math-question \">\u00bfC\u00f3mo se aplica la educaci\u00f3n experiencial en los parques de escalada?<\/h3>\n<div class=\"rank-math-answer \">\n\n<p>En los parques de escalada, la educaci\u00f3n experiencial se lleva a cabo mediante actividades guiadas como escalada, cursos de cuerdas altas, tareas en equipo y ejercicios de resoluci\u00f3n de problemas destinados a desarrollar habilidades personales y sociales. La duraci\u00f3n de los programas puede variar, desde unas pocas horas hasta eventos de varios d\u00edas, dependiendo de los objetivos y necesidades espec\u00edficos del grupo. <\/p>\n\n<\/div>\n<\/div>\n<div id=\"faq-question-1722359132836\" class=\"rank-math-list-item\">\n<h3 class=\"rank-math-question \">\u00bfQu\u00e9 grupos de edad se benefician de los programas de educaci\u00f3n de aventura en los parques de escalada?<\/h3>\n<div class=\"rank-math-answer \">\n\n<p>Los programas de educaci\u00f3n experiencial en parques de escalada son adecuados para todos los grupos de edad, desde ni\u00f1os y adolescentes hasta adultos. Los programas se adaptan a los respectivos niveles de edad y capacidad. Mediante estas actividades se pueden fomentar habilidades como la confianza en uno mismo, la capacidad de recuperaci\u00f3n, la voluntad de cooperar, la capacidad de resolver problemas y la conciencia de la propia responsabilidad.  <\/p>\n\n<\/div>\n<\/div>\n<div id=\"faq-question-1722359187034\" class=\"rank-math-list-item\">\n<h3 class=\"rank-math-question \">\u00bfQu\u00e9 ventajas ofrecen a las escuelas los programas de educaci\u00f3n de aventura en los parques de escalada?<\/h3>\n<div class=\"rank-math-answer \">\n\n<p>Para los centros escolares, estos programas ofrecen un valioso complemento a la ense\u00f1anza tradicional, ya que fomentan el aprendizaje pr\u00e1ctico y brindan a los alumnos la oportunidad de desarrollar sus habilidades sociales en un entorno natural.<\/p>\n\n<\/div>\n<\/div>\n<\/div>\n<\/div>\n<p><\/p>\n","protected":false},"excerpt":{"rendered":"<p>\u00bfBuscas una aventura que no s\u00f3lo desaf\u00ede a tu cuerpo, sino tambi\u00e9n a tu mente? Los parques de escalada y los cursos de cuerdas altas ofrecen algo m\u00e1s que actividades&#8230;<\/p>\n","protected":false},"author":2,"featured_media":5703,"comment_status":"open","ping_status":"open","sticky":false,"template":"","format":"standard","meta":{"_kad_blocks_custom_css":"","_kad_blocks_head_custom_js":"","_kad_blocks_body_custom_js":"","_kad_blocks_footer_custom_js":"","_kad_post_transparent":"","_kad_post_title":"","_kad_post_layout":"","_kad_post_sidebar_id":"","_kad_post_content_style":"","_kad_post_vertical_padding":"","_kad_post_feature":"","_kad_post_feature_position":"","_kad_post_header":false,"_kad_post_footer":false,"_kad_post_classname":"","yasr_overall_rating":0,"yasr_post_is_review":"","yasr_auto_insert_disabled":"","yasr_review_type":"BlogPosting","footnotes":""},"categories":[57],"tags":[],"class_list":["post-4000","post","type-post","status-publish","format-standard","has-post-thumbnail","hentry","category-infos-es"],"yasr_visitor_votes":{"stars_attributes":{"read_only":false,"span_bottom":false},"number_of_votes":0,"sum_votes":0},"taxonomy_info":{"category":[{"value":57,"label":"Infos"}]},"featured_image_src_large":["https:\/\/walderlebnispfade.de\/wp-content\/uploads\/2024\/04\/Erlebnispaedagogik.jpg",1024,576,false],"author_info":{"display_name":"Moni","author_link":"https:\/\/walderlebnispfade.de\/es\/author\/moni\/"},"comment_info":0,"category_info":[{"term_id":57,"name":"Infos","slug":"infos-es","term_group":0,"term_taxonomy_id":57,"taxonomy":"category","description":"","parent":0,"count":11,"filter":"raw","cat_ID":57,"category_count":11,"category_description":"","cat_name":"Infos","category_nicename":"infos-es","category_parent":0}],"tag_info":false,"_links":{"self":[{"href":"https:\/\/walderlebnispfade.de\/es\/wp-json\/wp\/v2\/posts\/4000","targetHints":{"allow":["GET"]}}],"collection":[{"href":"https:\/\/walderlebnispfade.de\/es\/wp-json\/wp\/v2\/posts"}],"about":[{"href":"https:\/\/walderlebnispfade.de\/es\/wp-json\/wp\/v2\/types\/post"}],"author":[{"embeddable":true,"href":"https:\/\/walderlebnispfade.de\/es\/wp-json\/wp\/v2\/users\/2"}],"replies":[{"embeddable":true,"href":"https:\/\/walderlebnispfade.de\/es\/wp-json\/wp\/v2\/comments?post=4000"}],"version-history":[{"count":8,"href":"https:\/\/walderlebnispfade.de\/es\/wp-json\/wp\/v2\/posts\/4000\/revisions"}],"predecessor-version":[{"id":7880,"href":"https:\/\/walderlebnispfade.de\/es\/wp-json\/wp\/v2\/posts\/4000\/revisions\/7880"}],"wp:featuredmedia":[{"embeddable":true,"href":"https:\/\/walderlebnispfade.de\/es\/wp-json\/wp\/v2\/media\/5703"}],"wp:attachment":[{"href":"https:\/\/walderlebnispfade.de\/es\/wp-json\/wp\/v2\/media?parent=4000"}],"wp:term":[{"taxonomy":"category","embeddable":true,"href":"https:\/\/walderlebnispfade.de\/es\/wp-json\/wp\/v2\/categories?post=4000"},{"taxonomy":"post_tag","embeddable":true,"href":"https:\/\/walderlebnispfade.de\/es\/wp-json\/wp\/v2\/tags?post=4000"}],"curies":[{"name":"wp","href":"https:\/\/api.w.org\/{rel}","templated":true}]}}