{"id":50,"date":"2024-03-02T23:58:47","date_gmt":"2024-03-02T22:58:47","guid":{"rendered":"https:\/\/walderlebnispfade.de\/geschichte-der-kletterparks\/"},"modified":"2026-04-21T21:25:10","modified_gmt":"2026-04-21T19:25:10","slug":"geschichte-der-kletterparks","status":"publish","type":"post","link":"https:\/\/walderlebnispfade.de\/es\/geschichte-der-kletterparks\/","title":{"rendered":"La historia de los parques de escalada en Alemania y Europa"},"content":{"rendered":"\n<p><strong>La historia de los parques de escalada y los recorridos de cuerdas altas en Europa es una historia llena de aventura, innovaci\u00f3n y desarrollo educativo. Lo que en su d\u00eda comenz\u00f3 como un m\u00e9todo de entrenamiento militar se ha convertido en una popular actividad de ocio que atrae y desaf\u00eda a personas de todas las edades. Estas instalaciones no son s\u00f3lo lugares para la emoci\u00f3n y los retos f\u00edsicos, sino tambi\u00e9n espacios para el crecimiento personal, el trabajo en equipo y la vivencia de la naturaleza.<\/strong><\/p>\n<style>.kb-table-of-content-nav.kb-table-of-content-id28_d79315-5c .kb-table-of-content-wrap{padding-top:var(--global-kb-spacing-sm, 1.5rem);padding-right:var(--global-kb-spacing-sm, 1.5rem);padding-bottom:var(--global-kb-spacing-sm, 1.5rem);padding-left:var(--global-kb-spacing-sm, 1.5rem);background-color:var(--global-palette8, #F7FAFC);box-shadow:inset 0px 0px 14px 0px rgba(0, 0, 0, 0.2);}.kb-table-of-content-nav.kb-table-of-content-id28_d79315-5c .kb-table-of-contents-title-wrap{padding-top:0px;padding-right:0px;padding-bottom:0px;padding-left:0px;}.kb-table-of-content-nav.kb-table-of-content-id28_d79315-5c .kb-table-of-contents-title{font-weight:regular;font-style:normal;}.kb-table-of-content-nav.kb-table-of-content-id28_d79315-5c .kb-table-of-content-wrap .kb-table-of-content-list{font-weight:regular;font-style:normal;margin-top:var(--global-kb-spacing-sm, 1.5rem);margin-right:0px;margin-bottom:0px;margin-left:0px;}.kb-table-of-content-nav.kb-table-of-content-id28_d79315-5c .kb-toggle-icon-style-basiccircle .kb-table-of-contents-icon-trigger:after, .kb-table-of-content-nav.kb-table-of-content-id28_d79315-5c .kb-toggle-icon-style-basiccircle .kb-table-of-contents-icon-trigger:before, .kb-table-of-content-nav.kb-table-of-content-id28_d79315-5c .kb-toggle-icon-style-arrowcircle .kb-table-of-contents-icon-trigger:after, .kb-table-of-content-nav.kb-table-of-content-id28_d79315-5c .kb-toggle-icon-style-arrowcircle .kb-table-of-contents-icon-trigger:before, .kb-table-of-content-nav.kb-table-of-content-id28_d79315-5c .kb-toggle-icon-style-xclosecircle .kb-table-of-contents-icon-trigger:after, .kb-table-of-content-nav.kb-table-of-content-id28_d79315-5c .kb-toggle-icon-style-xclosecircle .kb-table-of-contents-icon-trigger:before{background-color:var(--global-palette8, #F7FAFC);}<\/style>\n<h2 class=\"wp-block-heading\"><strong>Las ra\u00edces hist\u00f3ricas: de Francia a Gran Breta\u00f1a<\/strong><\/h2>\n\n<p>La historia de los parques de escalada comienza en la Francia del siglo XIX. Los primeros bosques de escalada, que se crearon hacia 1875, se utilizaban principalmente para hacer ejercicio f\u00edsico. Estas primeras instalaciones estaban muy lejos de los dise\u00f1os aventureros actuales y se centraban en retos b\u00e1sicos de escalada. Durante la Segunda Guerra Mundial, estas instalaciones encontraron un nuevo papel en Gran Breta\u00f1a como parte del entrenamiento militar para mejorar la forma f\u00edsica y la destreza de los soldados.<\/p>\n\n<h2 class=\"wp-block-heading\"><strong>Kurt Hahn y la revoluci\u00f3n pedag\u00f3gica<\/strong><\/h2>\n\n<p>Un punto de inflexi\u00f3n decisivo en la historia de los parques de escalada fue <a href=\"https:\/\/de.wikipedia.org\/wiki\/Kurt_Hahn\" target=\"_blank\" rel=\"noreferrer noopener\">Kurt Hahn<\/a>, pedagogo alem\u00e1n que introdujo el concepto de los recorridos de cuerdas en la pr\u00e1ctica educativa en Inglaterra en la d\u00e9cada de 1940. Con la fundaci\u00f3n de las Escuelas Outward Bound, Hahn sent\u00f3 las bases para el uso de los cursos de cuerdas como herramienta de desarrollo personal y formaci\u00f3n de equipos. Esta idea se extendi\u00f3 r\u00e1pidamente m\u00e1s all\u00e1 de las fronteras de Europa y fue especialmente popular en EEUU, donde se convirti\u00f3 en un elemento central de la educaci\u00f3n al aire libre en la d\u00e9cada de 1960.<\/p>\n\n<p><strong>Puedes leer sobre esto en <a href=\"https:\/\/de.wikipedia.org\/wiki\/Kurt_Hahn\" target=\"_blank\" data-type=\"link\" data-id=\"https:\/\/de.wikipedia.org\/wiki\/Kurt_Hahn\" rel=\"noreferrer noopener\">Wikipedia <\/a>:  <\/strong><\/p>\n\n<p>\u00abEn sus <em>siete Leyes de Salem<\/em>, Kurt Hahn formul\u00f3 su concepto educativo hol\u00edstico, que pretend\u00eda impartir mucho m\u00e1s que conocimientos acad\u00e9micos a los alumnos de las instituciones que fund\u00f3. A\u00fan hoy, estos preceptos constituyen la base de la educaci\u00f3n en los internados <a href=\"https:\/\/de.wikipedia.org\/wiki\/Schule_Schloss_Salem\" target=\"_blank\" rel=\"noopener\">Schule Schloss Salem<\/a> y <a href=\"https:\/\/de.wikipedia.org\/wiki\/Gordonstoun\" target=\"_blank\" rel=\"noopener\">Gordonstoun<\/a>, as\u00ed como en <a href=\"https:\/\/de.wikipedia.org\/wiki\/United_World_Colleges\" target=\"_blank\" rel=\"noopener\">los Colegios del Mundo Unido (CMU<\/a> ): <\/p>\n\n<ol class=\"wp-block-list\">\n<li>Da a los ni\u00f1os la oportunidad de descubrirse a s\u00ed mismos.<\/li>\n\n\n\n<li>Deja que los ni\u00f1os experimenten el triunfo y la derrota.<\/li>\n\n\n\n<li>Da a los ni\u00f1os la oportunidad de entregarse a la causa com\u00fan.<\/li>\n\n\n\n<li>Garantiza tiempos de silencio.<\/li>\n\n\n\n<li>Ejercita la imaginaci\u00f3n.<\/li>\n\n\n\n<li>Deja que las competiciones desempe\u00f1en un papel importante, pero no dominante.<\/li>\n\n\n\n<li>Libera a los hijos e hijas de padres ricos y poderosos del \u201cenervante\u201d (= desapegado y ciego ante la realidad) sentimiento de privilegio\u00bb.<\/li>\n<\/ol>\n\n<blockquote class=\"wp-block-quote is-layout-flow wp-block-quote-is-layout-flow\">\n<p>\u00abEn la escalada, como en la vida, a menudo encontramos el mayor \u00e9xito m\u00e1s all\u00e1 de nuestra zona de confort\u00bb.<\/p>\n<cite>Moni<\/cite><\/blockquote>\n\n<h2 class=\"wp-block-heading\"><strong>Del uso militar al ocio civil<\/strong><\/h2>\n\n<p>Con el final de la Guerra Fr\u00eda y las necesidades cambiantes de la sociedad, los parques de escalada empezaron a alejarse de sus ra\u00edces militares y a abrirse a un p\u00fablico m\u00e1s amplio. La d\u00e9cada de 1990 marc\u00f3 el comienzo de una nueva era en la historia de los parques de escalada y los recorridos de cuerdas altas, que ahora se dise\u00f1aban cada vez m\u00e1s como instalaciones de ocio para el p\u00fablico en general. Este desarrollo se ha acelerado a\u00fan m\u00e1s por la creciente tendencia a las actividades al aire libre y el deseo de nuevas y emocionantes opciones de ocio.<\/p>\n<style>.kb-image28_693e74-c2 .kb-image-has-overlay:after{opacity:0.3;}<\/style>\n<div class=\"wp-block-kadence-image kb-image28_693e74-c2\"><figure class=\"aligncenter size-full\"><img loading=\"lazy\" decoding=\"async\" width=\"1024\" height=\"576\" src=\"https:\/\/walderlebnispfade.de\/wp-content\/uploads\/2024\/03\/Geschichte_der_Kletterparks.jpg\" alt=\"Geschichte der Kletterparks\" class=\"kb-img wp-image-6036\" srcset=\"https:\/\/walderlebnispfade.de\/wp-content\/uploads\/2024\/03\/Geschichte_der_Kletterparks.jpg 1024w, https:\/\/walderlebnispfade.de\/wp-content\/uploads\/2024\/03\/Geschichte_der_Kletterparks-300x169.jpg 300w, https:\/\/walderlebnispfade.de\/wp-content\/uploads\/2024\/03\/Geschichte_der_Kletterparks-768x432.jpg 768w\" sizes=\"auto, (max-width: 1024px) 100vw, 1024px\" \/><\/figure><\/div>\n\n<h2 class=\"wp-block-heading\"><strong>El papel de la tecnolog\u00eda y la seguridad<\/strong><\/h2>\n\n<p>A medida que aumentaba la popularidad de los parques de escalada, tambi\u00e9n lo hac\u00edan los requisitos de <a href=\"https:\/\/walderlebnispfade.de\/es\/seguridad-en-parques-de-escalada-y-cursos-de-cuerdas-altas\/\" data-type=\"post\" data-id=\"2761\">seguridad <\/a>y tecnolog\u00eda. La introducci\u00f3n de sistemas de aseguramiento innovadores, como el sistema de aseguramiento continuo, revolucion\u00f3 el sector al mejorar significativamente la seguridad de los participantes, al tiempo que hac\u00eda que la experiencia de la escalada fuera m\u00e1s aut\u00e9ntica y desafiante. Organizaciones como la <a href=\"https:\/\/www.erca.uk\/index.php\/de\/\" target=\"_blank\" rel=\"noopener\">Asociaci\u00f3n Europea de Circuitos de Cuerdas (ERCA<\/a> ) y la <a href=\"https:\/\/iapa.cc\/\" data-type=\"link\" data-id=\"https:\/\/iapa.cc\/\" target=\"_blank\" rel=\"noopener\">Asociaci\u00f3n Internacional de Parques de Aventura (IAPA)<\/a> desempe\u00f1an un papel clave en el desarrollo de normas y programas de formaci\u00f3n que garanticen la calidad y seguridad de las instalaciones.<\/p>\n\n<h2 class=\"wp-block-heading\"><strong>La diversidad de los actuales parques de escalada y cursos de cuerdas altas<\/strong><\/h2>\n\n<p>Hoy en d\u00eda, en Europa existe una impresionante variedad de parques de escalada y recorridos de cuerdas altas, que abarca desde parques de aventura urbanos hasta amplios recorridos de cuerdas en el bosque. Estas instalaciones ofrecen una amplia gama de retos, desde circuitos sencillos para principiantes y ni\u00f1os hasta rutas exigentes para escaladores experimentados. Adem\u00e1s del desaf\u00edo f\u00edsico, muchos parques dan gran importancia a la integraci\u00f3n en el entorno natural y a la protecci\u00f3n del medio ambiente, utilizando m\u00e9todos y materiales de construcci\u00f3n sostenibles y modificando lo menos posible el paisaje natural.  <\/p>\n\n<h2 class=\"wp-block-heading\"><strong>Conceptos pedag\u00f3gicos y formaci\u00f3n de equipos<\/strong><\/h2>\n\n<p>Adem\u00e1s del aspecto l\u00fadico, los conceptos educativos desempe\u00f1an un papel central en los parques de escalada modernos. Muchas instalaciones ofrecen <a href=\"https:\/\/walderlebnispfade.de\/es\/educacion-experiencial-en-parques-de-escalada\/\" data-type=\"post\" data-id=\"2756\">programas especiales<\/a> para colegios, empresas y otros grupos, orientados al trabajo en equipo, la comunicaci\u00f3n y el desarrollo personal. Estos programas utilizan los retos y experiencias \u00fanicos que ofrecen los parques de escalada para ense\u00f1ar importantes habilidades para la vida y aumentar la confianza de los participantes en s\u00ed mismos.<\/p>\n\n<h3 class=\"wp-block-heading\">V\u00eddeo: Por miedo a las alturas: terapia en el circuito de cuerdas altas<\/h3>\n\n<figure class=\"wp-block-embed is-type-video is-provider-youtube wp-block-embed-youtube wp-embed-aspect-16-9 wp-has-aspect-ratio\"><div class=\"wp-block-embed__wrapper\">\n<iframe loading=\"lazy\" hcb-fetch-image-from=\"https:\/\/youtu.be\/564mEtVmmgU?si=3Hnjv2bEpakcq2Jw\" title=\"Bei H\u00f6henangst: Therapie im Hochseilgarten\" width=\"720\" height=\"405\" src=\"https:\/\/www.youtube.com\/embed\/564mEtVmmgU?feature=oembed\" frameborder=\"0\" allow=\"accelerometer; autoplay; clipboard-write; encrypted-media; gyroscope; picture-in-picture; web-share\" referrerpolicy=\"strict-origin-when-cross-origin\" allowfullscreen><\/iframe>\n<\/div><\/figure>\n\n<h3 class=\"wp-block-heading\"><strong>Perspectivas y tendencias futuras<\/strong><\/h3>\n\n<p>El futuro de los parques de escalada y los cursos de cuerdas altas parece prometedor, con una innovaci\u00f3n constante y nuevos conceptos que hacen que la experiencia sea a\u00fan m\u00e1s envolvente, segura y accesible. Tendencias como la realidad virtual (RV) y la realidad aumentada (RA) podr\u00edan difuminar a\u00fan m\u00e1s los l\u00edmites entre las experiencias de aventura f\u00edsicas y digitales, mientras que los enfoques sostenibles y ecol\u00f3gicos pasan cada vez m\u00e1s a primer plano.<\/p>\n\n<h2 class=\"wp-block-heading\"><strong>Conclusi\u00f3n: Algo m\u00e1s que una aventura<\/strong><\/h2>\n\n<p><a href=\"https:\/\/walderlebnispfade.de\/es\/experiencias-forestales\/\" data-type=\"page\" data-id=\"228\">Los parques de escalada y los recorridos de cuerdas altas<\/a> en Europa han evolucionado desde sus humildes comienzos hasta convertirse en instalaciones complejas, diversas y de gran valor educativo. No s\u00f3lo ofrecen emocionantes aventuras y desaf\u00edos f\u00edsicos, sino tambi\u00e9n valiosas experiencias de aprendizaje y la oportunidad de experimentar la naturaleza desde una nueva perspectiva. Con su rica historia, sus constantes innovaciones y su compromiso con la seguridad y la educaci\u00f3n, los parques de escalada y los recorridos de cuerdas altas siguen siendo una parte esencial del paisaje de ocio europeo.<\/p>\n<style>.kadence-column28_df4567-ce > .kt-inside-inner-col{display:flex;}.kadence-column28_df4567-ce > .kt-inside-inner-col{padding-top:var(--global-kb-spacing-xs, 1rem);padding-right:var(--global-kb-spacing-xs, 1rem);padding-bottom:var(--global-kb-spacing-xs, 1rem);padding-left:var(--global-kb-spacing-xs, 1rem);}.kadence-column28_df4567-ce > .kt-inside-inner-col{box-shadow:0px 0px 14px 0px rgba(0, 0, 0, 0.2);}.kadence-column28_df4567-ce > .kt-inside-inner-col,.kadence-column28_df4567-ce > .kt-inside-inner-col:before{border-top-left-radius:0px;border-top-right-radius:0px;border-bottom-right-radius:0px;border-bottom-left-radius:0px;}.kadence-column28_df4567-ce > .kt-inside-inner-col{column-gap:var(--global-kb-gap-sm, 1rem);}.kadence-column28_df4567-ce > .kt-inside-inner-col{flex-direction:column;align-items:center;}.kadence-column28_df4567-ce > .kt-inside-inner-col > .kb-image-is-ratio-size{align-self:stretch;}.kadence-column28_df4567-ce > .kt-inside-inner-col > .wp-block-kadence-advancedgallery{align-self:stretch;}.kadence-column28_df4567-ce > .kt-inside-inner-col > .aligncenter{width:100%;}.kadence-column28_df4567-ce > .kt-inside-inner-col{background-color:var(--global-palette8, #F7FAFC);}.kadence-column28_df4567-ce > .kt-inside-inner-col:before{opacity:0.3;}.kadence-column28_df4567-ce{position:relative;}@media all and (max-width: 1024px){.kadence-column28_df4567-ce > .kt-inside-inner-col{flex-direction:column;justify-content:center;align-items:center;}}@media all and (max-width: 767px){.kadence-column28_df4567-ce > .kt-inside-inner-col{flex-direction:column;justify-content:center;align-items:center;}}<\/style>\n<div class=\"wp-block-kadence-column kadence-column28_df4567-ce\"><div class=\"kt-inside-inner-col\">\n<p class=\"has-text-align-center\">\u00bfTe ha gustado mi art\u00edculo sobre la historia de los parques de escalada? Entonces, por favor, d\u00e9jame una rese\u00f1a.   <br\/>Nos ayudas a nosotros y a otros amantes de la naturaleza. Muchas gracias \ud83d\ude42 \u00a1!<\/p>\n\n\n\n<div class=\"wp-block-yet-another-stars-rating-visitor-votes aligncenter yasr-vv-block\"><\/div>\n\n\n\n<p>Tambi\u00e9n puedes encontrar todas las dem\u00e1s categor\u00edas en la <a href=\"https:\/\/walderlebnispfade.de\/es\/experiencias-forestales\/\" data-type=\"page\" data-id=\"228\">b\u00fasqueda de experiencia<\/a>.<\/p>\n<\/div><\/div>\n\n<h3 class=\"wp-block-heading\">Resumen cronol\u00f3gico de la historia de los jardines trepadores<\/h3>\n\n<figure class=\"wp-block-table\"><table><tbody><tr><td><strong>1875<\/strong><\/td><td><strong>Los comienzos en Francia<\/strong><\/td><\/tr><tr><td><\/td><td>Los primeros bosques de escalada se construyen en Francia, principalmente para hacer ejercicio f\u00edsico.<\/td><\/tr><tr><td><strong>1941<\/strong><\/td><td><strong>Kurt Hahn y la revoluci\u00f3n pedag\u00f3gica<\/strong><\/td><\/tr><tr><td><\/td><td>Kurt Hahn funda las Escuelas Outward Bound en Inglaterra e integra cursos de cuerdas como parte del programa educativo.<\/td><\/tr><tr><td><strong>1960s<\/strong><\/td><td><strong>Distribuci\u00f3n en EE.UU.<\/strong><\/td><\/tr><tr><td><\/td><td>Los cursos de cuerdas se est\u00e1n convirtiendo en un elemento central de la educaci\u00f3n al aire libre en EEUU.<\/td><\/tr><tr><td><strong>1990s<\/strong><\/td><td><strong>Transici\u00f3n al uso civil<\/strong><\/td><\/tr><tr><td><\/td><td>Los parques de escalada y los recorridos de cuerdas altas se est\u00e1n abriendo a un p\u00fablico m\u00e1s amplio y se dise\u00f1an cada vez m\u00e1s como instalaciones de ocio.<\/td><\/tr><tr><td><strong>2000s<\/strong><\/td><td><strong>Desarrollo tur\u00edstico y educativo<\/strong><\/td><\/tr><tr><td><\/td><td>Desarrollo de <a href=\"https:\/\/walderlebnispfade.de\/es\/experiencias-forestales\/\" data-type=\"page\" data-id=\"228\">bosques de escalada y parques de aventura<\/a> centrados en el uso tur\u00edstico y los programas educativos.<\/td><\/tr><tr><td><strong>1998<\/strong><\/td><td><strong>Fundaci\u00f3n de la ERCA<\/strong><\/td><\/tr><tr><td><\/td><td>La <a href=\"https:\/\/www.erca.uk\/index.php\/de\/\" target=\"_blank\" rel=\"noreferrer noopener\">Asociaci\u00f3n Europea de Circuitos de Cuerdas (ERCA)<\/a> se fund\u00f3 para desarrollar normas de seguridad y calidad. La ERCA representa a instructores europeos, constructores de recorridos de cuerdas y organizaciones que gestionan recorridos de cuerdas temporales, m\u00f3viles y fijos. La junta directiva y los grupos de trabajo representan los intereses de todos los miembros y promueven el desarrollo profesional de los cursos de cuerdas.  <\/td><\/tr><tr><td><strong>2007<\/strong><\/td><td><strong>Fundaci\u00f3n de la SIP<\/strong><\/td><\/tr><tr><td><\/td><td>La <a href=\"https:\/\/iapa.cc\/\" target=\"_blank\" rel=\"noreferrer noopener\">Asociaci\u00f3n Internacional de Par ques de Aventura (IAPA)<\/a> se cre\u00f3 para promover el desarrollo y la seguridad de los parques de aventura en todo el mundo. La SIP es la organizaci\u00f3n que agrupa a los parques de aventura y los cursos de cuerdas altas.<\/td><\/tr><tr><td><strong>2010s<\/strong><\/td><td><strong>Innovaciones y seguridad<\/strong><\/td><\/tr><tr><td><\/td><td>Introducci\u00f3n de <a href=\"https:\/\/walderlebnispfade.de\/es\/seguridad-en-parques-de-escalada-y-cursos-de-cuerdas-altas\/\" data-type=\"post\" data-id=\"2761\">sistemas y normas de seguridad innovadores<\/a> que mejoren la seguridad y la experiencia en los parques de escalada.<\/td><\/tr><\/tbody><\/table><figcaption class=\"wp-element-caption\">Panorama del desarrollo de los jardines de escalada y los recorridos de cuerdas altas<\/figcaption><\/figure>\n\n<hr class=\"wp-block-separator has-alpha-channel-opacity\" style=\"margin-top:var(--wp--preset--spacing--50);margin-bottom:var(--wp--preset--spacing--50)\"\/>\n<div style=\"padding-top:var(--wp--preset--spacing--30);padding-bottom:var(--wp--preset--spacing--30);padding-left:var(--wp--preset--spacing--30);padding-right:var(--wp--preset--spacing--30);\" class=\"wp-block-post-author has-background has-theme-palette-7-background-color has-medium-font-size\"><div class=\"wp-block-post-author__avatar\"><img alt='Moni' src='https:\/\/walderlebnispfade.de\/wp-content\/uploads\/2025\/01\/cropped-Moni-Profil-96x96.jpg' srcset='https:\/\/walderlebnispfade.de\/wp-content\/uploads\/2025\/01\/cropped-Moni-Profil-192x192.jpg 2x' class='avatar avatar-96 photo' height='96' width='96' \/><\/div><div class=\"wp-block-post-author__content\"><p class=\"wp-block-post-author__byline\">\u00dcber die Autorin<\/p><p class=\"wp-block-post-author__name\">Moni<\/p><p class=\"wp-block-post-author__bio\">Ich bin seit vielen Jahren begeisterter Outdoor-Fan und m\u00f6chte meine Erfahrungen \u00fcber tolle Erlebnisse in Deutschland und Europa der letzten Jahre hier mit Dir teilen. \r\n\r\nEgal ob Klettern, Wandern oder einfach nur die Natur genie\u00dfen, es gibt so viele tolle M\u00f6glichkeiten seine Zeit im Freien zu verbringen. Sicher ist auch f\u00fcr Dich etwas in der Sammlung unserer Walderlebnisse dabei.<\/p><\/div><\/div>\n<hr class=\"wp-block-separator has-alpha-channel-opacity\" style=\"margin-top:var(--wp--preset--spacing--50);margin-bottom:var(--wp--preset--spacing--50)\"\/>\n\n<p><\/p>\n","protected":false},"excerpt":{"rendered":"<p>La historia de los parques de escalada y los recorridos de cuerdas altas en Europa es una historia llena de aventura, innovaci\u00f3n y desarrollo educativo. Lo que en su d\u00eda&#8230;<\/p>\n","protected":false},"author":2,"featured_media":296,"comment_status":"closed","ping_status":"closed","sticky":false,"template":"","format":"standard","meta":{"_kad_blocks_custom_css":"","_kad_blocks_head_custom_js":"","_kad_blocks_body_custom_js":"","_kad_blocks_footer_custom_js":"","_kad_post_transparent":"","_kad_post_title":"","_kad_post_layout":"","_kad_post_sidebar_id":"","_kad_post_content_style":"","_kad_post_vertical_padding":"","_kad_post_feature":"","_kad_post_feature_position":"","_kad_post_header":false,"_kad_post_footer":false,"_kad_post_classname":"","yasr_overall_rating":0,"yasr_post_is_review":"","yasr_auto_insert_disabled":"","yasr_review_type":"","footnotes":""},"categories":[57],"tags":[],"class_list":["post-50","post","type-post","status-publish","format-standard","has-post-thumbnail","hentry","category-infos-es"],"yasr_visitor_votes":{"stars_attributes":{"read_only":false,"span_bottom":false},"number_of_votes":0,"sum_votes":0},"taxonomy_info":{"category":[{"value":57,"label":"Infos"}]},"featured_image_src_large":["https:\/\/walderlebnispfade.de\/wp-content\/uploads\/2024\/03\/Baumwipfel.jpg",1024,683,false],"author_info":{"display_name":"Moni","author_link":"https:\/\/walderlebnispfade.de\/es\/author\/moni\/"},"comment_info":0,"category_info":[{"term_id":57,"name":"Infos","slug":"infos-es","term_group":0,"term_taxonomy_id":57,"taxonomy":"category","description":"","parent":0,"count":11,"filter":"raw","cat_ID":57,"category_count":11,"category_description":"","cat_name":"Infos","category_nicename":"infos-es","category_parent":0}],"tag_info":false,"_links":{"self":[{"href":"https:\/\/walderlebnispfade.de\/es\/wp-json\/wp\/v2\/posts\/50","targetHints":{"allow":["GET"]}}],"collection":[{"href":"https:\/\/walderlebnispfade.de\/es\/wp-json\/wp\/v2\/posts"}],"about":[{"href":"https:\/\/walderlebnispfade.de\/es\/wp-json\/wp\/v2\/types\/post"}],"author":[{"embeddable":true,"href":"https:\/\/walderlebnispfade.de\/es\/wp-json\/wp\/v2\/users\/2"}],"replies":[{"embeddable":true,"href":"https:\/\/walderlebnispfade.de\/es\/wp-json\/wp\/v2\/comments?post=50"}],"version-history":[{"count":16,"href":"https:\/\/walderlebnispfade.de\/es\/wp-json\/wp\/v2\/posts\/50\/revisions"}],"predecessor-version":[{"id":7849,"href":"https:\/\/walderlebnispfade.de\/es\/wp-json\/wp\/v2\/posts\/50\/revisions\/7849"}],"wp:featuredmedia":[{"embeddable":true,"href":"https:\/\/walderlebnispfade.de\/es\/wp-json\/wp\/v2\/media\/296"}],"wp:attachment":[{"href":"https:\/\/walderlebnispfade.de\/es\/wp-json\/wp\/v2\/media?parent=50"}],"wp:term":[{"taxonomy":"category","embeddable":true,"href":"https:\/\/walderlebnispfade.de\/es\/wp-json\/wp\/v2\/categories?post=50"},{"taxonomy":"post_tag","embeddable":true,"href":"https:\/\/walderlebnispfade.de\/es\/wp-json\/wp\/v2\/tags?post=50"}],"curies":[{"name":"wp","href":"https:\/\/api.w.org\/{rel}","templated":true}]}}