{"id":6222,"date":"2025-02-01T20:44:00","date_gmt":"2025-02-01T19:44:00","guid":{"rendered":"https:\/\/walderlebnispfade.de\/informe-de-experiencia-bosque-de-escalada-de-sayn\/"},"modified":"2025-10-30T16:59:29","modified_gmt":"2025-10-30T15:59:29","slug":"informe-de-experiencia-bosque-de-escalada-de-sayn","status":"publish","type":"post","link":"https:\/\/walderlebnispfade.de\/es\/informe-de-experiencia-bosque-de-escalada-de-sayn\/","title":{"rendered":"Informe de experiencia Bosque de escalada de Sayn"},"content":{"rendered":"\n<p>En septiembre, decidimos pasar unas vacaciones de bienestar en el <a href=\"https:\/\/www.zugbruecke.de\/\" data-type=\"link\" data-id=\"https:\/\/www.zugbruecke.de\/\" target=\"_blank\" rel=\"noreferrer noopener\">Hotel Zugbr\u00fccke<\/a> de Grenzau. La peque\u00f1a ciudad de Grenzau se encuentra en el extremo superior del valle del Brexbach. El Freiraum Kletterwald Sayn est\u00e1 en el fondo del valle. As\u00ed que aprovechamos para hacer escalada y senderismo.    Me gustar\u00eda compartir nuestras experiencias contigo.<\/p>\n\n<p>Brexbachtal tambi\u00e9n alberga uno de los mayores campamentos scouts de Alemania, con casi 10.000 pernoctaciones al a\u00f1o. Hay 27 prados de acampada de distintos tama\u00f1os con chimeneas permanentes y tres casas permanentes para grupos de 10 a 25 personas. Supongo que, por ello, el parque de escalada est\u00e1 muy concurrido durante las vacaciones de verano.  <\/p>\n<style>.kb-image6111_897307-6a .kb-image-has-overlay:after{opacity:0.3;}<\/style>\n<div class=\"wp-block-kadence-image kb-image6111_897307-6a\"><figure class=\"aligncenter size-large\"><img loading=\"lazy\" decoding=\"async\" width=\"1024\" height=\"667\" src=\"https:\/\/walderlebnispfade.de\/wp-content\/uploads\/2025\/02\/Kletterpark_Sayn-19-1024x667.jpg\" alt=\"\" class=\"kb-img wp-image-6184\" srcset=\"https:\/\/walderlebnispfade.de\/wp-content\/uploads\/2025\/02\/Kletterpark_Sayn-19-1024x667.jpg 1024w, https:\/\/walderlebnispfade.de\/wp-content\/uploads\/2025\/02\/Kletterpark_Sayn-19-300x195.jpg 300w, https:\/\/walderlebnispfade.de\/wp-content\/uploads\/2025\/02\/Kletterpark_Sayn-19-768x500.jpg 768w, https:\/\/walderlebnispfade.de\/wp-content\/uploads\/2025\/02\/Kletterpark_Sayn-19.jpg 1280w\" sizes=\"auto, (max-width: 1024px) 100vw, 1024px\" \/><figcaption>Vista sobre el valle del Brexbach hasta la llanura del Rin<\/figcaption><\/figure><\/div>\n\n<p>El bosque de escalada de Sayn est\u00e1 gestionado por el Grupo Freiraum, que tambi\u00e9n gestiona los bosques de escalada de Hennef, Freisch\u00fctz y el parque de los volcanes. Puedes reservar tres o cinco horas de escalada. Tambi\u00e9n hay un paquete especial para fiestas de cumplea\u00f1os infantiles. Si lo deseas, puedes reservar una mesa en la zona de picnic para acompa\u00f1antes.   <\/p>\n\n<h2 class=\"wp-block-heading\">Informaci\u00f3n general sobre el bosque de escalada de Sayn<\/h2>\n\n<p>El parque de escalada est\u00e1 situado en medio del bosque, por lo que tienes que caminar unos cientos de metros hasta \u00e9l despu\u00e9s de llegar en coche. Eso no deber\u00eda ser un problema para quien quiera escalar. Importante: Debes<g id=\"gid_0\"> <g id=\"gid_1\">reservar<\/g><\/g> tus plazas en l\u00ednea antes de viajar. Puedes pagar in situ en efectivo, con tarjeta EC o con tarjeta de cr\u00e9dito. Puedes conseguir una llave de taquilla por un dep\u00f3sito de 5 euros.   <\/p>\n\n<p>Despu\u00e9s de pagar y guardar la mochila, fuimos a la sesi\u00f3n informativa. El personal fue muy amable y no se dej\u00f3 amilanar por unos ni\u00f1os especialmente gru\u00f1ones. La ayuda para colocarse el arn\u00e9s de seguridad y la explicaci\u00f3n del sistema de seguridad Smart-Belay fueron muy profesionales. Como con este moderno sistema de seguridad s\u00f3lo se puede abrir un mosquet\u00f3n a la vez, es pr\u00e1cticamente imposible desenganchar completamente las cuerdas de seguridad por accidente.   <\/p>\n\n<p>Se explicaron y demostraron las t\u00e9cnicas m\u00e1s importantes en un breve curso de formaci\u00f3n. Despu\u00e9s, cada uno puede explorar el bosque de escalada por su cuenta. Los respectivos requisitos de acceso en cuanto a edad, estatura y altura de agarre requerida, as\u00ed como el nivel de dificultad de cada recorrido, est\u00e1n bien descritos. Los gu\u00edas se mueven constantemente por el parque y velan por el cumplimiento de las normas. Durante nuestra visita, un grupo hizo caso omiso de los sem\u00e1foros en la tirolina del Canyon Express a pesar de que se le hab\u00edan dado instrucciones y estaban claramente se\u00f1alizados. La escalada termin\u00f3 entonces para ellos.     <\/p>\n\n<h3 class=\"wp-block-heading\">Horario de apertura 2025<\/h3>\n<style>.kb-image6111_30a9b1-a9 .kb-image-has-overlay:after{opacity:0.3;}<\/style>\n<div class=\"wp-block-kadence-image kb-image6111_30a9b1-a9\"><figure class=\"aligncenter size-large\"><img loading=\"lazy\" decoding=\"async\" width=\"1024\" height=\"791\" src=\"https:\/\/walderlebnispfade.de\/wp-content\/uploads\/2025\/02\/Oeffnungszeiten_Sayn_2025-1024x791.jpg\" alt=\"Horario de apertura del bosque de escalada de Sayn en 2025\" class=\"kb-img wp-image-6192\" srcset=\"https:\/\/walderlebnispfade.de\/wp-content\/uploads\/2025\/02\/Oeffnungszeiten_Sayn_2025-1024x791.jpg 1024w, https:\/\/walderlebnispfade.de\/wp-content\/uploads\/2025\/02\/Oeffnungszeiten_Sayn_2025-300x232.jpg 300w, https:\/\/walderlebnispfade.de\/wp-content\/uploads\/2025\/02\/Oeffnungszeiten_Sayn_2025-768x594.jpg 768w, https:\/\/walderlebnispfade.de\/wp-content\/uploads\/2025\/02\/Oeffnungszeiten_Sayn_2025.jpg 1136w\" sizes=\"auto, (max-width: 1024px) 100vw, 1024px\" \/><figcaption>Fuente: Freiraum Kletterwald Sayn<\/figcaption><\/figure><\/div>\n\n<h2 class=\"wp-block-heading\">Los cursos del bosque de escalada de Sayn<\/h2>\n\n<p>El bosque de escalada ofrece recorridos para todas las edades y niveles de dificultad. Para los m\u00e1s peque\u00f1os, est\u00e1 la Takka-Tukka-Land con el recorrido para ni\u00f1os peque\u00f1os. Los ni\u00f1os a partir de 1 metro de altura pueden escalar aqu\u00ed con un simple arn\u00e9s. Algunos de los recorridos para principiantes tambi\u00e9n son adecuados para ni\u00f1os a partir de 6 a\u00f1os. Sin embargo, la altura m\u00ednima de agarre para los ni\u00f1os debe ser de 1,60 metros y deben poder manejarse con el sistema Smart-Belay. Hay un total de 5 recorridos para principiantes con una altura m\u00e1xima de 5 metros:     <\/p>\n\n<ul class=\"wp-block-list\">\n<li>Hunsr\u00fcck (muy f\u00e1cil, 1 m de altura)<\/li>\n\n\n\n<li>Eifel (muy f\u00e1cil, 1m de altura)<\/li>\n\n\n\n<li>Ardenas (f\u00e1cil, 3 m de altura)<\/li>\n\n\n\n<li>Monta\u00f1as de Mineral (muy f\u00e1cil, 3-4m de altura)<\/li>\n\n\n\n<li>Fichtelgebirge (muy f\u00e1cil, 3-4 m de altura)<\/li>\n<\/ul>\n\n<p>Los recorridos de ascenso con alturas de hasta 10 metros se dividen como sigue:<\/p>\n\n<ul class=\"wp-block-list\">\n<li>Pirineos (media, 3-5 m de altitud)<\/li>\n\n\n\n<li>Alpes (media, 4-6 m de altura)<\/li>\n\n\n\n<li>Borneo (f\u00e1cil, 3-10 m de altura)<\/li>\n<\/ul>\n\n<p>Por si fuera poco, puedes poner a prueba y superar tus l\u00edmites en el circuito de alto vuelo:<\/p>\n\n<ul class=\"wp-block-list\">\n<li>Kilimanjaro (dificultad media, 4-11 m de altura)<\/li>\n\n\n\n<li>Monta\u00f1as Rocosas (3-15 m de altura)<\/li>\n\n\n\n<li>Andes (muy pesados, 4-12 m de altura)<\/li>\n\n\n\n<li>Himalaya (extremadamente dif\u00edcil, 7-20 m de altura)<\/li>\n<\/ul>\n\n<p>El bosque de escalada de Sayn ofrece los recorridos Canyon Express (medio, 6-15 m de altura) y Eiger Express (medio, 6-18 m de altura) con sus largas tirolinas como recorridos especiales. Tambi\u00e9n existe el recorrido en pareja Zweigebirge (altura media de 10 m) con obst\u00e1culos especiales. S\u00f3lo se pueden superar en equipo.  <\/p>\n<style>.kb-row-layout-id6111_e7fe6e-db > .kt-row-column-wrap{align-content:start;}:where(.kb-row-layout-id6111_e7fe6e-db > .kt-row-column-wrap) > .wp-block-kadence-column{justify-content:start;}.kb-row-layout-id6111_e7fe6e-db > .kt-row-column-wrap{column-gap:var(--global-kb-gap-md, 2rem);row-gap:var(--global-kb-gap-md, 2rem);max-width:var( --global-content-width, 1280px );padding-left:var(--global-content-edge-padding);padding-right:var(--global-content-edge-padding);padding-top:var(--global-kb-spacing-sm, 1.5rem);padding-bottom:var(--global-kb-spacing-sm, 1.5rem);grid-template-columns:minmax(0, 1fr);}.kb-row-layout-id6111_e7fe6e-db > .kt-row-layout-overlay{opacity:0.30;}@media all and (max-width: 1024px){.kb-row-layout-id6111_e7fe6e-db > .kt-row-column-wrap{grid-template-columns:minmax(0, 1fr);}}@media all and (max-width: 767px){.kb-row-layout-id6111_e7fe6e-db > .kt-row-column-wrap{grid-template-columns:minmax(0, 1fr);}}<\/style><div class=\"kb-row-layout-wrap kb-row-layout-id6111_e7fe6e-db alignnone wp-block-kadence-rowlayout\"><div class=\"kt-row-column-wrap kt-has-1-columns kt-row-layout-equal kt-tab-layout-inherit kt-mobile-layout-row kt-row-valign-top kb-theme-content-width\">\n<style>.kadence-column6111_9a36ae-1d > .kt-inside-inner-col,.kadence-column6111_9a36ae-1d > .kt-inside-inner-col:before{border-top-left-radius:0px;border-top-right-radius:0px;border-bottom-right-radius:0px;border-bottom-left-radius:0px;}.kadence-column6111_9a36ae-1d > .kt-inside-inner-col{column-gap:var(--global-kb-gap-sm, 1rem);}.kadence-column6111_9a36ae-1d > .kt-inside-inner-col{flex-direction:column;}.kadence-column6111_9a36ae-1d > .kt-inside-inner-col > .aligncenter{width:100%;}.kadence-column6111_9a36ae-1d > .kt-inside-inner-col:before{opacity:0.3;}.kadence-column6111_9a36ae-1d{position:relative;}@media all and (max-width: 1024px){.kadence-column6111_9a36ae-1d > .kt-inside-inner-col{flex-direction:column;justify-content:center;}}@media all and (max-width: 767px){.kadence-column6111_9a36ae-1d > .kt-inside-inner-col{flex-direction:column;justify-content:center;}}<\/style>\n<div class=\"wp-block-kadence-column kadence-column6111_9a36ae-1d\"><div class=\"kt-inside-inner-col\">\n<div class=\"tb-image-slider\" data-toolset-blocks-image-slider=\"b024a6c204b1301da2efb34d1e10dec7\"><div class=\"tb-image-slider--carousel tb-image-slider--crop glide\" data-glide-number-slides=\"3\"><div class=\"glide__view\"><img decoding=\"async\" width=\"960\" height=\"1280\" loading=\"lazy\" class=\"wp-image-6176\" src=\"https:\/\/walderlebnispfade.de\/wp-content\/uploads\/2025\/02\/Kletterpark_Sayn-17.jpg\" alt=\"Bild eines Parcours des Kletterwaldes Sayn\" data-id=\"6176\" tabindex=\"0\" srcset=\"https:\/\/walderlebnispfade.de\/wp-content\/uploads\/2025\/02\/Kletterpark_Sayn-17.jpg 960w, https:\/\/walderlebnispfade.de\/wp-content\/uploads\/2025\/02\/Kletterpark_Sayn-17-225x300.jpg 225w, https:\/\/walderlebnispfade.de\/wp-content\/uploads\/2025\/02\/Kletterpark_Sayn-17-768x1024.jpg 768w\" sizes=\"auto, (max-width: 960px) 100vw, 960px\" \/><div class=\"glide__arrows\" data-glide-el=\"controls\"><button class=\"glide__arrow glide__arrow--left\" data-glide-dir=\"&lt;\"><span class=\"tb-slider-left-arrow\"><\/span><\/button><button class=\"glide__arrow glide__arrow--right\" data-glide-dir=\"&gt;\"><span class=\"tb-slider-right-arrow\"><\/span><\/button><\/div><\/div><div class=\"glide__track\" data-glide-el=\"track\"><ul class=\"glide__slides\"><li class=\"glide__slide\"><img decoding=\"async\" width=\"960\" height=\"1280\" loading=\"lazy\" class=\"wp-image-6176\" src=\"https:\/\/walderlebnispfade.de\/wp-content\/uploads\/2025\/02\/Kletterpark_Sayn-17.jpg\" alt=\"Bild eines Parcours des Kletterwaldes Sayn\" data-id=\"6176\" tabindex=\"0\" srcset=\"https:\/\/walderlebnispfade.de\/wp-content\/uploads\/2025\/02\/Kletterpark_Sayn-17.jpg 960w, https:\/\/walderlebnispfade.de\/wp-content\/uploads\/2025\/02\/Kletterpark_Sayn-17-225x300.jpg 225w, https:\/\/walderlebnispfade.de\/wp-content\/uploads\/2025\/02\/Kletterpark_Sayn-17-768x1024.jpg 768w\" sizes=\"auto, (max-width: 960px) 100vw, 960px\" \/><\/li><li class=\"glide__slide\"><img decoding=\"async\" width=\"960\" height=\"1280\" loading=\"lazy\" class=\"wp-image-6164\" src=\"https:\/\/walderlebnispfade.de\/wp-content\/uploads\/2025\/02\/Kletterpark_Sayn-14.jpg\" alt=\"Bild eines Parcours des Kletterwaldes Bendorf Sayn\" data-id=\"6164\" tabindex=\"0\" srcset=\"https:\/\/walderlebnispfade.de\/wp-content\/uploads\/2025\/02\/Kletterpark_Sayn-14.jpg 960w, https:\/\/walderlebnispfade.de\/wp-content\/uploads\/2025\/02\/Kletterpark_Sayn-14-225x300.jpg 225w, https:\/\/walderlebnispfade.de\/wp-content\/uploads\/2025\/02\/Kletterpark_Sayn-14-768x1024.jpg 768w\" sizes=\"auto, (max-width: 960px) 100vw, 960px\" \/><\/li><li class=\"glide__slide\"><img decoding=\"async\" width=\"960\" height=\"1280\" loading=\"lazy\" class=\"wp-image-6132\" src=\"https:\/\/walderlebnispfade.de\/wp-content\/uploads\/2025\/02\/Kletterpark_Sayn-6.jpg\" alt=\"\" data-id=\"6132\" tabindex=\"0\" srcset=\"https:\/\/walderlebnispfade.de\/wp-content\/uploads\/2025\/02\/Kletterpark_Sayn-6.jpg 960w, https:\/\/walderlebnispfade.de\/wp-content\/uploads\/2025\/02\/Kletterpark_Sayn-6-225x300.jpg 225w, https:\/\/walderlebnispfade.de\/wp-content\/uploads\/2025\/02\/Kletterpark_Sayn-6-768x1024.jpg 768w\" sizes=\"auto, (max-width: 960px) 100vw, 960px\" \/><\/li><li class=\"glide__slide\"><img decoding=\"async\" width=\"960\" height=\"1280\" loading=\"lazy\" class=\"wp-image-6156\" src=\"https:\/\/walderlebnispfade.de\/wp-content\/uploads\/2025\/02\/Kletterpark_Sayn-12.jpg\" alt=\"Bild eines Parcours des Kletterwaldes Sayn\" data-id=\"6156\" tabindex=\"0\" srcset=\"https:\/\/walderlebnispfade.de\/wp-content\/uploads\/2025\/02\/Kletterpark_Sayn-12.jpg 960w, https:\/\/walderlebnispfade.de\/wp-content\/uploads\/2025\/02\/Kletterpark_Sayn-12-225x300.jpg 225w, https:\/\/walderlebnispfade.de\/wp-content\/uploads\/2025\/02\/Kletterpark_Sayn-12-768x1024.jpg 768w\" sizes=\"auto, (max-width: 960px) 100vw, 960px\" \/><\/li><li class=\"glide__slide\"><img decoding=\"async\" width=\"960\" height=\"1280\" loading=\"lazy\" class=\"wp-image-6160\" src=\"https:\/\/walderlebnispfade.de\/wp-content\/uploads\/2025\/02\/Kletterpark_Sayn-13.jpg\" alt=\"Bild eines Parcours des Kletterparks Sayn\" data-id=\"6160\" tabindex=\"0\" srcset=\"https:\/\/walderlebnispfade.de\/wp-content\/uploads\/2025\/02\/Kletterpark_Sayn-13.jpg 960w, https:\/\/walderlebnispfade.de\/wp-content\/uploads\/2025\/02\/Kletterpark_Sayn-13-225x300.jpg 225w, https:\/\/walderlebnispfade.de\/wp-content\/uploads\/2025\/02\/Kletterpark_Sayn-13-768x1024.jpg 768w\" sizes=\"auto, (max-width: 960px) 100vw, 960px\" \/><\/li><li class=\"glide__slide\"><img decoding=\"async\" width=\"918\" height=\"1280\" loading=\"lazy\" class=\"wp-image-6116\" src=\"https:\/\/walderlebnispfade.de\/wp-content\/uploads\/2025\/02\/Kletterpark_Sayn-2.jpg\" alt=\"Bild mit den Wegeweisern zu den Parcours im Kletterpark.\" data-id=\"6116\" tabindex=\"0\" srcset=\"https:\/\/walderlebnispfade.de\/wp-content\/uploads\/2025\/02\/Kletterpark_Sayn-2.jpg 918w, https:\/\/walderlebnispfade.de\/wp-content\/uploads\/2025\/02\/Kletterpark_Sayn-2-215x300.jpg 215w, https:\/\/walderlebnispfade.de\/wp-content\/uploads\/2025\/02\/Kletterpark_Sayn-2-734x1024.jpg 734w, https:\/\/walderlebnispfade.de\/wp-content\/uploads\/2025\/02\/Kletterpark_Sayn-2-768x1071.jpg 768w\" sizes=\"auto, (max-width: 918px) 100vw, 918px\" \/><\/li><\/ul><\/div><\/div><\/div>\n<\/div><\/div>\n\n<\/div><\/div>\n<h2 class=\"wp-block-heading\">Conclusi\u00f3n sobre el parque de escalada de Sayn<\/h2>\n\n<p>Si necesitas un descanso, puedes relajarte en la zona de picnic y observar c\u00f3mo suben los dem\u00e1s mientras disfrutas de una bebida fresca y un tentempi\u00e9. Hay un quiosco, pero tambi\u00e9n se permite el autoabastecimiento. Escalamos un total de seis rutas y nos divertimos mucho. Nos impresion\u00f3 especialmente la variedad de las estaciones: Puentes flotantes, redes tambaleantes, toboganes de cuerda y elementos de equilibrio proporcionaban mucha variedad. El subid\u00f3n de adrenalina estaba garantizado cuando probamos suerte en los recorridos m\u00e1s altos, con una vista fant\u00e1stica como recompensa. No notamos nada negativo durante toda nuestra estancia y podemos recomendar el bosque de escalada Sayn sin reservas. Si buscas m\u00e1s aventuras, echa un vistazo a nuestra <a href=\"https:\/\/walderlebnispfade.de\/es\/experiencias-forestales\/\" data-type=\"page\" data-id=\"228\">b\u00fasqueda de aventuras<\/a>.      <\/p>\n\n<h3 class=\"wp-block-heading\">V\u00eddeo del bosque de escalada de Sayn, cerca de Bendorf \/ Neuwied<\/h3>\n\n<figure class=\"wp-block-embed is-type-video is-provider-youtube wp-block-embed-youtube wp-embed-aspect-16-9 wp-has-aspect-ratio\"><div class=\"wp-block-embed__wrapper\">\n<iframe loading=\"lazy\" hcb-fetch-image-from=\"https:\/\/youtu.be\/3-QzzvTGPko?si=6vW34VOPdAVdfI0u\" title=\"Erlebnisbericht Kletterwald Bendorf Sayn\" width=\"720\" height=\"405\" src=\"https:\/\/www.youtube.com\/embed\/3-QzzvTGPko?feature=oembed\" frameborder=\"0\" allow=\"accelerometer; autoplay; clipboard-write; encrypted-media; gyroscope; picture-in-picture; web-share\" referrerpolicy=\"strict-origin-when-cross-origin\" allowfullscreen><\/iframe>\n<\/div><\/figure>\n\n<h2 class=\"wp-block-heading\">Datos de contacto del Freiraum Kletterwald Sayn<\/h2>\n\n<p><br\/><br\/><br\/><br\/>Bosque de escalada de Sayn Im Brexbachtal 56170 Bendorf \/ Sayn Tel.: 02622-9869260 Email: info@freiraum-erlebnis.de<\/p>\n\n<figure class=\"wp-block-embed is-type-wp-embed is-provider-freiraum-kletterwald-sayn wp-block-embed-freiraum-kletterwald-sayn\"><div class=\"wp-block-embed__wrapper\">\n<blockquote hcb-fetch-image-from=\"https:\/\/kletterwald-sayn.de\/\" class=\"wp-embedded-content\" data-secret=\"VMwJdiQXTH\"><a href=\"https:\/\/kletterwald-sayn.de\/\" target=\"_blank\" rel=\"noopener\">Der Kletterwald<\/a><\/blockquote><iframe loading=\"lazy\" class=\"wp-embedded-content\" sandbox=\"allow-scripts\" security=\"restricted\" style=\"position: absolute; visibility: hidden;\" title=\"&#8222;Der Kletterwald&#8220; &#8212; Freiraum Kletterwald Sayn\" src=\"https:\/\/kletterwald-sayn.de\/embed\/#?secret=D5rlc4QwLo#?secret=VMwJdiQXTH\" data-secret=\"VMwJdiQXTH\" width=\"600\" height=\"338\" frameborder=\"0\" marginwidth=\"0\" marginheight=\"0\" scrolling=\"no\"><\/iframe>\n<\/div><\/figure>\n\n<p><\/p>\n","protected":false},"excerpt":{"rendered":"<p>En septiembre, decidimos pasar unas vacaciones de bienestar en el Hotel Zugbr\u00fccke de Grenzau. La peque\u00f1a ciudad de Grenzau se encuentra en el extremo superior del valle del Brexbach. El&#8230;<\/p>\n","protected":false},"author":2,"featured_media":6203,"comment_status":"open","ping_status":"open","sticky":false,"template":"","format":"standard","meta":{"_kad_blocks_custom_css":"","_kad_blocks_head_custom_js":"","_kad_blocks_body_custom_js":"","_kad_blocks_footer_custom_js":"","_kad_post_transparent":"","_kad_post_title":"","_kad_post_layout":"","_kad_post_sidebar_id":"","_kad_post_content_style":"","_kad_post_vertical_padding":"","_kad_post_feature":"","_kad_post_feature_position":"","_kad_post_header":false,"_kad_post_footer":false,"_kad_post_classname":"","yasr_overall_rating":0,"yasr_post_is_review":"","yasr_auto_insert_disabled":"","yasr_review_type":"","footnotes":""},"categories":[116],"tags":[211],"class_list":["post-6222","post","type-post","status-publish","format-standard","has-post-thumbnail","hentry","category-erlebnisberichte-es","tag-informe-de-campo"],"yasr_visitor_votes":{"stars_attributes":{"read_only":false,"span_bottom":false},"number_of_votes":0,"sum_votes":0},"taxonomy_info":{"category":[{"value":116,"label":"Informes de experiencia"}],"post_tag":[{"value":211,"label":"Informe de campo"}]},"featured_image_src_large":["https:\/\/walderlebnispfade.de\/wp-content\/uploads\/2025\/02\/Kletterwald_Sayn_Header-1024x576.jpg",1024,576,true],"author_info":{"display_name":"Moni","author_link":"https:\/\/walderlebnispfade.de\/es\/author\/moni\/"},"comment_info":0,"category_info":[{"term_id":116,"name":"Informes de experiencia","slug":"erlebnisberichte-es","term_group":0,"term_taxonomy_id":116,"taxonomy":"category","description":"","parent":0,"count":1,"filter":"raw","cat_ID":116,"category_count":1,"category_description":"","cat_name":"Informes de experiencia","category_nicename":"erlebnisberichte-es","category_parent":0}],"tag_info":[{"term_id":211,"name":"Informe de campo","slug":"informe-de-campo","term_group":0,"term_taxonomy_id":211,"taxonomy":"post_tag","description":"","parent":0,"count":1,"filter":"raw"}],"_links":{"self":[{"href":"https:\/\/walderlebnispfade.de\/es\/wp-json\/wp\/v2\/posts\/6222","targetHints":{"allow":["GET"]}}],"collection":[{"href":"https:\/\/walderlebnispfade.de\/es\/wp-json\/wp\/v2\/posts"}],"about":[{"href":"https:\/\/walderlebnispfade.de\/es\/wp-json\/wp\/v2\/types\/post"}],"author":[{"embeddable":true,"href":"https:\/\/walderlebnispfade.de\/es\/wp-json\/wp\/v2\/users\/2"}],"replies":[{"embeddable":true,"href":"https:\/\/walderlebnispfade.de\/es\/wp-json\/wp\/v2\/comments?post=6222"}],"version-history":[{"count":4,"href":"https:\/\/walderlebnispfade.de\/es\/wp-json\/wp\/v2\/posts\/6222\/revisions"}],"predecessor-version":[{"id":7305,"href":"https:\/\/walderlebnispfade.de\/es\/wp-json\/wp\/v2\/posts\/6222\/revisions\/7305"}],"wp:featuredmedia":[{"embeddable":true,"href":"https:\/\/walderlebnispfade.de\/es\/wp-json\/wp\/v2\/media\/6203"}],"wp:attachment":[{"href":"https:\/\/walderlebnispfade.de\/es\/wp-json\/wp\/v2\/media?parent=6222"}],"wp:term":[{"taxonomy":"category","embeddable":true,"href":"https:\/\/walderlebnispfade.de\/es\/wp-json\/wp\/v2\/categories?post=6222"},{"taxonomy":"post_tag","embeddable":true,"href":"https:\/\/walderlebnispfade.de\/es\/wp-json\/wp\/v2\/tags?post=6222"}],"curies":[{"name":"wp","href":"https:\/\/api.w.org\/{rel}","templated":true}]}}