{"id":6228,"date":"2024-07-26T13:52:43","date_gmt":"2024-07-26T11:52:43","guid":{"rendered":"https:\/\/walderlebnispfade.de\/rutas-por-los-arboles-de-europa\/"},"modified":"2025-10-30T17:10:34","modified_gmt":"2025-10-30T16:10:34","slug":"rutas-por-los-arboles-de-europa","status":"publish","type":"post","link":"https:\/\/walderlebnispfade.de\/es\/rutas-por-los-arboles-de-europa\/","title":{"rendered":"Rutas por los \u00e1rboles de Europa"},"content":{"rendered":"<style>.kb-row-layout-id5843_3e774b-e5 > .kt-row-column-wrap{align-content:start;}:where(.kb-row-layout-id5843_3e774b-e5 > .kt-row-column-wrap) > .wp-block-kadence-column{justify-content:start;}.kb-row-layout-id5843_3e774b-e5 > .kt-row-column-wrap{column-gap:var(--global-kb-gap-md, 2rem);row-gap:var(--global-kb-gap-md, 2rem);padding-top:var(--global-kb-spacing-sm, 1.5rem);padding-bottom:var(--global-kb-spacing-sm, 1.5rem);grid-template-columns:minmax(0, 1fr);}.kb-row-layout-id5843_3e774b-e5 > .kt-row-layout-overlay{opacity:0.30;}@media all and (max-width: 1024px){.kb-row-layout-id5843_3e774b-e5 > .kt-row-column-wrap{grid-template-columns:minmax(0, 1fr);}}@media all and (max-width: 767px){.kb-row-layout-id5843_3e774b-e5 > .kt-row-column-wrap{grid-template-columns:minmax(0, 1fr);}}<\/style><div class=\"kb-row-layout-wrap kb-row-layout-id5843_3e774b-e5 alignnone wp-block-kadence-rowlayout\"><div class=\"kt-row-column-wrap kt-has-1-columns kt-row-layout-equal kt-tab-layout-inherit kt-mobile-layout-row kt-row-valign-top\">\n<style>.kadence-column5843_bd8d8f-f7 > .kt-inside-inner-col,.kadence-column5843_bd8d8f-f7 > .kt-inside-inner-col:before{border-top-left-radius:0px;border-top-right-radius:0px;border-bottom-right-radius:0px;border-bottom-left-radius:0px;}.kadence-column5843_bd8d8f-f7 > .kt-inside-inner-col{column-gap:var(--global-kb-gap-sm, 1rem);}.kadence-column5843_bd8d8f-f7 > .kt-inside-inner-col{flex-direction:column;}.kadence-column5843_bd8d8f-f7 > .kt-inside-inner-col > .aligncenter{width:100%;}.kadence-column5843_bd8d8f-f7 > .kt-inside-inner-col:before{opacity:0.3;}.kadence-column5843_bd8d8f-f7{position:relative;}@media all and (max-width: 1024px){.kadence-column5843_bd8d8f-f7 > .kt-inside-inner-col{flex-direction:column;justify-content:center;}}@media all and (max-width: 767px){.kadence-column5843_bd8d8f-f7 > .kt-inside-inner-col{flex-direction:column;justify-content:center;}}<\/style>\n<div class=\"wp-block-kadence-column kadence-column5843_bd8d8f-f7\"><div class=\"kt-inside-inner-col\"><style>.kadence-column5843_5fa9e4-58 > .kt-inside-inner-col,.kadence-column5843_5fa9e4-58 > .kt-inside-inner-col:before{border-top-left-radius:0px;border-top-right-radius:0px;border-bottom-right-radius:0px;border-bottom-left-radius:0px;}.kadence-column5843_5fa9e4-58 > .kt-inside-inner-col{column-gap:var(--global-kb-gap-sm, 1rem);}.kadence-column5843_5fa9e4-58 > .kt-inside-inner-col{flex-direction:column;}.kadence-column5843_5fa9e4-58 > .kt-inside-inner-col > .aligncenter{width:100%;}.kadence-column5843_5fa9e4-58 > .kt-inside-inner-col:before{opacity:0.3;}.kadence-column5843_5fa9e4-58{position:relative;}@media all and (max-width: 1024px){.kadence-column5843_5fa9e4-58 > .kt-inside-inner-col{flex-direction:column;justify-content:center;}}@media all and (max-width: 767px){.kadence-column5843_5fa9e4-58 > .kt-inside-inner-col{flex-direction:column;justify-content:center;}}<\/style>\n<div class=\"wp-block-kadence-column kadence-column5843_5fa9e4-58\"><div class=\"kt-inside-inner-col\"><style>.wp-block-kadence-advancedheading.kt-adv-heading5843_4c499d-b7, .wp-block-kadence-advancedheading.kt-adv-heading5843_4c499d-b7[data-kb-block=\"kb-adv-heading5843_4c499d-b7\"]{font-style:normal;}.wp-block-kadence-advancedheading.kt-adv-heading5843_4c499d-b7 mark.kt-highlight, .wp-block-kadence-advancedheading.kt-adv-heading5843_4c499d-b7[data-kb-block=\"kb-adv-heading5843_4c499d-b7\"] mark.kt-highlight{font-style:normal;color:#f76a0c;-webkit-box-decoration-break:clone;box-decoration-break:clone;padding-top:0px;padding-right:0px;padding-bottom:0px;padding-left:0px;}.wp-block-kadence-advancedheading.kt-adv-heading5843_4c499d-b7 img.kb-inline-image, .wp-block-kadence-advancedheading.kt-adv-heading5843_4c499d-b7[data-kb-block=\"kb-adv-heading5843_4c499d-b7\"] img.kb-inline-image{width:150px;vertical-align:baseline;}<\/style>\n<h2 class=\"kt-adv-heading5843_4c499d-b7 wp-block-kadence-advancedheading\" data-kb-block=\"kb-adv-heading5843_4c499d-b7\"><strong>Experimenta las copas de los \u00e1rboles de Europa: tu resumen definitivo de todas las rutas conocidas por las copas de los \u00e1rboles<\/strong><\/h2>\n\n\n\n<p>Bienvenido a nuestro completo resumen de los recorridos por las copas de los \u00e1rboles m\u00e1s fascinantes de Europa. En este art\u00edculo hemos recopilado una lista detallada de todos los recorridos conocidos por las copas de los \u00e1rboles, clasificados por pa\u00edses y estados federados. Tambi\u00e9n te ofrecemos un pr\u00e1ctico mapa general que te ayudar\u00e1 a encontrar la ubicaci\u00f3n de los recorridos por las copas de los \u00e1rboles de forma r\u00e1pida y sencilla. Tanto si quieres una aventura en los bosques de Alemania, una vista impresionante en los Alpes de Austria o explorar las majestuosas copas de los \u00e1rboles de Escandinavia, nuestra lista tiene algo para cada amante de la naturaleza y la aventura.   <\/p>\n\n\n<style>.kb-table-of-content-nav.kb-table-of-content-id5843_484a32-67 .kb-table-of-content-wrap{padding-top:var(--global-kb-spacing-sm, 1.5rem);padding-right:var(--global-kb-spacing-sm, 1.5rem);padding-bottom:var(--global-kb-spacing-sm, 1.5rem);padding-left:var(--global-kb-spacing-sm, 1.5rem);background-color:var(--global-palette8, #F7FAFC);box-shadow:inset 0px 0px 14px 0px rgba(0, 0, 0, 0.2);}.kb-table-of-content-nav.kb-table-of-content-id5843_484a32-67 .kb-table-of-contents-title-wrap{padding-top:0px;padding-right:0px;padding-bottom:0px;padding-left:0px;}.kb-table-of-content-nav.kb-table-of-content-id5843_484a32-67 .kb-table-of-contents-title{font-weight:regular;font-style:normal;}.kb-table-of-content-nav.kb-table-of-content-id5843_484a32-67 .kb-table-of-content-wrap .kb-table-of-content-list{font-weight:regular;font-style:normal;margin-top:var(--global-kb-spacing-sm, 1.5rem);margin-right:0px;margin-bottom:0px;margin-left:0px;}.kb-table-of-content-nav.kb-table-of-content-id5843_484a32-67 .kb-toggle-icon-style-basiccircle .kb-table-of-contents-icon-trigger:after, .kb-table-of-content-nav.kb-table-of-content-id5843_484a32-67 .kb-toggle-icon-style-basiccircle .kb-table-of-contents-icon-trigger:before, .kb-table-of-content-nav.kb-table-of-content-id5843_484a32-67 .kb-toggle-icon-style-arrowcircle .kb-table-of-contents-icon-trigger:after, .kb-table-of-content-nav.kb-table-of-content-id5843_484a32-67 .kb-toggle-icon-style-arrowcircle .kb-table-of-contents-icon-trigger:before, .kb-table-of-content-nav.kb-table-of-content-id5843_484a32-67 .kb-toggle-icon-style-xclosecircle .kb-table-of-contents-icon-trigger:after, .kb-table-of-content-nav.kb-table-of-content-id5843_484a32-67 .kb-toggle-icon-style-xclosecircle .kb-table-of-contents-icon-trigger:before{background-color:var(--global-palette8, #F7FAFC);}<\/style><\/div><\/div>\n<\/div><\/div>\n\n<\/div><\/div><style>.kb-row-layout-id5843_afb712-e5 > .kt-row-column-wrap{align-content:start;}:where(.kb-row-layout-id5843_afb712-e5 > .kt-row-column-wrap) > .wp-block-kadence-column{justify-content:start;}.kb-row-layout-id5843_afb712-e5 > .kt-row-column-wrap{column-gap:var(--global-kb-gap-md, 2rem);row-gap:var(--global-kb-gap-md, 2rem);padding-top:var(--global-kb-spacing-sm, 1.5rem);padding-bottom:var(--global-kb-spacing-sm, 1.5rem);grid-template-columns:minmax(0, 1fr);}.kb-row-layout-id5843_afb712-e5 > .kt-row-layout-overlay{opacity:0.30;}@media all and (max-width: 1024px){.kb-row-layout-id5843_afb712-e5 > .kt-row-column-wrap{grid-template-columns:minmax(0, 1fr);}}@media all and (max-width: 767px){.kb-row-layout-id5843_afb712-e5 > .kt-row-column-wrap{grid-template-columns:minmax(0, 1fr);}}<\/style><div class=\"kb-row-layout-wrap kb-row-layout-id5843_afb712-e5 alignnone wp-block-kadence-rowlayout\"><div class=\"kt-row-column-wrap kt-has-1-columns kt-row-layout-equal kt-tab-layout-inherit kt-mobile-layout-row kt-row-valign-top\">\n<style>.kadence-column5843_87c7fb-d3 > .kt-inside-inner-col,.kadence-column5843_87c7fb-d3 > .kt-inside-inner-col:before{border-top-left-radius:0px;border-top-right-radius:0px;border-bottom-right-radius:0px;border-bottom-left-radius:0px;}.kadence-column5843_87c7fb-d3 > .kt-inside-inner-col{column-gap:var(--global-kb-gap-sm, 1rem);}.kadence-column5843_87c7fb-d3 > .kt-inside-inner-col{flex-direction:column;}.kadence-column5843_87c7fb-d3 > .kt-inside-inner-col > .aligncenter{width:100%;}.kadence-column5843_87c7fb-d3 > .kt-inside-inner-col:before{opacity:0.3;}.kadence-column5843_87c7fb-d3{position:relative;}@media all and (max-width: 1024px){.kadence-column5843_87c7fb-d3 > .kt-inside-inner-col{flex-direction:column;justify-content:center;}}@media all and (max-width: 767px){.kadence-column5843_87c7fb-d3 > .kt-inside-inner-col{flex-direction:column;justify-content:center;}}<\/style>\n<div class=\"wp-block-kadence-column kadence-column5843_87c7fb-d3\"><div class=\"kt-inside-inner-col\"><style>.kadence-column5843_145cc4-02 > .kt-inside-inner-col,.kadence-column5843_145cc4-02 > .kt-inside-inner-col:before{border-top-left-radius:0px;border-top-right-radius:0px;border-bottom-right-radius:0px;border-bottom-left-radius:0px;}.kadence-column5843_145cc4-02 > .kt-inside-inner-col{column-gap:var(--global-kb-gap-sm, 1rem);}.kadence-column5843_145cc4-02 > .kt-inside-inner-col{flex-direction:column;}.kadence-column5843_145cc4-02 > .kt-inside-inner-col > .aligncenter{width:100%;}.kadence-column5843_145cc4-02 > .kt-inside-inner-col:before{opacity:0.3;}.kadence-column5843_145cc4-02{position:relative;}@media all and (max-width: 1024px){.kadence-column5843_145cc4-02 > .kt-inside-inner-col{flex-direction:column;justify-content:center;}}@media all and (max-width: 767px){.kadence-column5843_145cc4-02 > .kt-inside-inner-col{flex-direction:column;justify-content:center;}}<\/style>\n<div class=\"wp-block-kadence-column kadence-column5843_145cc4-02\"><div class=\"kt-inside-inner-col\"><style>.wp-block-kadence-advancedheading.kt-adv-heading5843_debcdf-5c, .wp-block-kadence-advancedheading.kt-adv-heading5843_debcdf-5c[data-kb-block=\"kb-adv-heading5843_debcdf-5c\"]{font-style:normal;}.wp-block-kadence-advancedheading.kt-adv-heading5843_debcdf-5c mark.kt-highlight, .wp-block-kadence-advancedheading.kt-adv-heading5843_debcdf-5c[data-kb-block=\"kb-adv-heading5843_debcdf-5c\"] mark.kt-highlight{font-style:normal;color:#f76a0c;-webkit-box-decoration-break:clone;box-decoration-break:clone;padding-top:0px;padding-right:0px;padding-bottom:0px;padding-left:0px;}.wp-block-kadence-advancedheading.kt-adv-heading5843_debcdf-5c img.kb-inline-image, .wp-block-kadence-advancedheading.kt-adv-heading5843_debcdf-5c[data-kb-block=\"kb-adv-heading5843_debcdf-5c\"] img.kb-inline-image{width:150px;vertical-align:baseline;}<\/style>\n<h3 class=\"kt-adv-heading5843_debcdf-5c wp-block-kadence-advancedheading\" data-kb-block=\"kb-adv-heading5843_debcdf-5c\"><strong>Qu\u00e9 hace que los paseos por las copas de los \u00e1rboles sean tan especiales<\/strong><\/h3>\n\n\n\n<p>Los senderos en las copas de los \u00e1rboles, tambi\u00e9n conocidos como caminos en las copas de los \u00e1rboles o senderos en las copas de los \u00e1rboles, son construcciones \u00fanicas que te permiten experimentar el bosque desde una perspectiva completamente nueva. Estos senderos elevados te conducen a trav\u00e9s de las copas de los \u00e1rboles y ofrecen vistas impresionantes que de otro modo permanecer\u00edan ocultas para ti. Mientras caminas por las pasarelas de madera o acero, puedes disfrutar de cerca de la belleza y la tranquilidad de la naturaleza.  <\/p>\n\n\n\n<p>Una caracter\u00edstica especial de muchos senderos forestales por las copas de los \u00e1rboles son las estaciones de informaci\u00f3n integradas que te proporcionan conocimientos apasionantes sobre la flora y la fauna locales. A menudo tambi\u00e9n hay elementos interactivos y m\u00f3dulos de aventura, que resultan especialmente interesantes para las familias con ni\u00f1os. Las estructuras est\u00e1n dise\u00f1adas para adaptarse a todos los grupos de edad y niveles de forma f\u00edsica, y ofrecen tanto paseos relajantes como aventuras cortas.  <\/p>\n\n\n\n<p>Los paseos por las copas de los \u00e1rboles no s\u00f3lo son una forma maravillosa de explorar la naturaleza, sino que tambi\u00e9n fomentan la concienciaci\u00f3n sobre el medio ambiente y la conservaci\u00f3n de nuestros bosques. Ofrecen una oportunidad \u00fanica de experimentar de cerca las maravillas de la naturaleza sin molestarlas. <\/p>\n\n\n\n<p><strong>Descubre ahora nuestro completo resumen y planifica tu pr\u00f3ximo viaje a las copas de los \u00e1rboles de Europa.<\/strong><\/p>\n\n\n\n<h3 class=\"wp-block-heading\" id=\"kartenansicht-der-baumhaeuser-in-deutschland\">Vista del mapa de los senderos por las copas de los \u00e1rboles en Europa<\/h3>\n\n\n\n<p>Puedes filtrar por pa\u00eds en el mapa desplegando la barra de men\u00fa de la izquierda. Simplemente haz clic en el s\u00edmbolo de la esquina superior izquierda. <\/p>\n\n\n<style>.kadence-column5843_56510a-3e > .kt-inside-inner-col{display:flex;}.kadence-column5843_56510a-3e > .kt-inside-inner-col,.kadence-column5843_56510a-3e > .kt-inside-inner-col:before{border-top-left-radius:0px;border-top-right-radius:0px;border-bottom-right-radius:0px;border-bottom-left-radius:0px;}.kadence-column5843_56510a-3e > .kt-inside-inner-col{column-gap:var(--global-kb-gap-sm, 1rem);}.kadence-column5843_56510a-3e > .kt-inside-inner-col{flex-direction:column;align-items:center;}.kadence-column5843_56510a-3e > .kt-inside-inner-col > .kb-image-is-ratio-size{align-self:stretch;}.kadence-column5843_56510a-3e > .kt-inside-inner-col > .wp-block-kadence-advancedgallery{align-self:stretch;}.kadence-column5843_56510a-3e > .kt-inside-inner-col > .aligncenter{width:100%;}.kadence-column5843_56510a-3e > .kt-inside-inner-col:before{opacity:0.3;}.kadence-column5843_56510a-3e{position:relative;}@media all and (max-width: 1024px){.kadence-column5843_56510a-3e > .kt-inside-inner-col{flex-direction:column;justify-content:center;align-items:center;}}@media all and (max-width: 767px){.kadence-column5843_56510a-3e > .kt-inside-inner-col{flex-direction:column;justify-content:center;align-items:center;}}<\/style>\n<div class=\"wp-block-kadence-column kadence-column5843_56510a-3e\"><div class=\"kt-inside-inner-col\">\n<iframe loading=\"lazy\" src=\"https:\/\/www.google.com\/maps\/d\/u\/0\/embed?mid=1nc0v8Fm2n_7k1cQuv7Wul4aromBliGg&#038;ehbc=2E312F&#038;noprof=1\" width=\"1024\" height=\"480\"><\/iframe>\n<\/div><\/div>\n<\/div><\/div>\n<\/div><\/div>\n\n<\/div><\/div><style>.kb-row-layout-id5843_dcc550-97 > .kt-row-column-wrap{align-content:start;}:where(.kb-row-layout-id5843_dcc550-97 > .kt-row-column-wrap) > .wp-block-kadence-column{justify-content:start;}.kb-row-layout-id5843_dcc550-97 > .kt-row-column-wrap{column-gap:var(--global-kb-gap-md, 2rem);row-gap:var(--global-kb-gap-md, 2rem);padding-top:var(--global-kb-spacing-sm, 1.5rem);padding-bottom:var(--global-kb-spacing-sm, 1.5rem);grid-template-columns:minmax(0, 1fr);}.kb-row-layout-id5843_dcc550-97 > .kt-row-layout-overlay{opacity:0.30;}@media all and (max-width: 1024px){.kb-row-layout-id5843_dcc550-97 > .kt-row-column-wrap{grid-template-columns:minmax(0, 1fr);}}@media all and (max-width: 767px){.kb-row-layout-id5843_dcc550-97 > .kt-row-column-wrap{grid-template-columns:minmax(0, 1fr);}}<\/style><div class=\"kb-row-layout-wrap kb-row-layout-id5843_dcc550-97 alignnone wp-block-kadence-rowlayout\"><div class=\"kt-row-column-wrap kt-has-1-columns kt-row-layout-equal kt-tab-layout-inherit kt-mobile-layout-row kt-row-valign-top\">\n<style>.kadence-column5843_c354e2-a3 > .kt-inside-inner-col{display:flex;}.kadence-column5843_c354e2-a3 > .kt-inside-inner-col{padding-top:var(--global-kb-spacing-xs, 1rem);padding-right:var(--global-kb-spacing-xs, 1rem);padding-bottom:var(--global-kb-spacing-xs, 1rem);padding-left:var(--global-kb-spacing-xs, 1rem);}.kadence-column5843_c354e2-a3 > .kt-inside-inner-col{box-shadow:0px 0px 14px 0px rgba(0, 0, 0, 0.2);}.kadence-column5843_c354e2-a3 > .kt-inside-inner-col,.kadence-column5843_c354e2-a3 > .kt-inside-inner-col:before{border-top-left-radius:0px;border-top-right-radius:0px;border-bottom-right-radius:0px;border-bottom-left-radius:0px;}.kadence-column5843_c354e2-a3 > .kt-inside-inner-col{column-gap:var(--global-kb-gap-sm, 1rem);}.kadence-column5843_c354e2-a3 > .kt-inside-inner-col{flex-direction:column;align-items:center;}.kadence-column5843_c354e2-a3 > .kt-inside-inner-col > .kb-image-is-ratio-size{align-self:stretch;}.kadence-column5843_c354e2-a3 > .kt-inside-inner-col > .wp-block-kadence-advancedgallery{align-self:stretch;}.kadence-column5843_c354e2-a3 > .kt-inside-inner-col > .aligncenter{width:100%;}.kadence-column5843_c354e2-a3 > .kt-inside-inner-col{background-color:var(--global-palette8, #F7FAFC);}.kadence-column5843_c354e2-a3 > .kt-inside-inner-col:before{opacity:0.3;}.kadence-column5843_c354e2-a3{position:relative;}@media all and (max-width: 1024px){.kadence-column5843_c354e2-a3 > .kt-inside-inner-col{flex-direction:column;justify-content:center;align-items:center;}}@media all and (max-width: 767px){.kadence-column5843_c354e2-a3 > .kt-inside-inner-col{flex-direction:column;justify-content:center;align-items:center;}}<\/style>\n<div class=\"wp-block-kadence-column kadence-column5843_c354e2-a3\"><div class=\"kt-inside-inner-col\">\n<p>Por favor, valora este resumen de rutas por las copas de los \u00e1rboles en Europa. Nos ayudas a nosotros y a otros amantes de la naturaleza. Muchas gracias \ud83d\ude42 \u00a1!  <\/p>\n\n\n\n<div class=\"wp-block-yet-another-stars-rating-visitor-votes aligncenter yasr-vv-block\"><\/div>\n<\/div><\/div>\n\n<\/div><\/div><style>.kb-row-layout-id5843_aa95aa-30 > .kt-row-column-wrap{align-content:start;}:where(.kb-row-layout-id5843_aa95aa-30 > .kt-row-column-wrap) > .wp-block-kadence-column{justify-content:start;}.kb-row-layout-id5843_aa95aa-30 > .kt-row-column-wrap{column-gap:var(--global-kb-gap-md, 2rem);row-gap:var(--global-kb-gap-md, 2rem);padding-top:var(--global-kb-spacing-sm, 1.5rem);padding-bottom:var(--global-kb-spacing-sm, 1.5rem);grid-template-columns:minmax(0, calc(50% - ((var(--global-kb-gap-md, 2rem) * 1 )\/2)))minmax(0, calc(50% - ((var(--global-kb-gap-md, 2rem) * 1 )\/2)));}.kb-row-layout-id5843_aa95aa-30 > .kt-row-layout-overlay{opacity:0.30;}@media all and (max-width: 1024px){.kb-row-layout-id5843_aa95aa-30 > .kt-row-column-wrap{grid-template-columns:minmax(0, 2fr) minmax(0, 1fr);}}@media all and (max-width: 767px){.kb-row-layout-id5843_aa95aa-30 > .kt-row-column-wrap{grid-template-columns:minmax(0, 1fr);}}<\/style><div class=\"kb-row-layout-wrap kb-row-layout-id5843_aa95aa-30 alignnone wp-block-kadence-rowlayout\"><div class=\"kt-row-column-wrap kt-has-2-columns kt-row-layout-left-golden kt-tab-layout-inherit kt-mobile-layout-row kt-row-valign-top\">\n<style>.kadence-column5843_5f80e5-24 > .kt-inside-inner-col,.kadence-column5843_5f80e5-24 > .kt-inside-inner-col:before{border-top-left-radius:0px;border-top-right-radius:0px;border-bottom-right-radius:0px;border-bottom-left-radius:0px;}.kadence-column5843_5f80e5-24 > .kt-inside-inner-col{column-gap:var(--global-kb-gap-sm, 1rem);}.kadence-column5843_5f80e5-24 > .kt-inside-inner-col{flex-direction:column;}.kadence-column5843_5f80e5-24 > .kt-inside-inner-col > .aligncenter{width:100%;}.kadence-column5843_5f80e5-24 > .kt-inside-inner-col:before{opacity:0.3;}.kadence-column5843_5f80e5-24{position:relative;}@media all and (max-width: 1024px){.kadence-column5843_5f80e5-24 > .kt-inside-inner-col{flex-direction:column;justify-content:center;}}@media all and (max-width: 767px){.kadence-column5843_5f80e5-24 > .kt-inside-inner-col{flex-direction:column;justify-content:center;}}<\/style>\n<div class=\"wp-block-kadence-column kadence-column5843_5f80e5-24\"><div class=\"kt-inside-inner-col\"><style>.wp-block-kadence-advancedheading.kt-adv-heading5843_8fa725-64, .wp-block-kadence-advancedheading.kt-adv-heading5843_8fa725-64[data-kb-block=\"kb-adv-heading5843_8fa725-64\"]{font-style:normal;}.wp-block-kadence-advancedheading.kt-adv-heading5843_8fa725-64 mark.kt-highlight, .wp-block-kadence-advancedheading.kt-adv-heading5843_8fa725-64[data-kb-block=\"kb-adv-heading5843_8fa725-64\"] mark.kt-highlight{font-style:normal;color:#f76a0c;-webkit-box-decoration-break:clone;box-decoration-break:clone;padding-top:0px;padding-right:0px;padding-bottom:0px;padding-left:0px;}.wp-block-kadence-advancedheading.kt-adv-heading5843_8fa725-64 img.kb-inline-image, .wp-block-kadence-advancedheading.kt-adv-heading5843_8fa725-64[data-kb-block=\"kb-adv-heading5843_8fa725-64\"] img.kb-inline-image{width:150px;vertical-align:baseline;}<\/style>\n<h2 class=\"kt-adv-heading5843_8fa725-64 wp-block-kadence-advancedheading\" data-kb-block=\"kb-adv-heading5843_8fa725-64\">Senderos en las copas de los \u00e1rboles en Alemania  <\/h2>\n<\/div><\/div>\n\n\n<style>.kadence-column5843_5b42c0-6a > .kt-inside-inner-col,.kadence-column5843_5b42c0-6a > .kt-inside-inner-col:before{border-top-left-radius:0px;border-top-right-radius:0px;border-bottom-right-radius:0px;border-bottom-left-radius:0px;}.kadence-column5843_5b42c0-6a > .kt-inside-inner-col{column-gap:var(--global-kb-gap-sm, 1rem);}.kadence-column5843_5b42c0-6a > .kt-inside-inner-col{flex-direction:column;}.kadence-column5843_5b42c0-6a > .kt-inside-inner-col > .aligncenter{width:100%;}.kadence-column5843_5b42c0-6a > .kt-inside-inner-col:before{opacity:0.3;}.kadence-column5843_5b42c0-6a{position:relative;}@media all and (max-width: 1024px){.kadence-column5843_5b42c0-6a > .kt-inside-inner-col{flex-direction:column;justify-content:center;}}@media all and (max-width: 767px){.kadence-column5843_5b42c0-6a > .kt-inside-inner-col{flex-direction:column;justify-content:center;}}<\/style>\n<div class=\"wp-block-kadence-column kadence-column5843_5b42c0-6a\"><div class=\"kt-inside-inner-col\"><style>.kb-image5843_494a58-e5.kb-image-is-ratio-size, .kb-image5843_494a58-e5 .kb-image-is-ratio-size{max-width:50px;width:100%;}.wp-block-kadence-column > .kt-inside-inner-col > .kb-image5843_494a58-e5.kb-image-is-ratio-size, .wp-block-kadence-column > .kt-inside-inner-col > .kb-image5843_494a58-e5 .kb-image-is-ratio-size{align-self:unset;}.kb-image5843_494a58-e5{max-width:50px;}.image-is-svg.kb-image5843_494a58-e5{-webkit-flex:0 1 100%;flex:0 1 100%;}.image-is-svg.kb-image5843_494a58-e5 img{width:100%;}.kb-image5843_494a58-e5 .kb-image-has-overlay:after{opacity:0.3;}<\/style>\n<figure class=\"wp-block-kadence-image kb-image5843_494a58-e5 size-full\"><img loading=\"lazy\" decoding=\"async\" width=\"255\" height=\"171\" src=\"https:\/\/walderlebnispfade.de\/wp-content\/uploads\/2024\/07\/Flagge_Deutschland.jpg\" alt=\"Senderos en las copas de los \u00e1rboles en Alemania\" class=\"kb-img wp-image-5897\"><\/figure>\n<\/div><\/div>\n\n<\/div><\/div>\n<p>A continuaci\u00f3n encontrar\u00e1s un resumen de 20 interesantes y emocionantes paseos por las copas de los \u00e1rboles de Alemania. Para mayor claridad, he dividido las direcciones de las tablas por estados federados. Tras el nombre del paseo por las copas de los \u00e1rboles encontrar\u00e1s (si ya est\u00e1 creado) el enlace a la p\u00e1gina de detalles aqu\u00ed en Walderlebnispfade.de y el sitio web remite directamente al operador. M\u00e1s abajo encontrar\u00e1s 13 paseos por las copas de los \u00e1rboles de otros pa\u00edses europeos.   <\/p>\n<style>.wp-block-kadence-advancedheading.kt-adv-heading5843_b6f174-79, .wp-block-kadence-advancedheading.kt-adv-heading5843_b6f174-79[data-kb-block=\"kb-adv-heading5843_b6f174-79\"]{font-style:normal;}.wp-block-kadence-advancedheading.kt-adv-heading5843_b6f174-79 mark.kt-highlight, .wp-block-kadence-advancedheading.kt-adv-heading5843_b6f174-79[data-kb-block=\"kb-adv-heading5843_b6f174-79\"] mark.kt-highlight{font-style:normal;color:#f76a0c;-webkit-box-decoration-break:clone;box-decoration-break:clone;padding-top:0px;padding-right:0px;padding-bottom:0px;padding-left:0px;}.wp-block-kadence-advancedheading.kt-adv-heading5843_b6f174-79 img.kb-inline-image, .wp-block-kadence-advancedheading.kt-adv-heading5843_b6f174-79[data-kb-block=\"kb-adv-heading5843_b6f174-79\"] img.kb-inline-image{width:150px;vertical-align:baseline;}<\/style>\n<h3 class=\"kt-adv-heading5843_b6f174-79 wp-block-kadence-advancedheading\" data-kb-block=\"kb-adv-heading5843_b6f174-79\">Rutas por las copas de los \u00e1rboles en Baden-W\u00fcrttemberg<\/h3>\n\n<figure class=\"wp-block-table has-small-font-size\"><table><thead><tr><th>Nombre de la ruta<\/th><th>Direcci\u00f3n<\/th><th>Tel\u00e9fono<\/th><th>Mail<\/th><th>P\u00e1gina web<\/th><th>Meses de apertura<\/th><\/tr><\/thead><tbody><tr><td><strong><a href=\"https:\/\/walderlebnispfade.de\/es\/erlebnisse\/paseo-por-las-copas-de-los-arboles-de-la-selva-negra\/\" data-type=\"erlebnisse\" data-id=\"6604\">Selva Negra<\/a><\/strong><\/td><td><br\/>Peter-Liebig-Weg 16, 75323 Bad Wildbad<\/td><td>+49 7081 925 0940<\/td><td><a href=\"mailto:info@baumwipfelpfad-schwarzwald.de\">info@baumwipfelpfad-schwarzwald.de<\/a><\/td><td><a href=\"https:\/\/treetop-walks.com\/schwarzwald\/\" target=\"_blank\" rel=\"noreferrer noopener\">treetop-walks.com<\/a><\/td><td>Todo el a\u00f1o<\/td><\/tr><tr><td><strong><a href=\"https:\/\/walderlebnispfade.de\/es\/erlebnisse\/paseo-por-las-copas-de-los-arboles-de-waldkirch\/\" data-type=\"erlebnisse\" data-id=\"6631\">Waldkirch<\/a><\/strong><\/td><td><br\/>Erwin-Sick-Stra\u00dfe, 79183 Waldkirch<\/td><td>+49 151 504 048 67<\/td><td><a href=\"mailto:info@baumkronenweg-waldkirch.de\">info@baumkronenweg-waldkirch.de<\/a><\/td><td><a href=\"https:\/\/www.baumkronenweg-waldkirch.de\/\" target=\"_blank\" rel=\"noreferrer noopener\">baumkronenweg-waldkirch.de<\/a><\/td><td>Marzo-Noviembre<\/td><\/tr><\/tbody><\/table><figcaption class=\"wp-element-caption\">Senderos en las copas de los \u00e1rboles en BW<\/figcaption><\/figure>\n<style>.wp-block-kadence-advancedheading.kt-adv-heading5843_629f33-6b, .wp-block-kadence-advancedheading.kt-adv-heading5843_629f33-6b[data-kb-block=\"kb-adv-heading5843_629f33-6b\"]{font-style:normal;}.wp-block-kadence-advancedheading.kt-adv-heading5843_629f33-6b mark.kt-highlight, .wp-block-kadence-advancedheading.kt-adv-heading5843_629f33-6b[data-kb-block=\"kb-adv-heading5843_629f33-6b\"] mark.kt-highlight{font-style:normal;color:#f76a0c;-webkit-box-decoration-break:clone;box-decoration-break:clone;padding-top:0px;padding-right:0px;padding-bottom:0px;padding-left:0px;}.wp-block-kadence-advancedheading.kt-adv-heading5843_629f33-6b img.kb-inline-image, .wp-block-kadence-advancedheading.kt-adv-heading5843_629f33-6b[data-kb-block=\"kb-adv-heading5843_629f33-6b\"] img.kb-inline-image{width:150px;vertical-align:baseline;}<\/style>\n<h3 class=\"kt-adv-heading5843_629f33-6b wp-block-kadence-advancedheading\" data-kb-block=\"kb-adv-heading5843_629f33-6b\">Senderos en las copas de los \u00e1rboles de Baviera<\/h3>\n\n<figure class=\"wp-block-table has-small-font-size\"><table><thead><tr><th>Nombre de la ruta<\/th><th>Direcci\u00f3n<\/th><th>Tel\u00e9fono<\/th><th>Mail<\/th><th>P\u00e1gina web<\/th><th>Meses de apertura<\/th><\/tr><\/thead><tbody><tr><td><a href=\"https:\/\/walderlebnispfade.de\/es\/erlebnisse\/paseo-por-las-copas-de-los-arboles-de-steigerwald\/\" data-type=\"erlebnisse\" data-id=\"269\"><strong>Steigerwald<\/strong><\/a><\/td><td><br\/>Radstein 2, 96157 Ebrach<\/td><td>+49 9553 989 801 02<\/td><td><a href=\"mailto:info-baumwipfelpfad@baysf.de\">info-baumwipfelpfad@baysf.de<\/a><\/td><td><a href=\"https:\/\/www.baumwipfelpfadsteigerwald.de\/\" target=\"_blank\" rel=\"noreferrer noopener\">baumwipfelpfadsteigerwald.de<\/a><\/td><td>Todo el a\u00f1o<\/td><\/tr><tr><td>Bosque de Baviera<\/td><td><br\/>B\u00f6hmstra\u00dfe 43, 94556 Neusch\u00f6nau<\/td><td>+49 8558 738 910<\/td><td><a href=\"mailto:info@baumwipfelpfad.bayern\">info@baumwipfelpfad.bayern<\/a><\/td><td><a href=\"https:\/\/treetop-walks.com\/bayerischer-wald\/\" target=\"_blank\" rel=\"noreferrer noopener\">treetop-walks.com<\/a><\/td><td>Todo el a\u00f1o<\/td><\/tr><tr><td>San Englmar<\/td><td><br\/>Maibrunn 9a, 94379 Sankt Englmar<\/td><td>+49 9965 800 87<\/td><td><a href=\"mailto:info@waldwipfelweg.de\">info@waldwipfelweg.de<\/a><\/td><td><a href=\"https:\/\/www.waldwipfelweg.de\/\" target=\"_blank\" rel=\"noreferrer noopener\">waldwipfelweg.de<\/a><\/td><td>Todo el a\u00f1o<\/td><\/tr><tr><td>Ziegelwies<\/td><td><br\/>Tiroler Stra\u00dfe 10, 87629 F\u00fcssen<\/td><td>+49 8341 900 221 50<\/td><td><a href=\"mailto:info@walderlebniszentrum.eu\">info@walderlebniszentrum.eu<\/a><\/td><td><a href=\"https:\/\/www.walderlebniszentrum.eu\/\" target=\"_blank\" rel=\"noreferrer noopener\">walderlebniszentrum.eu<\/a><\/td><td>Marzo-Noviembre<\/td><\/tr><\/tbody><\/table><figcaption class=\"wp-element-caption\">Senderos en las copas de los \u00e1rboles en BY<\/figcaption><\/figure>\n<style>.wp-block-kadence-advancedheading.kt-adv-heading5843_e14fc5-d5, .wp-block-kadence-advancedheading.kt-adv-heading5843_e14fc5-d5[data-kb-block=\"kb-adv-heading5843_e14fc5-d5\"]{font-style:normal;}.wp-block-kadence-advancedheading.kt-adv-heading5843_e14fc5-d5 mark.kt-highlight, .wp-block-kadence-advancedheading.kt-adv-heading5843_e14fc5-d5[data-kb-block=\"kb-adv-heading5843_e14fc5-d5\"] mark.kt-highlight{font-style:normal;color:#f76a0c;-webkit-box-decoration-break:clone;box-decoration-break:clone;padding-top:0px;padding-right:0px;padding-bottom:0px;padding-left:0px;}.wp-block-kadence-advancedheading.kt-adv-heading5843_e14fc5-d5 img.kb-inline-image, .wp-block-kadence-advancedheading.kt-adv-heading5843_e14fc5-d5[data-kb-block=\"kb-adv-heading5843_e14fc5-d5\"] img.kb-inline-image{width:150px;vertical-align:baseline;}<\/style>\n<h3 class=\"kt-adv-heading5843_e14fc5-d5 wp-block-kadence-advancedheading\" data-kb-block=\"kb-adv-heading5843_e14fc5-d5\">Senderos en las copas de los \u00e1rboles de Brandeburgo<\/h3>\n\n<figure class=\"wp-block-table has-small-font-size\"><table><thead><tr><th>Nombre de la ruta<\/th><th>Direcci\u00f3n<\/th><th>Tel\u00e9fono<\/th><th>Mail<\/th><th>P\u00e1gina web<\/th><th>Meses de apertura<\/th><\/tr><\/thead><tbody><tr><td><a href=\"https:\/\/walderlebnispfade.de\/es\/erlebnisse\/sendero-arbolado-beelitz-heilstaetten\/\" data-type=\"erlebnisse\" data-id=\"1591\"><strong>Sanatorios de Beelitz<\/strong><\/a><\/td><td><br\/>Camino de Fichtenwalde 13, 14547 Beelitz-Heilst\u00e4tten<\/td><td>+49 33204 605 80<\/td><td><a href=\"mailto:info@baumundzeit.de\">info@baumundzeit.de<\/a><\/td><td><a href=\"https:\/\/baumundzeit.de\/\" target=\"_blank\" rel=\"noreferrer noopener\">baumundzeit.de<\/a><\/td><td>Enero-Noviembre<\/td><\/tr><\/tbody><\/table><figcaption class=\"wp-element-caption\">Senderos en las copas de los \u00e1rboles en BB<\/figcaption><\/figure>\n<style>.wp-block-kadence-advancedheading.kt-adv-heading5843_10371e-dd, .wp-block-kadence-advancedheading.kt-adv-heading5843_10371e-dd[data-kb-block=\"kb-adv-heading5843_10371e-dd\"]{font-style:normal;}.wp-block-kadence-advancedheading.kt-adv-heading5843_10371e-dd mark.kt-highlight, .wp-block-kadence-advancedheading.kt-adv-heading5843_10371e-dd[data-kb-block=\"kb-adv-heading5843_10371e-dd\"] mark.kt-highlight{font-style:normal;color:#f76a0c;-webkit-box-decoration-break:clone;box-decoration-break:clone;padding-top:0px;padding-right:0px;padding-bottom:0px;padding-left:0px;}.wp-block-kadence-advancedheading.kt-adv-heading5843_10371e-dd img.kb-inline-image, .wp-block-kadence-advancedheading.kt-adv-heading5843_10371e-dd[data-kb-block=\"kb-adv-heading5843_10371e-dd\"] img.kb-inline-image{width:150px;vertical-align:baseline;}<\/style>\n<h3 class=\"kt-adv-heading5843_10371e-dd wp-block-kadence-advancedheading\" data-kb-block=\"kb-adv-heading5843_10371e-dd\">Senderos en las copas de los \u00e1rboles de Hesse<\/h3>\n\n<figure class=\"wp-block-table has-small-font-size\"><table><thead><tr><th>Nombre de la ruta<\/th><th>Direcci\u00f3n<\/th><th>Tel\u00e9fono<\/th><th>Mail<\/th><th>P\u00e1gina web<\/th><th>Meses de apertura<\/th><\/tr><\/thead><tbody><tr><td>Bad Camberg<\/td><td><br\/>Am Vorderwald 1, 65520 Bad Camberg<\/td><td>+49 6434 602 9761<\/td><td><a href=\"mailto:info@baumwipfelweg-bad-camberg.de\">info@baumwipfelweg-bad-camberg.de<\/a><\/td><td><a href=\"https:\/\/baumwipfelweg-bad-camberg.de\/\" target=\"_blank\" rel=\"noreferrer noopener\">baumwipfelweg-bad-camberg.de<\/a><\/td><td>Marzo-Noviembre<\/td><\/tr><tr><td><a href=\"https:\/\/walderlebnispfade.de\/es\/erlebnisse\/paseo-por-las-copas-de-los-arboles-edersee\/\" data-type=\"erlebnisse\" data-id=\"94\"><strong>Lago Edersee<\/strong><\/a><\/td><td><br\/>Br\u00fchlfeld 3, 34549 Edertal-Hemfurth<\/td><td>+49 05623 9737977<\/td><td><a href=\"mailto:info@treetopwalk.de\">info@treetopwalk.de<\/a><\/td><td><a href=\"https:\/\/www.baumkronenweg.de\/\" target=\"_blank\" rel=\"noreferrer noopener\">baumkronenweg.de<\/a><\/td><td>Todo el a\u00f1o<\/td><\/tr><tr><td><a href=\"https:\/\/walderlebnispfade.de\/es\/erlebnisse\/sendero-de-las-copas-de-los-arboles-de-hoherodskopf\/\" data-type=\"erlebnisse\" data-id=\"6273\"><strong>Hoherodskopf<\/strong><\/a><\/td><td><br\/>Am Hoherodskopf 9, 63679 Schotten<\/td><td>+49 6032 869 9888<\/td><td><a href=\"mailto:info@baumkronenpfad.de\">info@baumkronenpfad.de<\/a><\/td><td><a href=\"https:\/\/www.baumkronenpfad.de\/\" target=\"_blank\" rel=\"noreferrer noopener\">baumkronenpfad.de<\/a><\/td><td>Abril-octubre<\/td><\/tr><\/tbody><\/table><figcaption class=\"wp-element-caption\">Senderos por las copas de los \u00e1rboles en HE<\/figcaption><\/figure>\n\n<blockquote class=\"wp-block-quote is-layout-flow wp-block-quote-is-layout-flow\">\n<p class=\"has-theme-palette-5-color has-theme-palette-8-background-color has-text-color has-background has-link-color wp-elements-96eac54aa14f75897a963239e1130370\">Por favor, utiliza los senderos designados para no sobrecargar innecesariamente el bosque y no dejes basura. Todos estamos visitando la naturaleza, \u00a1as\u00ed que los animales peque\u00f1os siempre tienen derecho de paso en los senderos!   <\/p>\n<\/blockquote>\n<style>.wp-block-kadence-advancedheading.kt-adv-heading5843_ffad11-81, .wp-block-kadence-advancedheading.kt-adv-heading5843_ffad11-81[data-kb-block=\"kb-adv-heading5843_ffad11-81\"]{font-style:normal;}.wp-block-kadence-advancedheading.kt-adv-heading5843_ffad11-81 mark.kt-highlight, .wp-block-kadence-advancedheading.kt-adv-heading5843_ffad11-81[data-kb-block=\"kb-adv-heading5843_ffad11-81\"] mark.kt-highlight{font-style:normal;color:#f76a0c;-webkit-box-decoration-break:clone;box-decoration-break:clone;padding-top:0px;padding-right:0px;padding-bottom:0px;padding-left:0px;}.wp-block-kadence-advancedheading.kt-adv-heading5843_ffad11-81 img.kb-inline-image, .wp-block-kadence-advancedheading.kt-adv-heading5843_ffad11-81[data-kb-block=\"kb-adv-heading5843_ffad11-81\"] img.kb-inline-image{width:150px;vertical-align:baseline;}<\/style>\n<h3 class=\"kt-adv-heading5843_ffad11-81 wp-block-kadence-advancedheading\" data-kb-block=\"kb-adv-heading5843_ffad11-81\">Senderos en las copas de los \u00e1rboles en Mecklemburgo-Pomerania Occidental<\/h3>\n\n<figure class=\"wp-block-table has-small-font-size\"><table><thead><tr><th>Nombre de la ruta<\/th><th>Direcci\u00f3n<\/th><th>Tel\u00e9fono<\/th><th>Mail<\/th><th>P\u00e1gina web<\/th><th>Meses de apertura<\/th><\/tr><\/thead><tbody><tr><td>Robles de Ivenack<\/td><td><br\/>Eichenallee 1, 17153 Ivenack<\/td><td>+49 39954 453 019<\/td><td><a href=\"mailto:stavenhagen@lfoa-mv.de\">stavenhagen@lfoa-mv.de<\/a><\/td><td><a href=\"https:\/\/www.wald-mv.de\/landingpage\/baumkronenpfad\/\" target=\"_blank\" rel=\"noreferrer noopener\">wald-mv.de<\/a><\/td><td>Abril-octubre<\/td><\/tr><tr><td>R\u00fcgen<\/td><td><br\/>Forsthaus Prora 1, 18609 Ostseebad Binz<\/td><td>+49 38393 662 200<\/td><td><a href=\"mailto:info@nezr.de\">info@nezr.de<\/a><\/td><td><a href=\"https:\/\/treetop-walks.com\/ruegen\/\" target=\"_blank\" rel=\"noreferrer noopener\">treetop-walks.com\/ruegen\/<\/a><\/td><td>Todo el a\u00f1o<\/td><\/tr><tr><td>Paseo por las copas de los \u00e1rboles Usedom<\/td><td><br\/>Am Bahnhof 12, 17424 Ostseebad Heringsdorf<\/td><td>+49 38378 488 20<\/td><td><a href=\"mailto:info@baumwipfelpfad-usedom.de\">info@baumwipfelpfad-usedom.de<\/a><\/td><td><a href=\"https:\/\/treetop-walks.com\/usedom\/\" target=\"_blank\" rel=\"noreferrer noopener\">treetop-walks.com\/usedom\/<\/a><\/td><td>Todo el a\u00f1o<\/td><\/tr><\/tbody><\/table><figcaption class=\"wp-element-caption\">Senderos por las copas de los \u00e1rboles en MV<\/figcaption><\/figure>\n<style>.wp-block-kadence-advancedheading.kt-adv-heading5843_08206f-24, .wp-block-kadence-advancedheading.kt-adv-heading5843_08206f-24[data-kb-block=\"kb-adv-heading5843_08206f-24\"]{font-style:normal;}.wp-block-kadence-advancedheading.kt-adv-heading5843_08206f-24 mark.kt-highlight, .wp-block-kadence-advancedheading.kt-adv-heading5843_08206f-24[data-kb-block=\"kb-adv-heading5843_08206f-24\"] mark.kt-highlight{font-style:normal;color:#f76a0c;-webkit-box-decoration-break:clone;box-decoration-break:clone;padding-top:0px;padding-right:0px;padding-bottom:0px;padding-left:0px;}.wp-block-kadence-advancedheading.kt-adv-heading5843_08206f-24 img.kb-inline-image, .wp-block-kadence-advancedheading.kt-adv-heading5843_08206f-24[data-kb-block=\"kb-adv-heading5843_08206f-24\"] img.kb-inline-image{width:150px;vertical-align:baseline;}<\/style>\n<h3 class=\"kt-adv-heading5843_08206f-24 wp-block-kadence-advancedheading\" data-kb-block=\"kb-adv-heading5843_08206f-24\">Rutas por las copas de los \u00e1rboles en Baja Sajonia<\/h3>\n\n<figure class=\"wp-block-table has-small-font-size\"><table><thead><tr><th>Nombre de la ruta<\/th><th>Direcci\u00f3n<\/th><th>Tel\u00e9fono<\/th><th>Mail<\/th><th>P\u00e1gina web<\/th><th>Meses de apertura<\/th><\/tr><\/thead><tbody><tr><td>Bad Harzburg<\/td><td><br\/>Nordh\u00e4user Str. 2b, 38667 Bad Harzburg<\/td><td>+49 5322 877 7920<\/td><td><a href=\"mailto:info@bwp-harz.de\">info@bwp-harz.de<\/a><\/td><td><a href=\"https:\/\/www.baumwipfelpfad-harz.de\/\" target=\"_blank\" rel=\"noreferrer noopener\">baumwipfelpfad-harz.de<\/a><\/td><td>Todo el a\u00f1o<\/td><\/tr><tr><td>Bad Iburg<\/td><td><br\/>Philipp-Sigismund-Allee, 49186 Bad Iburg<\/td><td>+49 5403 724 760<\/td><td><a href=\"mailto:info@baumwipfelpfad-badiburg.de\">info@baumwipfelpfad-badiburg.de<\/a><\/td><td><a href=\"https:\/\/www.baumwipfelpfad-badiburg.de\/\" target=\"_blank\" rel=\"noreferrer noopener\">baumwipfelpfad-badiburg.de<\/a><\/td><td>Todo el a\u00f1o<\/td><\/tr><tr><td>Brezal de Luneburgo<\/td><td><br\/>Wildpark 1, 21271 Nindorf-Hanstedt<\/td><td>+49 4184 893 926<\/td><td><a href=\"mailto:info@heide-himmel.de\">info@heide-himmel.de<\/a><\/td><td><a href=\"https:\/\/heide-himmel.de\/\" target=\"_blank\" rel=\"noreferrer noopener\">heide-himmel.de<\/a><\/td><td>Todo el a\u00f1o<\/td><\/tr><\/tbody><\/table><figcaption class=\"wp-element-caption\">Senderos en las copas de los \u00e1rboles en NI<\/figcaption><\/figure>\n<style>.wp-block-kadence-advancedheading.kt-adv-heading5843_421545-48, .wp-block-kadence-advancedheading.kt-adv-heading5843_421545-48[data-kb-block=\"kb-adv-heading5843_421545-48\"]{font-style:normal;}.wp-block-kadence-advancedheading.kt-adv-heading5843_421545-48 mark.kt-highlight, .wp-block-kadence-advancedheading.kt-adv-heading5843_421545-48[data-kb-block=\"kb-adv-heading5843_421545-48\"] mark.kt-highlight{font-style:normal;color:#f76a0c;-webkit-box-decoration-break:clone;box-decoration-break:clone;padding-top:0px;padding-right:0px;padding-bottom:0px;padding-left:0px;}.wp-block-kadence-advancedheading.kt-adv-heading5843_421545-48 img.kb-inline-image, .wp-block-kadence-advancedheading.kt-adv-heading5843_421545-48[data-kb-block=\"kb-adv-heading5843_421545-48\"] img.kb-inline-image{width:150px;vertical-align:baseline;}<\/style>\n<h3 class=\"kt-adv-heading5843_421545-48 wp-block-kadence-advancedheading\" data-kb-block=\"kb-adv-heading5843_421545-48\">Rutas por las copas de los \u00e1rboles en Renania del Norte-Westfalia<\/h3>\n\n<figure class=\"wp-block-table has-small-font-size\"><table><thead><tr><th>Nombre de la ruta<\/th><th>Direcci\u00f3n<\/th><th>Tel\u00e9fono<\/th><th>Mail<\/th><th>P\u00e1gina web<\/th><th>Meses de apertura<\/th><\/tr><\/thead><tbody><tr><td><a href=\"https:\/\/walderlebnispfade.de\/es\/erlebnisse\/parque-natural-de-aventuras-panarbora\/\" data-type=\"erlebnisse\" data-id=\"258\"><strong>Panarbora<\/strong><\/a><\/td><td><br\/>Nutscheidstr. 1, 51545 Waldbr\u00f6l <\/td><td>+49 02291 908 650<\/td><td><a href=\"mailto:info@panarbora.de\">info@panarbora.de<\/a><\/td><td><a href=\"https:\/\/panarbora.de\/\" target=\"_blank\" rel=\"noreferrer noopener\">panarbora.de<\/a><\/td><td>Todo el a\u00f1o<\/td><\/tr><\/tbody><\/table><figcaption class=\"wp-element-caption\">Senderos en las copas de los \u00e1rboles de Renania del Norte-Westfalia<\/figcaption><\/figure>\n<style>.wp-block-kadence-advancedheading.kt-adv-heading5843_98c95a-38, .wp-block-kadence-advancedheading.kt-adv-heading5843_98c95a-38[data-kb-block=\"kb-adv-heading5843_98c95a-38\"]{font-style:normal;}.wp-block-kadence-advancedheading.kt-adv-heading5843_98c95a-38 mark.kt-highlight, .wp-block-kadence-advancedheading.kt-adv-heading5843_98c95a-38[data-kb-block=\"kb-adv-heading5843_98c95a-38\"] mark.kt-highlight{font-style:normal;color:#f76a0c;-webkit-box-decoration-break:clone;box-decoration-break:clone;padding-top:0px;padding-right:0px;padding-bottom:0px;padding-left:0px;}.wp-block-kadence-advancedheading.kt-adv-heading5843_98c95a-38 img.kb-inline-image, .wp-block-kadence-advancedheading.kt-adv-heading5843_98c95a-38[data-kb-block=\"kb-adv-heading5843_98c95a-38\"] img.kb-inline-image{width:150px;vertical-align:baseline;}<\/style>\n<h3 class=\"kt-adv-heading5843_98c95a-38 wp-block-kadence-advancedheading\" data-kb-block=\"kb-adv-heading5843_98c95a-38\">Rutas por las copas de los \u00e1rboles en Renania-Palatinado<\/h3>\n\n<figure class=\"wp-block-table has-small-font-size\"><table><thead><tr><th>Nombre de la ruta<\/th><th>Direcci\u00f3n<\/th><th>Tel\u00e9fono<\/th><th>Mail<\/th><th>P\u00e1gina web<\/th><th>Meses de apertura<\/th><\/tr><\/thead><tbody><tr><td>Fischbach<\/td><td><br\/>K\u00f6nigsbruch 1, 66996 Fischbach<\/td><td>+49 6391 919 6222<\/td><td><a href=\"mailto:tourist.info@dahner-felsenland.de\">tourist.info@dahner-felsenland.de<\/a><\/td><td><a href=\"https:\/\/www.dahner-felsenland.net\/vg_dahner_felsenland\/Tourismus\/Ausflugsziele\/Baumwipfelpfad%20%20Fischbach\/\" target=\"_blank\" rel=\"noreferrer noopener\">dahner-felsenland.net<\/a><\/td><td>Actualmente cerrado<\/td><\/tr><\/tbody><\/table><figcaption class=\"wp-element-caption\">Senderos en las copas de los \u00e1rboles en RLP<\/figcaption><\/figure>\n<style>.wp-block-kadence-advancedheading.kt-adv-heading5843_e557e5-72, .wp-block-kadence-advancedheading.kt-adv-heading5843_e557e5-72[data-kb-block=\"kb-adv-heading5843_e557e5-72\"]{font-style:normal;}.wp-block-kadence-advancedheading.kt-adv-heading5843_e557e5-72 mark.kt-highlight, .wp-block-kadence-advancedheading.kt-adv-heading5843_e557e5-72[data-kb-block=\"kb-adv-heading5843_e557e5-72\"] mark.kt-highlight{font-style:normal;color:#f76a0c;-webkit-box-decoration-break:clone;box-decoration-break:clone;padding-top:0px;padding-right:0px;padding-bottom:0px;padding-left:0px;}.wp-block-kadence-advancedheading.kt-adv-heading5843_e557e5-72 img.kb-inline-image, .wp-block-kadence-advancedheading.kt-adv-heading5843_e557e5-72[data-kb-block=\"kb-adv-heading5843_e557e5-72\"] img.kb-inline-image{width:150px;vertical-align:baseline;}<\/style>\n<h3 class=\"kt-adv-heading5843_e557e5-72 wp-block-kadence-advancedheading\" data-kb-block=\"kb-adv-heading5843_e557e5-72\">Senderos en las copas de los \u00e1rboles del Sarre<\/h3>\n\n<figure class=\"wp-block-table has-small-font-size\"><table><thead><tr><th>Nombre de la ruta<\/th><th>Direcci\u00f3n<\/th><th>Tel\u00e9fono<\/th><th>Mail<\/th><th>P\u00e1gina web<\/th><th>Meses de apertura<\/th><\/tr><\/thead><tbody><tr><td>Bucle del Sarre<\/td><td><br\/>Cloef-Atrium, 66693 Mettlach-Orscholz<\/td><td>+49 6865 186 4810<\/td><td><a href=\"mailto:info@baumwipfelpfad-saarschleife.de\">info@baumwipfelpfad-saarschleife.de<\/a><\/td><td><a href=\"https:\/\/treetop-walks.com\/saarschleife\/\" target=\"_blank\" rel=\"noreferrer noopener\">treetop-walks.com\/saarschleife\/<\/a><\/td><td>Todo el a\u00f1o<\/td><\/tr><\/tbody><\/table><figcaption class=\"wp-element-caption\">Senderos por las copas de los \u00e1rboles en SL<\/figcaption><\/figure>\n<style>.wp-block-kadence-advancedheading.kt-adv-heading5843_761e02-f2, .wp-block-kadence-advancedheading.kt-adv-heading5843_761e02-f2[data-kb-block=\"kb-adv-heading5843_761e02-f2\"]{font-style:normal;}.wp-block-kadence-advancedheading.kt-adv-heading5843_761e02-f2 mark.kt-highlight, .wp-block-kadence-advancedheading.kt-adv-heading5843_761e02-f2[data-kb-block=\"kb-adv-heading5843_761e02-f2\"] mark.kt-highlight{font-style:normal;color:#f76a0c;-webkit-box-decoration-break:clone;box-decoration-break:clone;padding-top:0px;padding-right:0px;padding-bottom:0px;padding-left:0px;}.wp-block-kadence-advancedheading.kt-adv-heading5843_761e02-f2 img.kb-inline-image, .wp-block-kadence-advancedheading.kt-adv-heading5843_761e02-f2[data-kb-block=\"kb-adv-heading5843_761e02-f2\"] img.kb-inline-image{width:150px;vertical-align:baseline;}<\/style>\n<h3 class=\"kt-adv-heading5843_761e02-f2 wp-block-kadence-advancedheading\" data-kb-block=\"kb-adv-heading5843_761e02-f2\">Senderos en las copas de los \u00e1rboles de Turingia<\/h3>\n\n<figure class=\"wp-block-table has-small-font-size\"><table><thead><tr><th>Nombre de la ruta<\/th><th>Direcci\u00f3n<\/th><th>Tel\u00e9fono<\/th><th>Mail<\/th><th>P\u00e1gina web<\/th><th>Meses de apertura<\/th><\/tr><\/thead><tbody><tr><td><a href=\"https:\/\/walderlebnispfade.de\/es\/erlebnisse\/sendero-de-las-copas-de-los-arboles-de-hainich\/\" data-type=\"erlebnisse\" data-id=\"6334\"><strong>Hainich<\/strong><\/a><\/td><td><br\/>Thiemsburg 1, 99947 Sch\u00f6nstedt<\/td><td>+49 3603 825843<\/td><td><a href=\"mailto:info@baumkronen-pfad.de\">info@baumkronen-pfad.de<\/a><\/td><td><a href=\"https:\/\/www.baumkronen-pfad.de\/\" target=\"_blank\" rel=\"noreferrer noopener\">baumkronen-pfad.de<\/a><\/td><td>Todo el a\u00f1o<\/td><\/tr><\/tbody><\/table><figcaption class=\"wp-element-caption\">Senderos en las copas de los \u00e1rboles en TH<\/figcaption><\/figure>\n\n<h2 class=\"wp-block-heading\">V\u00eddeo: C\u00f3mo se construye un paseo por las copas de los \u00e1rboles | DieMaus<\/h2>\n\n<figure class=\"wp-block-embed aligncenter is-type-video is-provider-youtube wp-block-embed-youtube wp-embed-aspect-16-9 wp-has-aspect-ratio\"><div class=\"wp-block-embed__wrapper\">\n<iframe loading=\"lazy\" hcb-fetch-image-from=\"https:\/\/youtu.be\/dQejytoV6_Q?si=Jm1nVjEFBnDN8UIi\" title=\"Spazieren zwischen Baumkronen  - So wird ein Baumwipfelpfad gebaut | DieMaus | WDR\" width=\"720\" height=\"405\" src=\"https:\/\/www.youtube.com\/embed\/dQejytoV6_Q?feature=oembed\" frameborder=\"0\" allow=\"accelerometer; autoplay; clipboard-write; encrypted-media; gyroscope; picture-in-picture; web-share\" referrerpolicy=\"strict-origin-when-cross-origin\" allowfullscreen><\/iframe>\n<\/div><\/figure>\n\n<hr class=\"wp-block-separator has-alpha-channel-opacity\"\/>\n<style>.kb-row-layout-id5843_77ddcd-23 > .kt-row-column-wrap{align-content:start;}:where(.kb-row-layout-id5843_77ddcd-23 > .kt-row-column-wrap) > .wp-block-kadence-column{justify-content:start;}.kb-row-layout-id5843_77ddcd-23 > .kt-row-column-wrap{column-gap:var(--global-kb-gap-md, 2rem);row-gap:var(--global-kb-gap-md, 2rem);padding-top:var(--global-kb-spacing-sm, 1.5rem);padding-bottom:var(--global-kb-spacing-sm, 1.5rem);grid-template-columns:repeat(2, minmax(0, 1fr));}.kb-row-layout-id5843_77ddcd-23 > .kt-row-layout-overlay{opacity:0.30;}@media all and (max-width: 1024px){.kb-row-layout-id5843_77ddcd-23 > .kt-row-column-wrap{grid-template-columns:repeat(2, minmax(0, 1fr));}}@media all and (max-width: 767px){.kb-row-layout-id5843_77ddcd-23 > .kt-row-column-wrap{grid-template-columns:minmax(0, 1fr);}}<\/style><div class=\"kb-row-layout-wrap kb-row-layout-id5843_77ddcd-23 alignnone wp-block-kadence-rowlayout\"><div class=\"kt-row-column-wrap kt-has-2-columns kt-row-layout-equal kt-tab-layout-inherit kt-mobile-layout-row kt-row-valign-top\">\n<style>.kadence-column5843_151a98-0f > .kt-inside-inner-col,.kadence-column5843_151a98-0f > .kt-inside-inner-col:before{border-top-left-radius:0px;border-top-right-radius:0px;border-bottom-right-radius:0px;border-bottom-left-radius:0px;}.kadence-column5843_151a98-0f > .kt-inside-inner-col{column-gap:var(--global-kb-gap-sm, 1rem);}.kadence-column5843_151a98-0f > .kt-inside-inner-col{flex-direction:column;}.kadence-column5843_151a98-0f > .kt-inside-inner-col > .aligncenter{width:100%;}.kadence-column5843_151a98-0f > .kt-inside-inner-col:before{opacity:0.3;}.kadence-column5843_151a98-0f{position:relative;}@media all and (max-width: 1024px){.kadence-column5843_151a98-0f > .kt-inside-inner-col{flex-direction:column;justify-content:center;}}@media all and (max-width: 767px){.kadence-column5843_151a98-0f > .kt-inside-inner-col{flex-direction:column;justify-content:center;}}<\/style>\n<div class=\"wp-block-kadence-column kadence-column5843_151a98-0f\"><div class=\"kt-inside-inner-col\"><style>.wp-block-kadence-advancedheading.kt-adv-heading5843_a928e6-2f, .wp-block-kadence-advancedheading.kt-adv-heading5843_a928e6-2f[data-kb-block=\"kb-adv-heading5843_a928e6-2f\"]{font-style:normal;}.wp-block-kadence-advancedheading.kt-adv-heading5843_a928e6-2f mark.kt-highlight, .wp-block-kadence-advancedheading.kt-adv-heading5843_a928e6-2f[data-kb-block=\"kb-adv-heading5843_a928e6-2f\"] mark.kt-highlight{font-style:normal;color:#f76a0c;-webkit-box-decoration-break:clone;box-decoration-break:clone;padding-top:0px;padding-right:0px;padding-bottom:0px;padding-left:0px;}.wp-block-kadence-advancedheading.kt-adv-heading5843_a928e6-2f img.kb-inline-image, .wp-block-kadence-advancedheading.kt-adv-heading5843_a928e6-2f[data-kb-block=\"kb-adv-heading5843_a928e6-2f\"] img.kb-inline-image{width:150px;vertical-align:baseline;}<\/style>\n<h2 class=\"kt-adv-heading5843_a928e6-2f wp-block-kadence-advancedheading\" data-kb-block=\"kb-adv-heading5843_a928e6-2f\">Recorridos por las copas de los \u00e1rboles en Francia<\/h2>\n<\/div><\/div>\n\n\n<style>.kadence-column5843_1878b3-be > .kt-inside-inner-col,.kadence-column5843_1878b3-be > .kt-inside-inner-col:before{border-top-left-radius:0px;border-top-right-radius:0px;border-bottom-right-radius:0px;border-bottom-left-radius:0px;}.kadence-column5843_1878b3-be > .kt-inside-inner-col{column-gap:var(--global-kb-gap-sm, 1rem);}.kadence-column5843_1878b3-be > .kt-inside-inner-col{flex-direction:column;}.kadence-column5843_1878b3-be > .kt-inside-inner-col > .aligncenter{width:100%;}.kadence-column5843_1878b3-be > .kt-inside-inner-col:before{opacity:0.3;}.kadence-column5843_1878b3-be{position:relative;}@media all and (max-width: 1024px){.kadence-column5843_1878b3-be > .kt-inside-inner-col{flex-direction:column;justify-content:center;}}@media all and (max-width: 767px){.kadence-column5843_1878b3-be > .kt-inside-inner-col{flex-direction:column;justify-content:center;}}<\/style>\n<div class=\"wp-block-kadence-column kadence-column5843_1878b3-be\"><div class=\"kt-inside-inner-col\"><style>.kb-image5843_148761-d9.kb-image-is-ratio-size, .kb-image5843_148761-d9 .kb-image-is-ratio-size{max-width:50px;width:100%;}.wp-block-kadence-column > .kt-inside-inner-col > .kb-image5843_148761-d9.kb-image-is-ratio-size, .wp-block-kadence-column > .kt-inside-inner-col > .kb-image5843_148761-d9 .kb-image-is-ratio-size{align-self:unset;}.kb-image5843_148761-d9{max-width:50px;}.image-is-svg.kb-image5843_148761-d9{-webkit-flex:0 1 100%;flex:0 1 100%;}.image-is-svg.kb-image5843_148761-d9 img{width:100%;}.kb-image5843_148761-d9 .kb-image-has-overlay:after{opacity:0.3;}<\/style>\n<figure class=\"wp-block-kadence-image kb-image5843_148761-d9 size-full\"><img loading=\"lazy\" decoding=\"async\" width=\"240\" height=\"179\" src=\"https:\/\/walderlebnispfade.de\/wp-content\/uploads\/2024\/07\/Flagge_Frankreich.jpg\" alt=\"Experiencias forestales en Francia\" class=\"kb-img wp-image-5901\"><\/figure>\n<\/div><\/div>\n\n<\/div><\/div>\n<figure class=\"wp-block-table has-small-font-size\"><table><thead><tr><th>Nombre de la ruta<\/th><th>Direcci\u00f3n<\/th><th>Tel\u00e9fono<\/th><th>Mail<\/th><th>P\u00e1gina web<\/th><th>Meses de apertura<\/th><\/tr><\/thead><tbody><tr><td>Alsacia<\/td><td><br\/>Route de Schoenenbourg, 67160 Drachenbronn<\/td><td>+33 3 69 50 86 00<\/td><td><a href=\"mailto:info@baumwipfelpfad-elsass.de\">info@baumwipfelpfad-elsass.de<\/a><\/td><td><a href=\"https:\/\/treetop-walks.com\/alsace\/de-de\/\" target=\"_blank\" rel=\"noreferrer noopener\">treetop-walks.com\/alsace<\/a><\/td><td>Todo el a\u00f1o<\/td><\/tr><\/tbody><\/table><figcaption class=\"wp-element-caption\">Recorridos por las copas de los \u00e1rboles en Francia<\/figcaption><\/figure>\n\n<hr class=\"wp-block-separator has-alpha-channel-opacity\"\/>\n<style>.kb-row-layout-id5843_3cef35-10 > .kt-row-column-wrap{align-content:start;}:where(.kb-row-layout-id5843_3cef35-10 > .kt-row-column-wrap) > .wp-block-kadence-column{justify-content:start;}.kb-row-layout-id5843_3cef35-10 > .kt-row-column-wrap{column-gap:var(--global-kb-gap-md, 2rem);row-gap:var(--global-kb-gap-md, 2rem);padding-top:var(--global-kb-spacing-sm, 1.5rem);padding-bottom:var(--global-kb-spacing-sm, 1.5rem);grid-template-columns:repeat(2, minmax(0, 1fr));}.kb-row-layout-id5843_3cef35-10 > .kt-row-layout-overlay{opacity:0.30;}@media all and (max-width: 1024px){.kb-row-layout-id5843_3cef35-10 > .kt-row-column-wrap{grid-template-columns:repeat(2, minmax(0, 1fr));}}@media all and (max-width: 767px){.kb-row-layout-id5843_3cef35-10 > .kt-row-column-wrap{grid-template-columns:minmax(0, 1fr);}}<\/style><div class=\"kb-row-layout-wrap kb-row-layout-id5843_3cef35-10 alignnone wp-block-kadence-rowlayout\"><div class=\"kt-row-column-wrap kt-has-2-columns kt-row-layout-equal kt-tab-layout-inherit kt-mobile-layout-row kt-row-valign-top\">\n<style>.kadence-column5843_e64cb9-16 > .kt-inside-inner-col,.kadence-column5843_e64cb9-16 > .kt-inside-inner-col:before{border-top-left-radius:0px;border-top-right-radius:0px;border-bottom-right-radius:0px;border-bottom-left-radius:0px;}.kadence-column5843_e64cb9-16 > .kt-inside-inner-col{column-gap:var(--global-kb-gap-sm, 1rem);}.kadence-column5843_e64cb9-16 > .kt-inside-inner-col{flex-direction:column;}.kadence-column5843_e64cb9-16 > .kt-inside-inner-col > .aligncenter{width:100%;}.kadence-column5843_e64cb9-16 > .kt-inside-inner-col:before{opacity:0.3;}.kadence-column5843_e64cb9-16{position:relative;}@media all and (max-width: 1024px){.kadence-column5843_e64cb9-16 > .kt-inside-inner-col{flex-direction:column;justify-content:center;}}@media all and (max-width: 767px){.kadence-column5843_e64cb9-16 > .kt-inside-inner-col{flex-direction:column;justify-content:center;}}<\/style>\n<div class=\"wp-block-kadence-column kadence-column5843_e64cb9-16\"><div class=\"kt-inside-inner-col\"><style>.wp-block-kadence-advancedheading.kt-adv-heading5843_8cc021-29, .wp-block-kadence-advancedheading.kt-adv-heading5843_8cc021-29[data-kb-block=\"kb-adv-heading5843_8cc021-29\"]{font-style:normal;}.wp-block-kadence-advancedheading.kt-adv-heading5843_8cc021-29 mark.kt-highlight, .wp-block-kadence-advancedheading.kt-adv-heading5843_8cc021-29[data-kb-block=\"kb-adv-heading5843_8cc021-29\"] mark.kt-highlight{font-style:normal;color:#f76a0c;-webkit-box-decoration-break:clone;box-decoration-break:clone;padding-top:0px;padding-right:0px;padding-bottom:0px;padding-left:0px;}.wp-block-kadence-advancedheading.kt-adv-heading5843_8cc021-29 img.kb-inline-image, .wp-block-kadence-advancedheading.kt-adv-heading5843_8cc021-29[data-kb-block=\"kb-adv-heading5843_8cc021-29\"] img.kb-inline-image{width:150px;vertical-align:baseline;}<\/style>\n<h2 class=\"kt-adv-heading5843_8cc021-29 wp-block-kadence-advancedheading\" data-kb-block=\"kb-adv-heading5843_8cc021-29\">Senderos en las copas de los \u00e1rboles en Irlanda<\/h2>\n<\/div><\/div>\n\n\n<style>.kadence-column5843_ea274d-43 > .kt-inside-inner-col,.kadence-column5843_ea274d-43 > .kt-inside-inner-col:before{border-top-left-radius:0px;border-top-right-radius:0px;border-bottom-right-radius:0px;border-bottom-left-radius:0px;}.kadence-column5843_ea274d-43 > .kt-inside-inner-col{column-gap:var(--global-kb-gap-sm, 1rem);}.kadence-column5843_ea274d-43 > .kt-inside-inner-col{flex-direction:column;}.kadence-column5843_ea274d-43 > .kt-inside-inner-col > .aligncenter{width:100%;}.kadence-column5843_ea274d-43 > .kt-inside-inner-col:before{opacity:0.3;}.kadence-column5843_ea274d-43{position:relative;}@media all and (max-width: 1024px){.kadence-column5843_ea274d-43 > .kt-inside-inner-col{flex-direction:column;justify-content:center;}}@media all and (max-width: 767px){.kadence-column5843_ea274d-43 > .kt-inside-inner-col{flex-direction:column;justify-content:center;}}<\/style>\n<div class=\"wp-block-kadence-column kadence-column5843_ea274d-43\"><div class=\"kt-inside-inner-col\"><style>.kb-image5843_e92ec3-e7.kb-image-is-ratio-size, .kb-image5843_e92ec3-e7 .kb-image-is-ratio-size{max-width:50px;width:100%;}.wp-block-kadence-column > .kt-inside-inner-col > .kb-image5843_e92ec3-e7.kb-image-is-ratio-size, .wp-block-kadence-column > .kt-inside-inner-col > .kb-image5843_e92ec3-e7 .kb-image-is-ratio-size{align-self:unset;}.kb-image5843_e92ec3-e7{max-width:50px;}.image-is-svg.kb-image5843_e92ec3-e7{-webkit-flex:0 1 100%;flex:0 1 100%;}.image-is-svg.kb-image5843_e92ec3-e7 img{width:100%;}.kb-image5843_e92ec3-e7 .kb-image-has-overlay:after{opacity:0.3;}<\/style>\n<figure class=\"wp-block-kadence-image kb-image5843_e92ec3-e7 size-full\"><img loading=\"lazy\" decoding=\"async\" width=\"226\" height=\"143\" src=\"https:\/\/walderlebnispfade.de\/wp-content\/uploads\/2024\/07\/Flagge_Irland.jpg\" alt=\"Experiencias forestales en Irlanda\" class=\"kb-img wp-image-5905\"><\/figure>\n<\/div><\/div>\n\n<\/div><\/div>\n<figure class=\"wp-block-table has-small-font-size\"><table><thead><tr><th>Nombre de la ruta<\/th><th>Direcci\u00f3n<\/th><th>Tel\u00e9fono<\/th><th>Mail<\/th><th>P\u00e1gina web<\/th><th>Meses de apertura<\/th><\/tr><\/thead><tbody><tr><td>Avondale<\/td><td><br\/>Rathdrum A67, P303 Condado de Wicklow<\/td><td>+353 404 46111<\/td><td><a href=\"mailto:enquiry@beyondthetreesavondale.com\">enquiry@beyondthetreesavondale.com<\/a><\/td><td><a href=\"https:\/\/www.beyondthetreesavondale.com\/\" target=\"_blank\" rel=\"noreferrer noopener\">beyondthetreesavondale.com<\/a><\/td><td>Todo el a\u00f1o<\/td><\/tr><\/tbody><\/table><figcaption class=\"wp-element-caption\">Rutas por las copas de los \u00e1rboles en Irlanda<\/figcaption><\/figure>\n\n<hr class=\"wp-block-separator has-alpha-channel-opacity\"\/>\n<style>.kb-row-layout-id5843_80cbc8-e2 > .kt-row-column-wrap{align-content:start;}:where(.kb-row-layout-id5843_80cbc8-e2 > .kt-row-column-wrap) > .wp-block-kadence-column{justify-content:start;}.kb-row-layout-id5843_80cbc8-e2 > .kt-row-column-wrap{column-gap:var(--global-kb-gap-md, 2rem);row-gap:var(--global-kb-gap-md, 2rem);padding-top:var(--global-kb-spacing-sm, 1.5rem);padding-bottom:var(--global-kb-spacing-sm, 1.5rem);grid-template-columns:repeat(2, minmax(0, 1fr));}.kb-row-layout-id5843_80cbc8-e2 > .kt-row-layout-overlay{opacity:0.30;}@media all and (max-width: 1024px){.kb-row-layout-id5843_80cbc8-e2 > .kt-row-column-wrap{grid-template-columns:repeat(2, minmax(0, 1fr));}}@media all and (max-width: 767px){.kb-row-layout-id5843_80cbc8-e2 > .kt-row-column-wrap{grid-template-columns:minmax(0, 1fr);}}<\/style><div class=\"kb-row-layout-wrap kb-row-layout-id5843_80cbc8-e2 alignnone wp-block-kadence-rowlayout\"><div class=\"kt-row-column-wrap kt-has-2-columns kt-row-layout-equal kt-tab-layout-inherit kt-mobile-layout-row kt-row-valign-top\">\n<style>.kadence-column5843_e5d0ef-d5 > .kt-inside-inner-col,.kadence-column5843_e5d0ef-d5 > .kt-inside-inner-col:before{border-top-left-radius:0px;border-top-right-radius:0px;border-bottom-right-radius:0px;border-bottom-left-radius:0px;}.kadence-column5843_e5d0ef-d5 > .kt-inside-inner-col{column-gap:var(--global-kb-gap-sm, 1rem);}.kadence-column5843_e5d0ef-d5 > .kt-inside-inner-col{flex-direction:column;}.kadence-column5843_e5d0ef-d5 > .kt-inside-inner-col > .aligncenter{width:100%;}.kadence-column5843_e5d0ef-d5 > .kt-inside-inner-col:before{opacity:0.3;}.kadence-column5843_e5d0ef-d5{position:relative;}@media all and (max-width: 1024px){.kadence-column5843_e5d0ef-d5 > .kt-inside-inner-col{flex-direction:column;justify-content:center;}}@media all and (max-width: 767px){.kadence-column5843_e5d0ef-d5 > .kt-inside-inner-col{flex-direction:column;justify-content:center;}}<\/style>\n<div class=\"wp-block-kadence-column kadence-column5843_e5d0ef-d5\"><div class=\"kt-inside-inner-col\"><style>.wp-block-kadence-advancedheading.kt-adv-heading5843_60d005-a9, .wp-block-kadence-advancedheading.kt-adv-heading5843_60d005-a9[data-kb-block=\"kb-adv-heading5843_60d005-a9\"]{font-style:normal;}.wp-block-kadence-advancedheading.kt-adv-heading5843_60d005-a9 mark.kt-highlight, .wp-block-kadence-advancedheading.kt-adv-heading5843_60d005-a9[data-kb-block=\"kb-adv-heading5843_60d005-a9\"] mark.kt-highlight{font-style:normal;color:#f76a0c;-webkit-box-decoration-break:clone;box-decoration-break:clone;padding-top:0px;padding-right:0px;padding-bottom:0px;padding-left:0px;}.wp-block-kadence-advancedheading.kt-adv-heading5843_60d005-a9 img.kb-inline-image, .wp-block-kadence-advancedheading.kt-adv-heading5843_60d005-a9[data-kb-block=\"kb-adv-heading5843_60d005-a9\"] img.kb-inline-image{width:150px;vertical-align:baseline;}<\/style>\n<h2 class=\"kt-adv-heading5843_60d005-a9 wp-block-kadence-advancedheading\" data-kb-block=\"kb-adv-heading5843_60d005-a9\">Rutas por las copas de los \u00e1rboles en Austria<\/h2>\n<\/div><\/div>\n\n\n<style>.kadence-column5843_a93f99-96 > .kt-inside-inner-col,.kadence-column5843_a93f99-96 > .kt-inside-inner-col:before{border-top-left-radius:0px;border-top-right-radius:0px;border-bottom-right-radius:0px;border-bottom-left-radius:0px;}.kadence-column5843_a93f99-96 > .kt-inside-inner-col{column-gap:var(--global-kb-gap-sm, 1rem);}.kadence-column5843_a93f99-96 > .kt-inside-inner-col{flex-direction:column;}.kadence-column5843_a93f99-96 > .kt-inside-inner-col > .aligncenter{width:100%;}.kadence-column5843_a93f99-96 > .kt-inside-inner-col:before{opacity:0.3;}.kadence-column5843_a93f99-96{position:relative;}@media all and (max-width: 1024px){.kadence-column5843_a93f99-96 > .kt-inside-inner-col{flex-direction:column;justify-content:center;}}@media all and (max-width: 767px){.kadence-column5843_a93f99-96 > .kt-inside-inner-col{flex-direction:column;justify-content:center;}}<\/style>\n<div class=\"wp-block-kadence-column kadence-column5843_a93f99-96\"><div class=\"kt-inside-inner-col\"><style>.kb-image5843_eedb08-0f.kb-image-is-ratio-size, .kb-image5843_eedb08-0f .kb-image-is-ratio-size{max-width:50px;width:100%;}.wp-block-kadence-column > .kt-inside-inner-col > .kb-image5843_eedb08-0f.kb-image-is-ratio-size, .wp-block-kadence-column > .kt-inside-inner-col > .kb-image5843_eedb08-0f .kb-image-is-ratio-size{align-self:unset;}.kb-image5843_eedb08-0f{max-width:50px;}.image-is-svg.kb-image5843_eedb08-0f{-webkit-flex:0 1 100%;flex:0 1 100%;}.image-is-svg.kb-image5843_eedb08-0f img{width:100%;}.kb-image5843_eedb08-0f .kb-image-has-overlay:after{opacity:0.3;}<\/style>\n<figure class=\"wp-block-kadence-image kb-image5843_eedb08-0f size-full\"><img loading=\"lazy\" decoding=\"async\" width=\"223\" height=\"146\" src=\"https:\/\/walderlebnispfade.de\/wp-content\/uploads\/2024\/07\/Flagge_Oesterreich.jpg\" alt=\"Experiencias forestales en Austria\" class=\"kb-img wp-image-5909\"><\/figure>\n<\/div><\/div>\n\n<\/div><\/div>\n<figure class=\"wp-block-table has-small-font-size\"><table><thead><tr><th>Nombre de la ruta<\/th><th>Direcci\u00f3n<\/th><th>Tel\u00e9fono<\/th><th>Mail<\/th><th>P\u00e1gina web<\/th><th>Meses de apertura<\/th><\/tr><\/thead><tbody><tr><td>Lago Klopein<\/td><td><br\/>Schulstra\u00dfe 8, 9122 St. Kanzian am Klopeiner See<\/td><td>+43 4239 26005<\/td><td><a href=\"mailto:info@walderlebniswelt.at\">info@walderlebniswelt.at<\/a><\/td><td><a href=\"https:\/\/www.walderlebniswelt.at\/\" target=\"_blank\" rel=\"noreferrer noopener\">walderlebniswelt.at<\/a><\/td><td>Todo el a\u00f1o<\/td><\/tr><tr><td>Althodis<\/td><td><br\/>Althodis, 7464 Markt-Neuhodis<\/td><td>+43 6645 057 879<\/td><td><a href=\"mailto:office@baumwipfelweg-althodis.at\">office@baumwipfelweg-althodis.at<\/a><\/td><td><a href=\"https:\/\/www.baumwipfelweg-althodis.at\/\" target=\"_blank\" rel=\"noreferrer noopener\">baumwipfelweg-althodis.at<\/a><\/td><td>Actualmente cerrado<\/td><\/tr><tr><td>Jard\u00edn Tulln<\/td><td><br\/>Am Wasserpark 1, 3430 Tulln<\/td><td>+43 2272 68 1 88<\/td><td><a href=\"mailto:office@diegartentulln.at\">office@diegartentulln.at<\/a><\/td><td><a href=\"https:\/\/diegartentulln.at\/\" target=\"_blank\" rel=\"noreferrer noopener\">diegartentulln.at<\/a><\/td><td>Abril-octubre<\/td><\/tr><tr><td>Glemmtal<\/td><td><br\/>Talschlussweg 367, 5754 Hinterglemm<\/td><td>+43 6217 290 29<\/td><td><a href=\"mailto:info@baumzipfelweg.at\">info@baumzipfelweg.at<\/a><\/td><td><a href=\"https:\/\/www.baumzipfelweg.at\/\" target=\"_blank\" rel=\"noreferrer noopener\">baumzipfelweg.at<\/a><\/td><td>Todo el a\u00f1o<\/td><\/tr><tr><td>Kopfing<\/td><td><br\/>Knechtelsdorf 1, 4794 Kopfing<\/td><td>+43 7763 22 890<\/td><td><a href=\"mailto:office@baumkronenweg.at\">office@baumkronenweg.at<\/a><\/td><td><a href=\"https:\/\/www.baumkronenweg.at\/\" target=\"_blank\" rel=\"noreferrer noopener\">baumkronenweg.at<\/a><\/td><td>Todo el a\u00f1o<\/td><\/tr><tr><td>Salzkammergut<\/td><td><br\/>En el Gr\u00fcnberg, 4810 Gmunden<\/td><td>+43 7612 219 000<\/td><td><a href=\"mailto:info@baumwipfelpfad-salzkammergut.at\">info@baumwipfelpfad-salzkammergut.at<\/a><\/td><td><a href=\"https:\/\/treetop-walks.com\/salzkammergut\/\" target=\"_blank\" rel=\"noreferrer noopener\">treetop-walks.com\/salzkammergut\/<\/a><\/td><td>Marzo-Noviembre<\/td><\/tr><\/tbody><\/table><figcaption class=\"wp-element-caption\">Rutas por las copas de los \u00e1rboles en Austria<\/figcaption><\/figure>\n\n<hr class=\"wp-block-separator has-alpha-channel-opacity\"\/>\n<style>.kb-row-layout-id5843_040ec8-b1 > .kt-row-column-wrap{align-content:start;}:where(.kb-row-layout-id5843_040ec8-b1 > .kt-row-column-wrap) > .wp-block-kadence-column{justify-content:start;}.kb-row-layout-id5843_040ec8-b1 > .kt-row-column-wrap{column-gap:var(--global-kb-gap-md, 2rem);row-gap:var(--global-kb-gap-md, 2rem);padding-top:var(--global-kb-spacing-sm, 1.5rem);padding-bottom:var(--global-kb-spacing-sm, 1.5rem);grid-template-columns:repeat(2, minmax(0, 1fr));}.kb-row-layout-id5843_040ec8-b1 > .kt-row-layout-overlay{opacity:0.30;}@media all and (max-width: 1024px){.kb-row-layout-id5843_040ec8-b1 > .kt-row-column-wrap{grid-template-columns:repeat(2, minmax(0, 1fr));}}@media all and (max-width: 767px){.kb-row-layout-id5843_040ec8-b1 > .kt-row-column-wrap{grid-template-columns:minmax(0, 1fr);}}<\/style><div class=\"kb-row-layout-wrap kb-row-layout-id5843_040ec8-b1 alignnone wp-block-kadence-rowlayout\"><div class=\"kt-row-column-wrap kt-has-2-columns kt-row-layout-equal kt-tab-layout-inherit kt-mobile-layout-row kt-row-valign-top\">\n<style>.kadence-column5843_37f435-e1 > .kt-inside-inner-col,.kadence-column5843_37f435-e1 > .kt-inside-inner-col:before{border-top-left-radius:0px;border-top-right-radius:0px;border-bottom-right-radius:0px;border-bottom-left-radius:0px;}.kadence-column5843_37f435-e1 > .kt-inside-inner-col{column-gap:var(--global-kb-gap-sm, 1rem);}.kadence-column5843_37f435-e1 > .kt-inside-inner-col{flex-direction:column;}.kadence-column5843_37f435-e1 > .kt-inside-inner-col > .aligncenter{width:100%;}.kadence-column5843_37f435-e1 > .kt-inside-inner-col:before{opacity:0.3;}.kadence-column5843_37f435-e1{position:relative;}@media all and (max-width: 1024px){.kadence-column5843_37f435-e1 > .kt-inside-inner-col{flex-direction:column;justify-content:center;}}@media all and (max-width: 767px){.kadence-column5843_37f435-e1 > .kt-inside-inner-col{flex-direction:column;justify-content:center;}}<\/style>\n<div class=\"wp-block-kadence-column kadence-column5843_37f435-e1\"><div class=\"kt-inside-inner-col\"><style>.wp-block-kadence-advancedheading.kt-adv-heading5843_26df8a-43, .wp-block-kadence-advancedheading.kt-adv-heading5843_26df8a-43[data-kb-block=\"kb-adv-heading5843_26df8a-43\"]{font-style:normal;}.wp-block-kadence-advancedheading.kt-adv-heading5843_26df8a-43 mark.kt-highlight, .wp-block-kadence-advancedheading.kt-adv-heading5843_26df8a-43[data-kb-block=\"kb-adv-heading5843_26df8a-43\"] mark.kt-highlight{font-style:normal;color:#f76a0c;-webkit-box-decoration-break:clone;box-decoration-break:clone;padding-top:0px;padding-right:0px;padding-bottom:0px;padding-left:0px;}.wp-block-kadence-advancedheading.kt-adv-heading5843_26df8a-43 img.kb-inline-image, .wp-block-kadence-advancedheading.kt-adv-heading5843_26df8a-43[data-kb-block=\"kb-adv-heading5843_26df8a-43\"] img.kb-inline-image{width:150px;vertical-align:baseline;}<\/style>\n<h2 class=\"kt-adv-heading5843_26df8a-43 wp-block-kadence-advancedheading\" data-kb-block=\"kb-adv-heading5843_26df8a-43\">Senderos en las copas de los \u00e1rboles en Suiza<\/h2>\n<\/div><\/div>\n\n\n<style>.kadence-column5843_1cdf8f-c8 > .kt-inside-inner-col,.kadence-column5843_1cdf8f-c8 > .kt-inside-inner-col:before{border-top-left-radius:0px;border-top-right-radius:0px;border-bottom-right-radius:0px;border-bottom-left-radius:0px;}.kadence-column5843_1cdf8f-c8 > .kt-inside-inner-col{column-gap:var(--global-kb-gap-sm, 1rem);}.kadence-column5843_1cdf8f-c8 > .kt-inside-inner-col{flex-direction:column;}.kadence-column5843_1cdf8f-c8 > .kt-inside-inner-col > .aligncenter{width:100%;}.kadence-column5843_1cdf8f-c8 > .kt-inside-inner-col:before{opacity:0.3;}.kadence-column5843_1cdf8f-c8{position:relative;}@media all and (max-width: 1024px){.kadence-column5843_1cdf8f-c8 > .kt-inside-inner-col{flex-direction:column;justify-content:center;}}@media all and (max-width: 767px){.kadence-column5843_1cdf8f-c8 > .kt-inside-inner-col{flex-direction:column;justify-content:center;}}<\/style>\n<div class=\"wp-block-kadence-column kadence-column5843_1cdf8f-c8\"><div class=\"kt-inside-inner-col\"><style>.kb-image5843_a118ba-32.kb-image-is-ratio-size, .kb-image5843_a118ba-32 .kb-image-is-ratio-size{max-width:50px;width:100%;}.wp-block-kadence-column > .kt-inside-inner-col > .kb-image5843_a118ba-32.kb-image-is-ratio-size, .wp-block-kadence-column > .kt-inside-inner-col > .kb-image5843_a118ba-32 .kb-image-is-ratio-size{align-self:unset;}.kb-image5843_a118ba-32{max-width:50px;}.image-is-svg.kb-image5843_a118ba-32{-webkit-flex:0 1 100%;flex:0 1 100%;}.image-is-svg.kb-image5843_a118ba-32 img{width:100%;}.kb-image5843_a118ba-32 .kb-image-has-overlay:after{opacity:0.3;}<\/style>\n<figure class=\"wp-block-kadence-image kb-image5843_a118ba-32 size-full\"><img loading=\"lazy\" decoding=\"async\" width=\"257\" height=\"169\" src=\"https:\/\/walderlebnispfade.de\/wp-content\/uploads\/2024\/07\/Flagge_Schweiz.jpg\" alt=\"Experiencias forestales en Suiza\" class=\"kb-img wp-image-5913\"><\/figure>\n<\/div><\/div>\n\n<\/div><\/div>\n<figure class=\"wp-block-table has-small-font-size\"><table><thead><tr><th>Nombre de la ruta<\/th><th>Direcci\u00f3n<\/th><th>Tel\u00e9fono<\/th><th>Mail<\/th><th>P\u00e1gina web<\/th><th>Meses de apertura<\/th><\/tr><\/thead><tbody><tr><td><strong><a href=\"https:\/\/walderlebnispfade.de\/es\/erlebnisse\/paseo-por-las-copas-de-los-arboles-neckertal\/\" data-type=\"erlebnisse\" data-id=\"6586\">Valle de Necker<\/a><\/strong><\/td><td><br\/>L\u00f6ffelsbergstrasse, 9122 Mogelsberg<\/td><td>+41 71 552 33 03<\/td><td><a href=\"mailto:info@baumwipfelpfad.ch\">info@baumwipfelpfad.ch<\/a><\/td><td><a href=\"https:\/\/baumwipfelpfad.ch\/\" target=\"_blank\" rel=\"noreferrer noopener\">baumwipfelpfad.ch<\/a><\/td><td>Todo el a\u00f1o<\/td><\/tr><\/tbody><\/table><figcaption class=\"wp-element-caption\">Senderos en las copas de los \u00e1rboles en Suiza<\/figcaption><\/figure>\n\n<hr class=\"wp-block-separator has-alpha-channel-opacity\"\/>\n<style>.kb-row-layout-id5843_a407c2-9e > .kt-row-column-wrap{align-content:start;}:where(.kb-row-layout-id5843_a407c2-9e > .kt-row-column-wrap) > .wp-block-kadence-column{justify-content:start;}.kb-row-layout-id5843_a407c2-9e > .kt-row-column-wrap{column-gap:var(--global-kb-gap-md, 2rem);row-gap:var(--global-kb-gap-md, 2rem);padding-top:var(--global-kb-spacing-sm, 1.5rem);padding-bottom:var(--global-kb-spacing-sm, 1.5rem);grid-template-columns:repeat(2, minmax(0, 1fr));}.kb-row-layout-id5843_a407c2-9e > .kt-row-layout-overlay{opacity:0.30;}@media all and (max-width: 1024px){.kb-row-layout-id5843_a407c2-9e > .kt-row-column-wrap{grid-template-columns:repeat(2, minmax(0, 1fr));}}@media all and (max-width: 767px){.kb-row-layout-id5843_a407c2-9e > .kt-row-column-wrap{grid-template-columns:minmax(0, 1fr);}}<\/style><div class=\"kb-row-layout-wrap kb-row-layout-id5843_a407c2-9e alignnone wp-block-kadence-rowlayout\"><div class=\"kt-row-column-wrap kt-has-2-columns kt-row-layout-equal kt-tab-layout-inherit kt-mobile-layout-row kt-row-valign-top\">\n<style>.kadence-column5843_4fec9a-9a > .kt-inside-inner-col,.kadence-column5843_4fec9a-9a > .kt-inside-inner-col:before{border-top-left-radius:0px;border-top-right-radius:0px;border-bottom-right-radius:0px;border-bottom-left-radius:0px;}.kadence-column5843_4fec9a-9a > .kt-inside-inner-col{column-gap:var(--global-kb-gap-sm, 1rem);}.kadence-column5843_4fec9a-9a > .kt-inside-inner-col{flex-direction:column;}.kadence-column5843_4fec9a-9a > .kt-inside-inner-col > .aligncenter{width:100%;}.kadence-column5843_4fec9a-9a > .kt-inside-inner-col:before{opacity:0.3;}.kadence-column5843_4fec9a-9a{position:relative;}@media all and (max-width: 1024px){.kadence-column5843_4fec9a-9a > .kt-inside-inner-col{flex-direction:column;justify-content:center;}}@media all and (max-width: 767px){.kadence-column5843_4fec9a-9a > .kt-inside-inner-col{flex-direction:column;justify-content:center;}}<\/style>\n<div class=\"wp-block-kadence-column kadence-column5843_4fec9a-9a\"><div class=\"kt-inside-inner-col\"><style>.wp-block-kadence-advancedheading.kt-adv-heading5843_095322-0a, .wp-block-kadence-advancedheading.kt-adv-heading5843_095322-0a[data-kb-block=\"kb-adv-heading5843_095322-0a\"]{font-style:normal;}.wp-block-kadence-advancedheading.kt-adv-heading5843_095322-0a mark.kt-highlight, .wp-block-kadence-advancedheading.kt-adv-heading5843_095322-0a[data-kb-block=\"kb-adv-heading5843_095322-0a\"] mark.kt-highlight{font-style:normal;color:#f76a0c;-webkit-box-decoration-break:clone;box-decoration-break:clone;padding-top:0px;padding-right:0px;padding-bottom:0px;padding-left:0px;}.wp-block-kadence-advancedheading.kt-adv-heading5843_095322-0a img.kb-inline-image, .wp-block-kadence-advancedheading.kt-adv-heading5843_095322-0a[data-kb-block=\"kb-adv-heading5843_095322-0a\"] img.kb-inline-image{width:150px;vertical-align:baseline;}<\/style>\n<h2 class=\"kt-adv-heading5843_095322-0a wp-block-kadence-advancedheading\" data-kb-block=\"kb-adv-heading5843_095322-0a\">Rutas por las copas de los \u00e1rboles en Eslovaquia<\/h2>\n<\/div><\/div>\n\n\n<style>.kadence-column5843_d609cc-3f > .kt-inside-inner-col,.kadence-column5843_d609cc-3f > .kt-inside-inner-col:before{border-top-left-radius:0px;border-top-right-radius:0px;border-bottom-right-radius:0px;border-bottom-left-radius:0px;}.kadence-column5843_d609cc-3f > .kt-inside-inner-col{column-gap:var(--global-kb-gap-sm, 1rem);}.kadence-column5843_d609cc-3f > .kt-inside-inner-col{flex-direction:column;}.kadence-column5843_d609cc-3f > .kt-inside-inner-col > .aligncenter{width:100%;}.kadence-column5843_d609cc-3f > .kt-inside-inner-col:before{opacity:0.3;}.kadence-column5843_d609cc-3f{position:relative;}@media all and (max-width: 1024px){.kadence-column5843_d609cc-3f > .kt-inside-inner-col{flex-direction:column;justify-content:center;}}@media all and (max-width: 767px){.kadence-column5843_d609cc-3f > .kt-inside-inner-col{flex-direction:column;justify-content:center;}}<\/style>\n<div class=\"wp-block-kadence-column kadence-column5843_d609cc-3f\"><div class=\"kt-inside-inner-col\"><style>.kb-image5843_2940cd-f0.kb-image-is-ratio-size, .kb-image5843_2940cd-f0 .kb-image-is-ratio-size{max-width:50px;width:100%;}.wp-block-kadence-column > .kt-inside-inner-col > .kb-image5843_2940cd-f0.kb-image-is-ratio-size, .wp-block-kadence-column > .kt-inside-inner-col > .kb-image5843_2940cd-f0 .kb-image-is-ratio-size{align-self:unset;}.kb-image5843_2940cd-f0{max-width:50px;}.image-is-svg.kb-image5843_2940cd-f0{-webkit-flex:0 1 100%;flex:0 1 100%;}.image-is-svg.kb-image5843_2940cd-f0 img{width:100%;}.kb-image5843_2940cd-f0 .kb-image-has-overlay:after{opacity:0.3;}<\/style>\n<figure class=\"wp-block-kadence-image kb-image5843_2940cd-f0 size-full\"><img loading=\"lazy\" decoding=\"async\" width=\"255\" height=\"171\" src=\"https:\/\/walderlebnispfade.de\/wp-content\/uploads\/2024\/07\/Flagge_Slowakei.jpg\" alt=\"Experiencias forestales en Eslovaquia\" class=\"kb-img wp-image-5917\"><\/figure>\n<\/div><\/div>\n\n<\/div><\/div>\n<figure class=\"wp-block-table has-small-font-size\"><table><thead><tr><th>Nombre de la ruta<\/th><th>Direcci\u00f3n<\/th><th>Tel\u00e9fono<\/th><th>Mail<\/th><th>P\u00e1gina web<\/th><th>Meses de apertura<\/th><\/tr><\/thead><tbody><tr><td><a href=\"https:\/\/walderlebnispfade.de\/es\/erlebnisse\/paseo-por-las-copas-de-los-arboles-de-bachledka\/\" data-type=\"erlebnisse\" data-id=\"6451\"><strong>Bachledka<\/strong><\/a><\/td><td><br\/>Bachledova dolina 702, 5955 \u017ddiar<\/td><td>+421 52 44 98 101<\/td><td><a href=\"mailto:info@chodnikkorunamistromov.sk\">info@chodnikkorunamistromov.sk<\/a><\/td><td><a href=\"https:\/\/chodnikkorunamistromov.sk\/en\/\" target=\"_blank\" rel=\"noreferrer noopener\">chodnikkorunamistromov.sk<\/a><\/td><td>Todo el a\u00f1o<\/td><\/tr><\/tbody><\/table><figcaption class=\"wp-element-caption\">Rutas por las copas de los \u00e1rboles en Eslovaquia<\/figcaption><\/figure>\n\n<hr class=\"wp-block-separator has-alpha-channel-opacity\"\/>\n<style>.kb-row-layout-id5843_d005ff-b3 > .kt-row-column-wrap{align-content:start;}:where(.kb-row-layout-id5843_d005ff-b3 > .kt-row-column-wrap) > .wp-block-kadence-column{justify-content:start;}.kb-row-layout-id5843_d005ff-b3 > .kt-row-column-wrap{column-gap:var(--global-kb-gap-md, 2rem);row-gap:var(--global-kb-gap-md, 2rem);padding-top:var(--global-kb-spacing-sm, 1.5rem);padding-bottom:var(--global-kb-spacing-sm, 1.5rem);grid-template-columns:repeat(2, minmax(0, 1fr));}.kb-row-layout-id5843_d005ff-b3 > .kt-row-layout-overlay{opacity:0.30;}@media all and (max-width: 1024px){.kb-row-layout-id5843_d005ff-b3 > .kt-row-column-wrap{grid-template-columns:repeat(2, minmax(0, 1fr));}}@media all and (max-width: 767px){.kb-row-layout-id5843_d005ff-b3 > .kt-row-column-wrap{grid-template-columns:minmax(0, 1fr);}}<\/style><div class=\"kb-row-layout-wrap kb-row-layout-id5843_d005ff-b3 alignnone wp-block-kadence-rowlayout\"><div class=\"kt-row-column-wrap kt-has-2-columns kt-row-layout-equal kt-tab-layout-inherit kt-mobile-layout-row kt-row-valign-top\">\n<style>.kadence-column5843_75d208-87 > .kt-inside-inner-col,.kadence-column5843_75d208-87 > .kt-inside-inner-col:before{border-top-left-radius:0px;border-top-right-radius:0px;border-bottom-right-radius:0px;border-bottom-left-radius:0px;}.kadence-column5843_75d208-87 > .kt-inside-inner-col{column-gap:var(--global-kb-gap-sm, 1rem);}.kadence-column5843_75d208-87 > .kt-inside-inner-col{flex-direction:column;}.kadence-column5843_75d208-87 > .kt-inside-inner-col > .aligncenter{width:100%;}.kadence-column5843_75d208-87 > .kt-inside-inner-col:before{opacity:0.3;}.kadence-column5843_75d208-87{position:relative;}@media all and (max-width: 1024px){.kadence-column5843_75d208-87 > .kt-inside-inner-col{flex-direction:column;justify-content:center;}}@media all and (max-width: 767px){.kadence-column5843_75d208-87 > .kt-inside-inner-col{flex-direction:column;justify-content:center;}}<\/style>\n<div class=\"wp-block-kadence-column kadence-column5843_75d208-87\"><div class=\"kt-inside-inner-col\"><style>.wp-block-kadence-advancedheading.kt-adv-heading5843_cfdf9a-78, .wp-block-kadence-advancedheading.kt-adv-heading5843_cfdf9a-78[data-kb-block=\"kb-adv-heading5843_cfdf9a-78\"]{font-style:normal;}.wp-block-kadence-advancedheading.kt-adv-heading5843_cfdf9a-78 mark.kt-highlight, .wp-block-kadence-advancedheading.kt-adv-heading5843_cfdf9a-78[data-kb-block=\"kb-adv-heading5843_cfdf9a-78\"] mark.kt-highlight{font-style:normal;color:#f76a0c;-webkit-box-decoration-break:clone;box-decoration-break:clone;padding-top:0px;padding-right:0px;padding-bottom:0px;padding-left:0px;}.wp-block-kadence-advancedheading.kt-adv-heading5843_cfdf9a-78 img.kb-inline-image, .wp-block-kadence-advancedheading.kt-adv-heading5843_cfdf9a-78[data-kb-block=\"kb-adv-heading5843_cfdf9a-78\"] img.kb-inline-image{width:150px;vertical-align:baseline;}<\/style>\n<h2 class=\"kt-adv-heading5843_cfdf9a-78 wp-block-kadence-advancedheading\" data-kb-block=\"kb-adv-heading5843_cfdf9a-78\">Rutas por las copas de los \u00e1rboles en Eslovenia<\/h2>\n<\/div><\/div>\n\n\n<style>.kadence-column5843_06cffd-80 > .kt-inside-inner-col,.kadence-column5843_06cffd-80 > .kt-inside-inner-col:before{border-top-left-radius:0px;border-top-right-radius:0px;border-bottom-right-radius:0px;border-bottom-left-radius:0px;}.kadence-column5843_06cffd-80 > .kt-inside-inner-col{column-gap:var(--global-kb-gap-sm, 1rem);}.kadence-column5843_06cffd-80 > .kt-inside-inner-col{flex-direction:column;}.kadence-column5843_06cffd-80 > .kt-inside-inner-col > .aligncenter{width:100%;}.kadence-column5843_06cffd-80 > .kt-inside-inner-col:before{opacity:0.3;}.kadence-column5843_06cffd-80{position:relative;}@media all and (max-width: 1024px){.kadence-column5843_06cffd-80 > .kt-inside-inner-col{flex-direction:column;justify-content:center;}}@media all and (max-width: 767px){.kadence-column5843_06cffd-80 > .kt-inside-inner-col{flex-direction:column;justify-content:center;}}<\/style>\n<div class=\"wp-block-kadence-column kadence-column5843_06cffd-80\"><div class=\"kt-inside-inner-col\"><style>.kb-image5843_e02c2f-d9.kb-image-is-ratio-size, .kb-image5843_e02c2f-d9 .kb-image-is-ratio-size{max-width:50px;width:100%;}.wp-block-kadence-column > .kt-inside-inner-col > .kb-image5843_e02c2f-d9.kb-image-is-ratio-size, .wp-block-kadence-column > .kt-inside-inner-col > .kb-image5843_e02c2f-d9 .kb-image-is-ratio-size{align-self:unset;}.kb-image5843_e02c2f-d9{max-width:50px;}.image-is-svg.kb-image5843_e02c2f-d9{-webkit-flex:0 1 100%;flex:0 1 100%;}.image-is-svg.kb-image5843_e02c2f-d9 img{width:100%;}.kb-image5843_e02c2f-d9 .kb-image-has-overlay:after{opacity:0.3;}<\/style>\n<figure class=\"wp-block-kadence-image kb-image5843_e02c2f-d9 size-full\"><img loading=\"lazy\" decoding=\"async\" width=\"225\" height=\"153\" src=\"https:\/\/walderlebnispfade.de\/wp-content\/uploads\/2024\/07\/Flagge_Slowenien.jpg\" alt=\"Experiencias forestales en Eslovenia\" class=\"kb-img wp-image-5921\"><\/figure>\n<\/div><\/div>\n\n<\/div><\/div>\n<figure class=\"wp-block-table has-small-font-size\"><table><thead><tr><th>Nombre de la ruta<\/th><th>Direcci\u00f3n<\/th><th>Tel\u00e9fono<\/th><th>Mail<\/th><th>P\u00e1gina web<\/th><th>Meses de apertura<\/th><\/tr><\/thead><tbody><tr><td><a href=\"https:\/\/walderlebnispfade.de\/es\/erlebnisse\/paseo-por-las-copas-de-los-arboles-de-pohorje\/\" data-type=\"erlebnisse\" data-id=\"6572\"><strong>Pohorje<\/strong><\/a><\/td><td><br\/>Rogla 111, 3214 Zre\u010de<\/td><td>+386 3 757 60 60<\/td><td><a href=\"mailto:info@potpohorje.si\">info@potpohorje.si<\/a><\/td><td><a href=\"https:\/\/treetop-walks.com\/pohorje\/de-at\/\" target=\"_blank\" rel=\"noreferrer noopener\">treetop-walks.com\/pohorje\/<\/a><\/td><td>Todo el a\u00f1o<\/td><\/tr><\/tbody><\/table><figcaption class=\"wp-element-caption\">Rutas por las copas de los \u00e1rboles en Eslovenia<\/figcaption><\/figure>\n\n<hr class=\"wp-block-separator has-alpha-channel-opacity\"\/>\n<style>.kb-row-layout-id5843_7f28f7-e1 > .kt-row-column-wrap{align-content:start;}:where(.kb-row-layout-id5843_7f28f7-e1 > .kt-row-column-wrap) > .wp-block-kadence-column{justify-content:start;}.kb-row-layout-id5843_7f28f7-e1 > .kt-row-column-wrap{column-gap:var(--global-kb-gap-md, 2rem);row-gap:var(--global-kb-gap-md, 2rem);padding-top:var(--global-kb-spacing-sm, 1.5rem);padding-bottom:var(--global-kb-spacing-sm, 1.5rem);grid-template-columns:repeat(2, minmax(0, 1fr));}.kb-row-layout-id5843_7f28f7-e1 > .kt-row-layout-overlay{opacity:0.30;}@media all and (max-width: 1024px){.kb-row-layout-id5843_7f28f7-e1 > .kt-row-column-wrap{grid-template-columns:repeat(2, minmax(0, 1fr));}}@media all and (max-width: 767px){.kb-row-layout-id5843_7f28f7-e1 > .kt-row-column-wrap{grid-template-columns:minmax(0, 1fr);}}<\/style><div class=\"kb-row-layout-wrap kb-row-layout-id5843_7f28f7-e1 alignnone wp-block-kadence-rowlayout\"><div class=\"kt-row-column-wrap kt-has-2-columns kt-row-layout-equal kt-tab-layout-inherit kt-mobile-layout-row kt-row-valign-top\">\n<style>.kadence-column5843_207c4f-0c > .kt-inside-inner-col,.kadence-column5843_207c4f-0c > .kt-inside-inner-col:before{border-top-left-radius:0px;border-top-right-radius:0px;border-bottom-right-radius:0px;border-bottom-left-radius:0px;}.kadence-column5843_207c4f-0c > .kt-inside-inner-col{column-gap:var(--global-kb-gap-sm, 1rem);}.kadence-column5843_207c4f-0c > .kt-inside-inner-col{flex-direction:column;}.kadence-column5843_207c4f-0c > .kt-inside-inner-col > .aligncenter{width:100%;}.kadence-column5843_207c4f-0c > .kt-inside-inner-col:before{opacity:0.3;}.kadence-column5843_207c4f-0c{position:relative;}@media all and (max-width: 1024px){.kadence-column5843_207c4f-0c > .kt-inside-inner-col{flex-direction:column;justify-content:center;}}@media all and (max-width: 767px){.kadence-column5843_207c4f-0c > .kt-inside-inner-col{flex-direction:column;justify-content:center;}}<\/style>\n<div class=\"wp-block-kadence-column kadence-column5843_207c4f-0c\"><div class=\"kt-inside-inner-col\"><style>.wp-block-kadence-advancedheading.kt-adv-heading5843_c85820-2e, .wp-block-kadence-advancedheading.kt-adv-heading5843_c85820-2e[data-kb-block=\"kb-adv-heading5843_c85820-2e\"]{font-style:normal;}.wp-block-kadence-advancedheading.kt-adv-heading5843_c85820-2e mark.kt-highlight, .wp-block-kadence-advancedheading.kt-adv-heading5843_c85820-2e[data-kb-block=\"kb-adv-heading5843_c85820-2e\"] mark.kt-highlight{font-style:normal;color:#f76a0c;-webkit-box-decoration-break:clone;box-decoration-break:clone;padding-top:0px;padding-right:0px;padding-bottom:0px;padding-left:0px;}.wp-block-kadence-advancedheading.kt-adv-heading5843_c85820-2e img.kb-inline-image, .wp-block-kadence-advancedheading.kt-adv-heading5843_c85820-2e[data-kb-block=\"kb-adv-heading5843_c85820-2e\"] img.kb-inline-image{width:150px;vertical-align:baseline;}<\/style>\n<h2 class=\"kt-adv-heading5843_c85820-2e wp-block-kadence-advancedheading\" data-kb-block=\"kb-adv-heading5843_c85820-2e\">Rutas por las copas de los \u00e1rboles en la Rep\u00fablica Checa<\/h2>\n<\/div><\/div>\n\n\n<style>.kadence-column5843_f8195d-06 > .kt-inside-inner-col,.kadence-column5843_f8195d-06 > .kt-inside-inner-col:before{border-top-left-radius:0px;border-top-right-radius:0px;border-bottom-right-radius:0px;border-bottom-left-radius:0px;}.kadence-column5843_f8195d-06 > .kt-inside-inner-col{column-gap:var(--global-kb-gap-sm, 1rem);}.kadence-column5843_f8195d-06 > .kt-inside-inner-col{flex-direction:column;}.kadence-column5843_f8195d-06 > .kt-inside-inner-col > .aligncenter{width:100%;}.kadence-column5843_f8195d-06 > .kt-inside-inner-col:before{opacity:0.3;}.kadence-column5843_f8195d-06{position:relative;}@media all and (max-width: 1024px){.kadence-column5843_f8195d-06 > .kt-inside-inner-col{flex-direction:column;justify-content:center;}}@media all and (max-width: 767px){.kadence-column5843_f8195d-06 > .kt-inside-inner-col{flex-direction:column;justify-content:center;}}<\/style>\n<div class=\"wp-block-kadence-column kadence-column5843_f8195d-06\"><div class=\"kt-inside-inner-col\"><style>.kb-image5843_82847d-d0.kb-image-is-ratio-size, .kb-image5843_82847d-d0 .kb-image-is-ratio-size{max-width:50px;width:100%;}.wp-block-kadence-column > .kt-inside-inner-col > .kb-image5843_82847d-d0.kb-image-is-ratio-size, .wp-block-kadence-column > .kt-inside-inner-col > .kb-image5843_82847d-d0 .kb-image-is-ratio-size{align-self:unset;}.kb-image5843_82847d-d0{max-width:50px;}.image-is-svg.kb-image5843_82847d-d0{-webkit-flex:0 1 100%;flex:0 1 100%;}.image-is-svg.kb-image5843_82847d-d0 img{width:100%;}.kb-image5843_82847d-d0 .kb-image-has-overlay:after{opacity:0.3;}<\/style>\n<figure class=\"wp-block-kadence-image kb-image5843_82847d-d0 size-full\"><img loading=\"lazy\" decoding=\"async\" width=\"241\" height=\"173\" src=\"https:\/\/walderlebnispfade.de\/wp-content\/uploads\/2024\/07\/Flagge_Tschechien.jpg\" alt=\"Experiencias forestales en la Rep\u00fablica Checa\" class=\"kb-img wp-image-5925\"><\/figure>\n<\/div><\/div>\n\n<\/div><\/div>\n<figure class=\"wp-block-table has-small-font-size\"><table><thead><tr><th>Nombre de la ruta<\/th><th>Direcci\u00f3n<\/th><th>Tel\u00e9fono<\/th><th>Mail<\/th><th>P\u00e1gina web<\/th><th>Meses de apertura<\/th><\/tr><\/thead><tbody><tr><td><a href=\"https:\/\/walderlebnispfade.de\/es\/erlebnisse\/paseo-por-las-copas-de-los-arboles-de-krkonose\/\" data-type=\"erlebnisse\" data-id=\"6419\"><strong>Krkono\u0161e<\/strong><\/a><\/td><td><br\/>Calle Krkono\u0161sk\u00e1 350, 54225 Jansk\u00e9 L\u00e1zn\u011b<\/td><td>+420 499 110 019<\/td><td><a href=\"mailto:info@stezkakrkonose.cz\">info@stezkakrkonose.cz<\/a><\/td><td><a href=\"https:\/\/treetop-walks.com\/krkonose\/de-de\/\" target=\"_blank\" rel=\"noreferrer noopener\">treetop-walks.com\/krkonose\/<\/a><\/td><td>Todo el a\u00f1o<\/td><\/tr><tr><td><a href=\"https:\/\/walderlebnispfade.de\/es\/erlebnisse\/paseo-por-las-copas-de-los-arboles-de-lipno\/\" data-type=\"erlebnisse\" data-id=\"6437\"><strong>Lipno<\/strong><\/a><\/td><td><br\/>Lipno nad Vltavou 307, 38278 Lipno nad Vltavou<\/td><td>+420 388 424 145<\/td><td><a href=\"mailto:info@stezkakorunamistromu.cz\">info@stezkakorunamistromu.cz<\/a><\/td><td><a href=\"https:\/\/www.stezkakorunamistromu.cz\/de\/\" target=\"_blank\" rel=\"noreferrer noopener\">www.stezkakorunamistromu.cz<\/a><\/td><td>Todo el a\u00f1o<\/td><\/tr><\/tbody><\/table><figcaption class=\"wp-element-caption\">Rutas por las copas de los \u00e1rboles en la Rep\u00fablica Checa<\/figcaption><\/figure>\n\n<hr class=\"wp-block-separator has-alpha-channel-opacity\"\/>\n<style>.kb-image5843_194c85-9e .kb-image-has-overlay:after{opacity:0.3;}<\/style>\n<div class=\"wp-block-kadence-image kb-image5843_194c85-9e\"><figure class=\"aligncenter size-full\"><img loading=\"lazy\" decoding=\"async\" width=\"1024\" height=\"683\" src=\"https:\/\/walderlebnispfade.de\/wp-content\/uploads\/2024\/07\/Baumkronenweg_Winter.jpg\" alt=\"Paseo por las copas de los \u00e1rboles en invierno\" class=\"kb-img wp-image-5991\" srcset=\"https:\/\/walderlebnispfade.de\/wp-content\/uploads\/2024\/07\/Baumkronenweg_Winter.jpg 1024w, https:\/\/walderlebnispfade.de\/wp-content\/uploads\/2024\/07\/Baumkronenweg_Winter-300x200.jpg 300w, https:\/\/walderlebnispfade.de\/wp-content\/uploads\/2024\/07\/Baumkronenweg_Winter-768x512.jpg 768w\" sizes=\"auto, (max-width: 1024px) 100vw, 1024px\" \/><\/figure><\/div>\n<div style=\"line-height:1.7; padding-top:var(--wp--preset--spacing--30);padding-bottom:var(--wp--preset--spacing--30);padding-left:var(--wp--preset--spacing--30);padding-right:var(--wp--preset--spacing--30);\" class=\"wp-block-post-author has-background has-theme-palette-7-background-color has-medium-font-size\"><div class=\"wp-block-post-author__avatar\"><img alt='Moni' src='https:\/\/walderlebnispfade.de\/wp-content\/uploads\/2025\/01\/cropped-Moni-Profil-96x96.jpg' srcset='https:\/\/walderlebnispfade.de\/wp-content\/uploads\/2025\/01\/cropped-Moni-Profil-192x192.jpg 2x' class='avatar avatar-96 photo' height='96' width='96' \/><\/div><div class=\"wp-block-post-author__content\"><p class=\"wp-block-post-author__name\">Moni<\/p><p class=\"wp-block-post-author__bio\">Ich bin seit vielen Jahren begeisterter Outdoor-Fan und m\u00f6chte meine Erfahrungen \u00fcber tolle Erlebnisse in Deutschland und Europa der letzten Jahre hier mit Dir teilen. \r\n\r\nEgal ob Klettern, Wandern oder einfach nur die Natur genie\u00dfen, es gibt so viele tolle M\u00f6glichkeiten seine Zeit im Freien zu verbringen. Sicher ist auch f\u00fcr Dich etwas in der Sammlung unserer Walderlebnisse dabei.<\/p><\/div><\/div><style>.wp-block-kadence-advancedheading.kt-adv-heading5843_4cbc8c-17, .wp-block-kadence-advancedheading.kt-adv-heading5843_4cbc8c-17[data-kb-block=\"kb-adv-heading5843_4cbc8c-17\"]{font-style:normal;}.wp-block-kadence-advancedheading.kt-adv-heading5843_4cbc8c-17 mark.kt-highlight, .wp-block-kadence-advancedheading.kt-adv-heading5843_4cbc8c-17[data-kb-block=\"kb-adv-heading5843_4cbc8c-17\"] mark.kt-highlight{font-style:normal;color:#f76a0c;-webkit-box-decoration-break:clone;box-decoration-break:clone;padding-top:0px;padding-right:0px;padding-bottom:0px;padding-left:0px;}.wp-block-kadence-advancedheading.kt-adv-heading5843_4cbc8c-17 img.kb-inline-image, .wp-block-kadence-advancedheading.kt-adv-heading5843_4cbc8c-17[data-kb-block=\"kb-adv-heading5843_4cbc8c-17\"] img.kb-inline-image{width:150px;vertical-align:baseline;}<\/style>\n<h2 class=\"kt-adv-heading5843_4cbc8c-17 wp-block-kadence-advancedheading\" data-kb-block=\"kb-adv-heading5843_4cbc8c-17\">FAQ \u2013 Preguntas m\u00e1s frecuentes<\/h2>\n<div id=\"rank-math-faq\" class=\"rank-math-block\">\n<div class=\"rank-math-list \">\n<div id=\"faq-question-1722348446858\" class=\"rank-math-list-item\">\n<h4 class=\"rank-math-question \">\u00bfQu\u00e9 es un paseo por las copas de los \u00e1rboles?<\/h4>\n<div class=\"rank-math-answer \">\n\n<p>Un paseo por las copas de los \u00e1rboles es una red elevada de senderos que atraviesa las copas de los \u00e1rboles de un bosque y ofrece a los visitantes la oportunidad de experimentar la naturaleza desde una nueva perspectiva. Suelen utilizarse paneles informativos para impartir conocimientos adicionales. <\/p>\n\n<\/div>\n<\/div>\n<div id=\"faq-question-1722348639615\" class=\"rank-math-list-item\">\n<h4 class=\"rank-math-question \">\u00bfD\u00f3nde est\u00e1n los senderos por las copas de los \u00e1rboles m\u00e1s conocidos de Alemania?<\/h4>\n<div class=\"rank-math-answer \">\n\n<p>Los paseos por las copas de los \u00e1rboles m\u00e1s conocidos de Alemania son el paseo por las copas de los \u00e1rboles del Bosque B\u00e1varo, el paseo por las copas de los \u00e1rboles del Parque Nacional de Hainich y el paseo por las copas de los \u00e1rboles de la Selva Negra.<\/p>\n\n<\/div>\n<\/div>\n<div id=\"faq-question-1722348655422\" class=\"rank-math-list-item\">\n<h4 class=\"rank-math-question \">\u00bfCu\u00e1nto dura una visita a un paseo por las copas de los \u00e1rboles?<\/h4>\n<div class=\"rank-math-answer \">\n\n<p>La duraci\u00f3n de una visita depende de la longitud del sendero y del ritmo individual. Por regla general, una visita dura entre 1 y 2 horas. <\/p>\n\n<\/div>\n<\/div>\n<div id=\"faq-question-1722348670814\" class=\"rank-math-list-item\">\n<h4 class=\"rank-math-question \">\u00bfLos senderos en las copas de los \u00e1rboles son accesibles sin barreras?<\/h4>\n<div class=\"rank-math-answer \">\n\n<p>Muchos senderos no tienen barreras y, por tanto, son accesibles para usuarios de sillas de ruedas y familias con carritos de beb\u00e9. Sin embargo, es aconsejable informarse sobre las condiciones respectivas antes de visitarlos. \u00a1Nuestras <a href=\"https:\/\/walderlebnispfade.de\/es\/experiencias-forestales\/\" data-type=\"page\" data-id=\"228\">p\u00e1ginas detalladas <\/a>indican si el sendero est\u00e1 libre de barreras!  <\/p>\n\n<\/div>\n<\/div>\n<div id=\"faq-question-1722348754230\" class=\"rank-math-list-item\">\n<h4 class=\"rank-math-question \">\u00bfQu\u00e9 precauciones de seguridad hay en los paseos por las copas de los \u00e1rboles?<\/h4>\n<div class=\"rank-math-answer \">\n\n<p>Los senderos en las copas de los \u00e1rboles suelen estar equipados con barandillas y superficies antideslizantes. Tambi\u00e9n suele haber se\u00f1ales informativas que indican normas de comportamiento y medidas de seguridad. <\/p>\n\n<\/div>\n<\/div>\n<div id=\"faq-question-1722348777567\" class=\"rank-math-list-item\">\n<h4 class=\"rank-math-question \">\u00bfSe pueden hacer excursiones por las copas de los \u00e1rboles durante todo el a\u00f1o?<\/h4>\n<div class=\"rank-math-answer \">\n\n<p>Muchos senderos en las copas de los \u00e1rboles est\u00e1n abiertos todo el a\u00f1o, pero las condiciones meteorol\u00f3gicas, como la nieve o el hielo, pueden provocar cierres temporales. Es aconsejable comprobar los horarios de apertura actuales antes de visitarlos. Los datos de contacto se encuentran en las respectivas p\u00e1ginas detalladas <a href=\"https:\/\/walderlebnispfade.de\/es\/experiencias-forestales\/\" data-type=\"page\" data-id=\"228\">aqu\u00ed<\/a>.  <\/p>\n\n<\/div>\n<\/div>\n<div id=\"faq-question-1722348824068\" class=\"rank-math-list-item\">\n<h4 class=\"rank-math-question \">\u00bfHay visitas guiadas en los paseos por las copas de los \u00e1rboles?<\/h4>\n<div class=\"rank-math-answer \">\n\n<p>S\u00ed, muchos paseos y senderos por las copas de los \u00e1rboles ofrecen visitas guiadas en las que los visitantes pueden aprender m\u00e1s sobre la flora y la fauna del bosque y sobre la construcci\u00f3n del sendero.<\/p>\n\n<\/div>\n<\/div>\n<div id=\"faq-question-1722348883821\" class=\"rank-math-list-item\">\n<h4 class=\"rank-math-question \">\u00bfSe admiten perros en los senderos de las copas de los \u00e1rboles?<\/h4>\n<div class=\"rank-math-answer \">\n\n<p>Las normas para los perros var\u00edan seg\u00fan el sendero. Algunos senderos admiten perros con correa, mientras que otros no los admiten por motivos de seguridad y conservaci\u00f3n de la naturaleza. Puedes encontrar m\u00e1s informaci\u00f3n en las respectivas p\u00e1ginas detalladas <a href=\"https:\/\/walderlebnispfade.de\/es\/experiencias-forestales\/\" data-type=\"page\" data-id=\"228\">aqu\u00ed<\/a>.  <\/p>\n\n<\/div>\n<\/div>\n<div id=\"faq-question-1722348915197\" class=\"rank-math-list-item\">\n<h4 class=\"rank-math-question \">\u00bfA qu\u00e9 altura est\u00e1n los senderos por las copas de los \u00e1rboles?<\/h4>\n<div class=\"rank-math-answer \">\n\n<p>La altura de los senderos por las copas de los \u00e1rboles var\u00eda, pero suele estar entre 10 y 40 metros por encima del suelo del bosque, lo que proporciona unas vistas impresionantes.<\/p>\n\n<\/div>\n<\/div>\n<\/div>\n<\/div>","protected":false},"excerpt":{"rendered":"<p>Experimenta las copas de los \u00e1rboles de Europa: tu resumen definitivo de todas las rutas conocidas por las copas de los \u00e1rboles Bienvenido a nuestro completo resumen de los recorridos&#8230;<\/p>\n","protected":false},"author":2,"featured_media":5847,"comment_status":"open","ping_status":"open","sticky":false,"template":"","format":"standard","meta":{"_kad_blocks_custom_css":"","_kad_blocks_head_custom_js":"","_kad_blocks_body_custom_js":"","_kad_blocks_footer_custom_js":"","_kad_post_transparent":"","_kad_post_title":"","_kad_post_layout":"","_kad_post_sidebar_id":"","_kad_post_content_style":"","_kad_post_vertical_padding":"","_kad_post_feature":"","_kad_post_feature_position":"","_kad_post_header":false,"_kad_post_footer":false,"_kad_post_classname":"","yasr_overall_rating":0,"yasr_post_is_review":"","yasr_auto_insert_disabled":"","yasr_review_type":"","footnotes":""},"categories":[57],"tags":[],"class_list":["post-6228","post","type-post","status-publish","format-standard","has-post-thumbnail","hentry","category-infos-es"],"yasr_visitor_votes":{"stars_attributes":{"read_only":false,"span_bottom":false},"number_of_votes":0,"sum_votes":0},"taxonomy_info":{"category":[{"value":57,"label":"Infos"}]},"featured_image_src_large":["https:\/\/walderlebnispfade.de\/wp-content\/uploads\/2024\/07\/Baumwipfelpfad_Blog.jpg",1024,576,false],"author_info":{"display_name":"Moni","author_link":"https:\/\/walderlebnispfade.de\/es\/author\/moni\/"},"comment_info":0,"category_info":[{"term_id":57,"name":"Infos","slug":"infos-es","term_group":0,"term_taxonomy_id":57,"taxonomy":"category","description":"","parent":0,"count":11,"filter":"raw","cat_ID":57,"category_count":11,"category_description":"","cat_name":"Infos","category_nicename":"infos-es","category_parent":0}],"tag_info":false,"_links":{"self":[{"href":"https:\/\/walderlebnispfade.de\/es\/wp-json\/wp\/v2\/posts\/6228","targetHints":{"allow":["GET"]}}],"collection":[{"href":"https:\/\/walderlebnispfade.de\/es\/wp-json\/wp\/v2\/posts"}],"about":[{"href":"https:\/\/walderlebnispfade.de\/es\/wp-json\/wp\/v2\/types\/post"}],"author":[{"embeddable":true,"href":"https:\/\/walderlebnispfade.de\/es\/wp-json\/wp\/v2\/users\/2"}],"replies":[{"embeddable":true,"href":"https:\/\/walderlebnispfade.de\/es\/wp-json\/wp\/v2\/comments?post=6228"}],"version-history":[{"count":5,"href":"https:\/\/walderlebnispfade.de\/es\/wp-json\/wp\/v2\/posts\/6228\/revisions"}],"predecessor-version":[{"id":7310,"href":"https:\/\/walderlebnispfade.de\/es\/wp-json\/wp\/v2\/posts\/6228\/revisions\/7310"}],"wp:featuredmedia":[{"embeddable":true,"href":"https:\/\/walderlebnispfade.de\/es\/wp-json\/wp\/v2\/media\/5847"}],"wp:attachment":[{"href":"https:\/\/walderlebnispfade.de\/es\/wp-json\/wp\/v2\/media?parent=6228"}],"wp:term":[{"taxonomy":"category","embeddable":true,"href":"https:\/\/walderlebnispfade.de\/es\/wp-json\/wp\/v2\/categories?post=6228"},{"taxonomy":"post_tag","embeddable":true,"href":"https:\/\/walderlebnispfade.de\/es\/wp-json\/wp\/v2\/tags?post=6228"}],"curies":[{"name":"wp","href":"https:\/\/api.w.org\/{rel}","templated":true}]}}