{"id":6520,"date":"2025-02-09T20:45:36","date_gmt":"2025-02-09T19:45:36","guid":{"rendered":"https:\/\/walderlebnispfade.de\/bosques-de-cuento-en-europa\/"},"modified":"2026-04-21T21:43:34","modified_gmt":"2026-04-21T19:43:34","slug":"bosques-de-cuento-en-europa","status":"publish","type":"post","link":"https:\/\/walderlebnispfade.de\/es\/bosques-de-cuento-en-europa\/","title":{"rendered":"Bosques de cuento en Europa"},"content":{"rendered":"\n<h2 class=\"wp-block-heading\"><strong>Bosques de cuento en Europa: donde las leyendas cobran vida<\/strong><\/h2>\n\n<p>Durante muchos a\u00f1os, los bosques de cuento de hadas de Europa han sido una experiencia forestal emocionante y fascinante, especialmente para los visitantes m\u00e1s j\u00f3venes. Ya sean densos bosques cubiertos de musgo que recuerdan los cuentos de los hermanos Grimm o parques de cuentos de hadas dise\u00f1ados con esmero, donde puedes vivir de cerca los cuentos m\u00e1s famosos, hay lugares por toda Europa donde los cuentos de hadas se hacen realidad. En este art\u00edculo, te llevamos de viaje por los bosques de cuento m\u00e1s bellos y fascinantes de Europa. Descubre paisajes m\u00e1gicos, leyendas misteriosas y destinos de cuento que encantar\u00e1n a grandes y peque\u00f1os.   <\/p>\n<style>.kb-table-of-content-nav.kb-table-of-content-id6473_85715c-4c .kb-table-of-content-wrap{padding-top:var(--global-kb-spacing-sm, 1.5rem);padding-right:var(--global-kb-spacing-sm, 1.5rem);padding-bottom:var(--global-kb-spacing-sm, 1.5rem);padding-left:var(--global-kb-spacing-sm, 1.5rem);background-color:var(--global-palette8, #F7FAFC);box-shadow:inset 0px 0px 14px 0px rgba(0, 0, 0, 0.2);}.kb-table-of-content-nav.kb-table-of-content-id6473_85715c-4c .kb-table-of-contents-title-wrap{padding-top:0px;padding-right:0px;padding-bottom:0px;padding-left:0px;}.kb-table-of-content-nav.kb-table-of-content-id6473_85715c-4c .kb-table-of-contents-title{font-weight:regular;font-style:normal;}.kb-table-of-content-nav.kb-table-of-content-id6473_85715c-4c .kb-table-of-content-wrap .kb-table-of-content-list{font-weight:regular;font-style:normal;margin-top:var(--global-kb-spacing-sm, 1.5rem);margin-right:0px;margin-bottom:0px;margin-left:0px;}.kb-table-of-content-nav.kb-table-of-content-id6473_85715c-4c .kb-toggle-icon-style-basiccircle .kb-table-of-contents-icon-trigger:after, .kb-table-of-content-nav.kb-table-of-content-id6473_85715c-4c .kb-toggle-icon-style-basiccircle .kb-table-of-contents-icon-trigger:before, .kb-table-of-content-nav.kb-table-of-content-id6473_85715c-4c .kb-toggle-icon-style-arrowcircle .kb-table-of-contents-icon-trigger:after, .kb-table-of-content-nav.kb-table-of-content-id6473_85715c-4c .kb-toggle-icon-style-arrowcircle .kb-table-of-contents-icon-trigger:before, .kb-table-of-content-nav.kb-table-of-content-id6473_85715c-4c .kb-toggle-icon-style-xclosecircle .kb-table-of-contents-icon-trigger:after, .kb-table-of-content-nav.kb-table-of-content-id6473_85715c-4c .kb-toggle-icon-style-xclosecircle .kb-table-of-contents-icon-trigger:before{background-color:var(--global-palette8, #F7FAFC);}<\/style>\n<h3 class=\"wp-block-heading\">Mapa de los bosques de cuento en Europa<\/h3>\n\n<p>Puedes filtrar por pa\u00eds en el mapa desplegando la barra de men\u00fa de la izquierda. Simplemente haz clic en el s\u00edmbolo de la esquina superior izquierda. <\/p>\n<style>.kadence-column6473_5cc78d-79 > .kt-inside-inner-col{display:flex;}.kadence-column6473_5cc78d-79 > .kt-inside-inner-col,.kadence-column6473_5cc78d-79 > .kt-inside-inner-col:before{border-top-left-radius:0px;border-top-right-radius:0px;border-bottom-right-radius:0px;border-bottom-left-radius:0px;}.kadence-column6473_5cc78d-79 > .kt-inside-inner-col{column-gap:var(--global-kb-gap-sm, 1rem);}.kadence-column6473_5cc78d-79 > .kt-inside-inner-col{flex-direction:column;align-items:center;}.kadence-column6473_5cc78d-79 > .kt-inside-inner-col > .kb-image-is-ratio-size{align-self:stretch;}.kadence-column6473_5cc78d-79 > .kt-inside-inner-col > .wp-block-kadence-advancedgallery{align-self:stretch;}.kadence-column6473_5cc78d-79 > .kt-inside-inner-col > .aligncenter{width:100%;}.kadence-column6473_5cc78d-79 > .kt-inside-inner-col:before{opacity:0.3;}.kadence-column6473_5cc78d-79{text-align:center;}.kadence-column6473_5cc78d-79{position:relative;}@media all and (max-width: 1024px){.kadence-column6473_5cc78d-79 > .kt-inside-inner-col{flex-direction:column;justify-content:center;align-items:center;}}@media all and (max-width: 767px){.kadence-column6473_5cc78d-79 > .kt-inside-inner-col{flex-direction:column;justify-content:center;align-items:center;}}<\/style>\n<div class=\"wp-block-kadence-column kadence-column6473_5cc78d-79\"><div class=\"kt-inside-inner-col\">\n<iframe loading=\"lazy\" src=\"https:\/\/www.google.com\/maps\/d\/u\/0\/embed?mid=14Aw0eFclqQuXWZDemKuoYDJbdrVhoyE&#038;ehbc=2E312F\" width=\"1024\" height=\"480\"><\/iframe>\n<\/div><\/div>\n\n<hr class=\"wp-block-separator has-alpha-channel-opacity\" style=\"margin-top:var(--wp--preset--spacing--50);margin-bottom:var(--wp--preset--spacing--50)\"\/>\n<style>.kadence-column6473_80d740-66 > .kt-inside-inner-col{display:flex;}.kadence-column6473_80d740-66 > .kt-inside-inner-col{padding-top:var(--global-kb-spacing-xs, 1rem);padding-right:var(--global-kb-spacing-xs, 1rem);padding-bottom:var(--global-kb-spacing-xs, 1rem);padding-left:var(--global-kb-spacing-xs, 1rem);}.kadence-column6473_80d740-66 > .kt-inside-inner-col{box-shadow:0px 0px 14px 0px rgba(0, 0, 0, 0.2);}.kadence-column6473_80d740-66 > .kt-inside-inner-col,.kadence-column6473_80d740-66 > .kt-inside-inner-col:before{border-top-left-radius:0px;border-top-right-radius:0px;border-bottom-right-radius:0px;border-bottom-left-radius:0px;}.kadence-column6473_80d740-66 > .kt-inside-inner-col{column-gap:var(--global-kb-gap-sm, 1rem);}.kadence-column6473_80d740-66 > .kt-inside-inner-col{flex-direction:column;align-items:center;}.kadence-column6473_80d740-66 > .kt-inside-inner-col > .kb-image-is-ratio-size{align-self:stretch;}.kadence-column6473_80d740-66 > .kt-inside-inner-col > .wp-block-kadence-advancedgallery{align-self:stretch;}.kadence-column6473_80d740-66 > .kt-inside-inner-col > .aligncenter{width:100%;}.kadence-column6473_80d740-66 > .kt-inside-inner-col{background-color:var(--global-palette8, #F7FAFC);}.kadence-column6473_80d740-66 > .kt-inside-inner-col:before{opacity:0.3;}.kadence-column6473_80d740-66{position:relative;}@media all and (max-width: 1024px){.kadence-column6473_80d740-66 > .kt-inside-inner-col{flex-direction:column;justify-content:center;align-items:center;}}@media all and (max-width: 767px){.kadence-column6473_80d740-66 > .kt-inside-inner-col{flex-direction:column;justify-content:center;align-items:center;}}<\/style>\n<div class=\"wp-block-kadence-column kadence-column6473_80d740-66\"><div class=\"kt-inside-inner-col\">\n<p>Valora este resumen de los bosques de cuento de hadas de Europa. Nos ayudas a nosotros y a otros amantes de la naturaleza. Muchas gracias \ud83d\ude42 \u00a1!<\/p>\n\n\n\n<div class=\"wp-block-yet-another-stars-rating-visitor-votes aligncenter yasr-vv-block\"><\/div>\n\n\n\n<p>Tambi\u00e9n puedes encontrar todas las dem\u00e1s categor\u00edas en la <a href=\"https:\/\/walderlebnispfade.de\/es\/experiencias-forestales\/\" data-type=\"page\" data-id=\"228\">b\u00fasqueda de experiencia<\/a>.<\/p>\n<\/div><\/div>\n\n<hr class=\"wp-block-separator has-alpha-channel-opacity\" style=\"margin-top:var(--wp--preset--spacing--50);margin-bottom:var(--wp--preset--spacing--50)\"\/>\n<style>.kb-row-layout-id6473_654084-27 > .kt-row-column-wrap{align-content:start;}:where(.kb-row-layout-id6473_654084-27 > .kt-row-column-wrap) > .wp-block-kadence-column{justify-content:start;}.kb-row-layout-id6473_654084-27 > .kt-row-column-wrap{column-gap:var(--global-kb-gap-md, 2rem);row-gap:var(--global-kb-gap-md, 2rem);padding-top:var(--global-kb-spacing-sm, 1.5rem);padding-bottom:var(--global-kb-spacing-sm, 1.5rem);grid-template-columns:repeat(2, minmax(0, 1fr));}.kb-row-layout-id6473_654084-27 > .kt-row-layout-overlay{opacity:0.30;}@media all and (max-width: 1024px){.kb-row-layout-id6473_654084-27 > .kt-row-column-wrap{grid-template-columns:repeat(2, minmax(0, 1fr));}}@media all and (max-width: 767px){.kb-row-layout-id6473_654084-27 > .kt-row-column-wrap{grid-template-columns:minmax(0, 1fr);}}<\/style><div class=\"kb-row-layout-wrap kb-row-layout-id6473_654084-27 alignnone wp-block-kadence-rowlayout\"><div class=\"kt-row-column-wrap kt-has-2-columns kt-row-layout-equal kt-tab-layout-inherit kt-mobile-layout-row kt-row-valign-top\">\n<style>.kadence-column6473_664a09-a7 > .kt-inside-inner-col,.kadence-column6473_664a09-a7 > .kt-inside-inner-col:before{border-top-left-radius:0px;border-top-right-radius:0px;border-bottom-right-radius:0px;border-bottom-left-radius:0px;}.kadence-column6473_664a09-a7 > .kt-inside-inner-col{column-gap:var(--global-kb-gap-sm, 1rem);}.kadence-column6473_664a09-a7 > .kt-inside-inner-col{flex-direction:column;}.kadence-column6473_664a09-a7 > .kt-inside-inner-col > .aligncenter{width:100%;}.kadence-column6473_664a09-a7 > .kt-inside-inner-col:before{opacity:0.3;}.kadence-column6473_664a09-a7{position:relative;}@media all and (max-width: 1024px){.kadence-column6473_664a09-a7 > .kt-inside-inner-col{flex-direction:column;justify-content:center;}}@media all and (max-width: 767px){.kadence-column6473_664a09-a7 > .kt-inside-inner-col{flex-direction:column;justify-content:center;}}<\/style>\n<div class=\"wp-block-kadence-column kadence-column6473_664a09-a7\"><div class=\"kt-inside-inner-col\">\n<h2 class=\"wp-block-heading\"><strong>Bosques de cuento en<\/strong> Alemania<\/h2>\n<\/div><\/div>\n\n\n<style>.kadence-column6473_66ce7b-99 > .kt-inside-inner-col,.kadence-column6473_66ce7b-99 > .kt-inside-inner-col:before{border-top-left-radius:0px;border-top-right-radius:0px;border-bottom-right-radius:0px;border-bottom-left-radius:0px;}.kadence-column6473_66ce7b-99 > .kt-inside-inner-col{column-gap:var(--global-kb-gap-sm, 1rem);}.kadence-column6473_66ce7b-99 > .kt-inside-inner-col{flex-direction:column;}.kadence-column6473_66ce7b-99 > .kt-inside-inner-col > .aligncenter{width:100%;}.kadence-column6473_66ce7b-99 > .kt-inside-inner-col:before{opacity:0.3;}.kadence-column6473_66ce7b-99{position:relative;}@media all and (max-width: 1024px){.kadence-column6473_66ce7b-99 > .kt-inside-inner-col{flex-direction:column;justify-content:center;}}@media all and (max-width: 767px){.kadence-column6473_66ce7b-99 > .kt-inside-inner-col{flex-direction:column;justify-content:center;}}<\/style>\n<div class=\"wp-block-kadence-column kadence-column6473_66ce7b-99\"><div class=\"kt-inside-inner-col\"><style>.kb-image6473_facb11-10.kb-image-is-ratio-size, .kb-image6473_facb11-10 .kb-image-is-ratio-size{max-width:65px;width:100%;}.wp-block-kadence-column > .kt-inside-inner-col > .kb-image6473_facb11-10.kb-image-is-ratio-size, .wp-block-kadence-column > .kt-inside-inner-col > .kb-image6473_facb11-10 .kb-image-is-ratio-size{align-self:unset;}.kb-image6473_facb11-10{max-width:65px;}.image-is-svg.kb-image6473_facb11-10{-webkit-flex:0 1 100%;flex:0 1 100%;}.image-is-svg.kb-image6473_facb11-10 img{width:100%;}.kb-image6473_facb11-10 .kb-image-has-overlay:after{opacity:0.3;}<\/style>\n<figure class=\"wp-block-kadence-image kb-image6473_facb11-10 size-full\"><img loading=\"lazy\" decoding=\"async\" width=\"255\" height=\"171\" src=\"https:\/\/walderlebnispfade.de\/wp-content\/uploads\/2024\/07\/Flagge_Deutschland.jpg\" alt=\"Walderlebnisse in Deutschland\" class=\"kb-img wp-image-5897\"\/><\/figure>\n<\/div><\/div>\n\n<\/div><\/div>\n<p>A continuaci\u00f3n encontrar\u00e1s un resumen de 23 interesantes y emocionantes bosques de cuento de hadas en Alemania. Para mayor claridad, he dividido las direcciones de las tablas por estados federados. Detr\u00e1s del nombre del bosque de cuento encontrar\u00e1s (si ya est\u00e1 creada) el enlace a la p\u00e1gina de detalles aqu\u00ed en Walderlebnispfade.de, y el sitio web remite directamente al operador. M\u00e1s abajo encontrar\u00e1s 2 parques de cuentos de hadas de otros pa\u00edses europeos.   <\/p>\n\n<h3 class=\"wp-block-heading\">Bosques de cuento en Baden-Wurtemberg<\/h3>\n\n<figure class=\"wp-block-table has-small-font-size\"><table><thead><tr><th>Nombre<\/th><th>Direcci\u00f3n<\/th><th>Tel\u00e9fono<\/th><th>Mail<\/th><th>P\u00e1gina web<\/th><th>Meses de apertura<\/th><\/tr><\/thead><tbody><tr><td>Bosque de cuento de hadas de Heidelberg<\/td><td><br\/>K\u00f6nigstuhl 5, 69117 Heidelberg<\/td><td>+49 6221 23416<\/td><td><a href=\"mailto:info@maerchenparadies.de\">info@maerchenparadies.de<\/a><\/td><td><a href=\"https:\/\/maerchen-paradies.de\/\" target=\"_blank\" data-type=\"link\" data-id=\"https:\/\/maerchen-paradies.de\/\" rel=\"noreferrer noopener\">maerchen-paradies.de<\/a><\/td><td>Marzo-Noviembre<\/td><\/tr><tr><td>Bosque de cuento de hadas de K\u00fcrnbach<\/td><td><br\/>Klosterstra\u00dfe 101, 75057 K\u00fcrnbach<\/td><td>+49 151 65029229<\/td><td><a href=\"mailto:kuernbacher-maerchenwald@posteo.de\">kuernbacher-maerchenwald@posteo.de<\/a><\/td><td><a href=\"https:\/\/www.maerchenwald-kuernbach.de\/\" target=\"_blank\" data-type=\"link\" data-id=\"https:\/\/www.maerchenwald-kuernbach.de\/\" rel=\"noreferrer noopener\">maerchenwald-kuernbach.de<\/a><\/td><td>Abril-octubre<\/td><\/tr><tr><td>Granja de ponis y parque de cuento de hadas Zwergental<\/td><td><br\/>Beim Ponyhof 1, 89150 Laichingen-Machtolsheim<\/td><td>+49 7333 5600<\/td><td><a href=\"mailto:maerchenpark@t-online.de\">maerchenpark@t-online.de<\/a><\/td><td><a href=\"https:\/\/www.ponymaerchenpark.de\/\" target=\"_blank\" data-type=\"link\" data-id=\"https:\/\/www.ponymaerchenpark.de\/\" rel=\"noreferrer noopener\">ponymaerchenpark.de<\/a><\/td><td>Abril-octubre<\/td><\/tr><tr><td>Bosque de cuento de hadas Barroco en flor<\/td><td><br\/>M\u00f6mpelgardstra\u00dfe 28, 71640 Ludwigsburg<\/td><td>+49 7141 975650<\/td><td><a href=\"mailto:info@blueba.de\">info@blueba.de<\/a><\/td><td><a href=\"https:\/\/www.blueba.de\/de\/maerchengarten.html\" target=\"_blank\" data-type=\"link\" data-id=\"https:\/\/www.blueba.de\/de\/maerchengarten.html\" rel=\"noreferrer noopener\">blueba.de<\/a><\/td><td>Marzo-Noviembre<\/td><\/tr><\/tbody><\/table><figcaption class=\"wp-element-caption\">Parques de cuento en Baden-Wurtemberg<\/figcaption><\/figure>\n\n<h3 class=\"wp-block-heading\">Bosques de cuento en Baviera<\/h3>\n\n<figure class=\"wp-block-table has-small-font-size\"><table><thead><tr><th>Nombre<\/th><th>Direcci\u00f3n<\/th><th>Tel\u00e9fono<\/th><th>Mail<\/th><th>P\u00e1gina web<\/th><th>Meses de apertura<\/th><\/tr><\/thead><tbody><tr><td>Bosque de cuento de hadas de Sambachshof<\/td><td><br\/>Sambachshof 1, 97631 Bad K\u00f6nigshofen<\/td><td>+49 9765 79 00 35<\/td><td><a href=\"mailto:info@maerchenwald-sambachshof.de\">info@maerchenwald-sambachshof.de<\/a><\/td><td><a href=\"https:\/\/www.maerchenwald-sambachshof.de\/\" target=\"_blank\" data-type=\"link\" data-id=\"https:\/\/www.maerchenwald-sambachshof.de\/\" rel=\"noreferrer noopener\">maerchenwald-sambachshof.de<\/a><\/td><td>Marzo-octubre<\/td><\/tr><tr><td>Bosque de cuento de hadas Bischofsreut<\/td><td><br\/>Langreuter Stra\u00dfe, 94145 Haidm\u00fchle<\/td><td>+49 8556 9726320<\/td><td><a href=\"mailto:tourismus@haidmuehle.bayern.de\">tourismus@haidmuehle.bayern.de<\/a><\/td><td><a href=\"https:\/\/haidmuehle.eu\/erlebnisse\/erlebnisse_familie\/\" target=\"_blank\" data-type=\"link\" data-id=\"https:\/\/haidmuehle.eu\/erlebnisse\/erlebnisse_familie\/\" rel=\"noreferrer noopener\">haidmuehle.eu<\/a><\/td><td>Todo el a\u00f1o<\/td><\/tr><tr><td>Bosque de cuento de hadas de Marquartstein<\/td><td><br\/>J\u00e4gerweg 14, 83250 Marquartstein<\/td><td>+49 8641 7105<\/td><td>m<a href=\"mailto:rquartstein@maerchenpark.de\">arquart<\/a>stein@maerchenpark.de<\/td><td><a href=\"https:\/\/www.maerchenpark.de\/\" target=\"_blank\" data-type=\"link\" data-id=\"https:\/\/www.maerchenpark.de\/\" rel=\"noreferrer noopener\">maerchenpark.de<\/a><\/td><td>Marzo-Noviembre<\/td><\/tr><tr><td>Bosque de cuento de hadas Schongau<\/td><td><br\/>Die\u00dfener Str. 6, 86956 Schongau<\/td><td>+49 8861 928050<\/td><td><a href=\"mailto:info@schongauer-maerchenwald.de\">info@schongauer-maerchenwald.de<\/a><\/td><td><a href=\"https:\/\/www.schongauer-maerchenwald.de\/\" target=\"_blank\" data-type=\"link\" data-id=\"https:\/\/www.schongauer-maerchenwald.de\/\" rel=\"noreferrer noopener\">schongauer-maerchenwald.de<\/a><\/td><td>Todo el a\u00f1o<\/td><\/tr><tr><td>Bosque de cuento de hadas Isartal<\/td><td><br\/>Kr\u00e4uterstra\u00dfe 39, 82515 Wolfratshausen<\/td><td>+49 8171 3855838<\/td><td><a href=\"mailto:info@maerchenwald-isartal.com\">info@maerchenwald-isartal.com<\/a><\/td><td><a href=\"https:\/\/maerchenwald-isartal.de\/\" target=\"_blank\" data-type=\"link\" data-id=\"https:\/\/maerchenwald-isartal.de\/\" rel=\"noreferrer noopener\">maerchenwald-isartal.de<\/a><\/td><td>Marzo-octubre<\/td><\/tr><\/tbody><\/table><figcaption class=\"wp-element-caption\">Parques de cuento en Baviera<\/figcaption><\/figure>\n\n<h3 class=\"wp-block-heading\">Bosques de cuento en Hesse<\/h3>\n\n<figure class=\"wp-block-table has-small-font-size\"><table><thead><tr><th>Nombre<\/th><th>Direcci\u00f3n<\/th><th>Tel\u00e9fono<\/th><th>Mail<\/th><th>P\u00e1gina web<\/th><th>Meses de apertura<\/th><\/tr><\/thead><tbody><tr><td>Bosque de cuento de hadas en el Parque Natural y de Ocio de Willingen<\/td><td><br\/>Am Ettelsberg 2, 34508 Willingen<\/td><td>+49 5632 69198<\/td><td><a href=\"mailto:info@wildpark-willingen.de\">info@wildpark-willingen.de<\/a><\/td><td><a href=\"https:\/\/www.wildpark-willingen.de\/themenwelten\/maerchenwald.html\" target=\"_blank\" data-type=\"link\" data-id=\"https:\/\/www.wildpark-willingen.de\/themenwelten\/maerchenwald.html\" rel=\"noreferrer noopener\">wildpark-willingen.de<\/a><\/td><td>Todo el a\u00f1o<\/td><\/tr><\/tbody><\/table><figcaption class=\"wp-element-caption\">Parques de cuento en Hesse<\/figcaption><\/figure>\n\n<h3 class=\"wp-block-heading\">Bosques de cuento en Baja Sajonia<\/h3>\n\n<figure class=\"wp-block-table has-small-font-size\"><table><thead><tr><th>Nombre<\/th><th>Direcci\u00f3n<\/th><th>Tel\u00e9fono<\/th><th>Mail<\/th><th>P\u00e1gina web<\/th><th>Meses de apertura<\/th><\/tr><\/thead><tbody><tr><td>Bosque de cuento de hadas Bad Harzburg<\/td><td><br\/>Nordh\u00e4user Stra\u00dfe 1a, 38667 Bad Harzburg<\/td><td>+49 159 01050575<\/td><td><a href=\"mailto:zum@maerchenwald-harz.de\">zum@maerchenwald-harz.de<\/a><\/td><td><a href=\"http:\/\/www.maerchenwald-harz.de\/\" target=\"_blank\" data-type=\"link\" data-id=\"http:\/\/www.maerchenwald-harz.de\/\" rel=\"noreferrer noopener\">maerchenwald-harz.de<\/a><\/td><td>Marzo-octubre<\/td><\/tr><tr><td>Bosque de cuento de hadas Mackenrode<\/td><td><br\/>Am Park, 37318 Mackenrode<\/td><td>+49 36083 48010<\/td><td><a href=\"mailto:info@vg-uder.de\">info@vg-uder.de<\/a><\/td><td><a href=\"https:\/\/www.deutsche-maerchenstrasse.com\/poi\/maerchenpark-mackenrode\" target=\"_blank\" data-type=\"link\" data-id=\"https:\/\/www.deutsche-maerchenstrasse.com\/poi\/maerchenpark-mackenrode\" rel=\"noreferrer noopener\">deutsche-maerchenstrasse.com<\/a><\/td><td>Mayo-octubre<\/td><\/tr><tr><td>Caballero Rust bosque de cuento de hadas<\/td><td><br\/>Heideweg 3-7, 27283 Verden<\/td><td>+49 4231 661110<\/td><td><a href=\"mailto:info@magicpark-verden.de\">info@magicpark-verden.de<\/a><\/td><td><a href=\"https:\/\/www.ritterrost-magicpark.de\/erkunden\/attraktionen\/maerchenwald\" target=\"_blank\" data-type=\"link\" data-id=\"https:\/\/www.ritterrost-magicpark.de\/erkunden\/attraktionen\/maerchenwald\" rel=\"noreferrer noopener\">ritterrost-magicpark.de<\/a><\/td><td>Todo el a\u00f1o<\/td><\/tr><\/tbody><\/table><figcaption class=\"wp-element-caption\">Parques de cuento en Baja Sajonia<\/figcaption><\/figure>\n\n<h3 class=\"wp-block-heading\">Bosques de cuento en Renania del Norte-Westfalia<\/h3>\n\n<figure class=\"wp-block-table has-small-font-size\"><table><thead><tr><th>Nombre<\/th><th>Direcci\u00f3n<\/th><th>Tel\u00e9fono<\/th><th>Mail<\/th><th>P\u00e1gina web<\/th><th>Meses de apertura<\/th><\/tr><\/thead><tbody><tr><td>Bosque de cuento de hadas Ibbenb\u00fcren<\/td><td><br\/>M\u00fcnsterstra\u00dfe 265, 49479 Ibbenb\u00fcren<\/td><td>+49 5451 3226<\/td><td><a href=\"mailto:info@sommerrodelbahn.de\">info@sommerrodelbahn.de<\/a><\/td><td><a href=\"https:\/\/sommerrodelbahn.de\/park\/maerchenwald\/\" target=\"_blank\" data-type=\"link\" data-id=\"https:\/\/sommerrodelbahn.de\/park\/maerchenwald\/\" rel=\"noreferrer noopener\">sommerrodelbahn.de<\/a><\/td><td><\/td><\/tr><tr><td>Bosque de cuento de hadas de Altenberg<\/td><td><br\/>M\u00e4rchenwaldweg 15, 51519 Odenthal<\/td><td>+49 2174 7842323<\/td><td><a href=\"mailto:info@maerchenwald-altenberg.de\">info@maerchenwald-altenberg.de<\/a><\/td><td><a href=\"https:\/\/www.maerchenwald-altenberg.de\/\" target=\"_blank\" data-type=\"link\" data-id=\"https:\/\/www.maerchenwald-altenberg.de\/\" rel=\"noreferrer noopener\">maerchenwald-altenberg.de<\/a><\/td><td><\/td><\/tr><tr><td>Zoo de cuento de hadas en el Lago Azul de Ratingen<\/td><td><br\/>Zum Blauen See 22, 40878 Ratingen<\/td><td>+49 2102 135679<\/td><td><a href=\"mailto:info@maerchenzoo.de\">info@maerchenzoo.de<\/a><\/td><td><a href=\"https:\/\/www.maerchenzoo.de\/\" target=\"_blank\" data-type=\"link\" data-id=\"https:\/\/www.maerchenzoo.de\/\" rel=\"noreferrer noopener\">maerchenzoo.de<\/a><\/td><td><\/td><\/tr><\/tbody><\/table><figcaption class=\"wp-element-caption\">Parques de cuento en Renania del Norte-Westfalia<\/figcaption><\/figure>\n\n<hr class=\"wp-block-separator has-alpha-channel-opacity\" style=\"margin-top:var(--wp--preset--spacing--70);margin-bottom:var(--wp--preset--spacing--70)\"\/>\n<style>.kb-image6473_49b4ee-0f .kb-image-has-overlay:after{opacity:0.3;}<\/style>\n<div class=\"wp-block-kadence-image kb-image6473_49b4ee-0f\"><figure class=\"aligncenter size-full\"><img loading=\"lazy\" decoding=\"async\" width=\"1024\" height=\"682\" src=\"https:\/\/walderlebnispfade.de\/wp-content\/uploads\/2025\/02\/Froschkoenig.jpg\" alt=\"Froschk\u00f6nig im M\u00e4rchenwald\" class=\"kb-img wp-image-6488\" srcset=\"https:\/\/walderlebnispfade.de\/wp-content\/uploads\/2025\/02\/Froschkoenig.jpg 1024w, https:\/\/walderlebnispfade.de\/wp-content\/uploads\/2025\/02\/Froschkoenig-300x200.jpg 300w, https:\/\/walderlebnispfade.de\/wp-content\/uploads\/2025\/02\/Froschkoenig-768x512.jpg 768w\" sizes=\"auto, (max-width: 1024px) 100vw, 1024px\" \/><figcaption>Ob aus dem Frosch der M\u00e4rchenprinz wird \ud83d\ude42 ?<\/figcaption><\/figure><\/div>\n\n<h3 class=\"wp-block-heading\">Bosques de cuento en Renania-Palatinado<\/h3>\n\n<figure class=\"wp-block-table has-small-font-size\"><table><thead><tr><th>Nombre<\/th><th>Direcci\u00f3n<\/th><th>Tel\u00e9fono<\/th><th>Mail<\/th><th>P\u00e1gina web<\/th><th>Meses de apertura<\/th><\/tr><\/thead><tbody><tr><td>Bosque de cuento de hadas Bad Breisig<\/td><td><br\/>Am Kesselberg, 53498 Bad Breisig<\/td><td>+49 160 96545054<\/td><td><a href=\"mailto:info@maerchenwald-bad-breisig.de\">info@maerchenwald-bad-breisig.de<\/a><\/td><td><a href=\"https:\/\/maerchenwald-bad-breisig.de\/\" target=\"_blank\" data-type=\"link\" data-id=\"https:\/\/maerchenwald-bad-breisig.de\/\" rel=\"noreferrer noopener\">maerchenwald-bad-breisig.de<\/a><\/td><td>Abril-octubre<\/td><\/tr><\/tbody><\/table><figcaption class=\"wp-element-caption\">Parques de cuento en Renania-Palatinado<\/figcaption><\/figure>\n\n<h3 class=\"wp-block-heading\">Bosques de cuento en Sajonia-Anhalt<\/h3>\n\n<figure class=\"wp-block-table has-small-font-size\"><table><thead><tr><th>Nombre<\/th><th>Direcci\u00f3n<\/th><th>Tel\u00e9fono<\/th><th>Mail<\/th><th>P\u00e1gina web<\/th><th>Meses de apertura<\/th><\/tr><\/thead><tbody><tr><td>Bosque de cuento de hadas Bernburg<\/td><td><br\/>Ilberstedter Str. 116B, 06406 Bernburg (Saale)<\/td><td>+49 179 6763049<\/td><td><a href=\"mailto:bernburg.paradies@gmail.com\">bernburg.paradies@gmail.com<\/a><\/td><td><a href=\"https:\/\/www.bernburg-paradies.de\/\" target=\"_blank\" data-type=\"link\" data-id=\"https:\/\/www.bernburg-paradies.de\/\" rel=\"noreferrer noopener\">bernburg-paradies.de<\/a><\/td><td>Abril-octubre<\/td><\/tr><tr><td>Bosque de cuento de hadas de Salzwedel<\/td><td><br\/>An der Warthe 5, 29410 Salzwedel<\/td><td>+49 3901 3939811<\/td><td><a href=\"mailto:wichtelcafe@maerchenpark-duftgarten.de\">wichtelcafe@maerchenpark-duftgarten.de<\/a><\/td><td><a href=\"https:\/\/www.maerchenpark-duftgarten.de\/\" target=\"_blank\" data-type=\"link\" data-id=\"https:\/\/www.maerchenpark-duftgarten.de\/\" rel=\"noreferrer noopener\">maerchenpark-duftgarten.de<\/a><\/td><td>Todo el a\u00f1o<\/td><\/tr><\/tbody><\/table><figcaption class=\"wp-element-caption\">Parques de cuento en Sajonia-Anhalt<\/figcaption><\/figure>\n\n<h3 class=\"wp-block-heading\">Bosques de cuento en Schleswig-Holstein<\/h3>\n\n<figure class=\"wp-block-table has-small-font-size\"><table><thead><tr><th>Nombre<\/th><th>Direcci\u00f3n<\/th><th>Tel\u00e9fono<\/th><th>Mail<\/th><th>P\u00e1gina web<\/th><th>Meses de apertura<\/th><\/tr><\/thead><tbody><tr><td>Bosque de cuento de Sylt<\/td><td><br\/>Osetal 5, 25996 Wenningstedt-Braderup<\/td><td>+49 4651 44770<\/td><td><a href=\"mailto:info@wenningstedt.de\">info@wenningstedt.de<\/a><\/td><td><a href=\"https:\/\/www.wenningstedt.de\/sehenswertes\/poi\/sylter-sagenwald\" target=\"_blank\" data-type=\"link\" data-id=\"https:\/\/www.wenningstedt.de\/sehenswertes\/poi\/sylter-sagenwald\" rel=\"noreferrer noopener\">wenningstedt.de<\/a><\/td><td>Todo el a\u00f1o<\/td><\/tr><\/tbody><\/table><figcaption class=\"wp-element-caption\">Parques de cuento en Schleswig-Holstein<\/figcaption><\/figure>\n\n<h3 class=\"wp-block-heading\">Bosques de cuento en Turingia<\/h3>\n\n<figure class=\"wp-block-table has-small-font-size\"><table><thead><tr><th>Nombre<\/th><th>Direcci\u00f3n<\/th><th>Tel\u00e9fono<\/th><th>Mail<\/th><th>P\u00e1gina web<\/th><th>Meses de apertura<\/th><\/tr><\/thead><tbody><tr><td>Bosque de cuento de hadas Trusetal<\/td><td><br\/>Brotteroder Stra\u00dfe 55, 98596 Brotterode-Trusetal<\/td><td>+49 36840 40153<\/td><td>info@zwergen-park.de<\/td><td><a href=\"https:\/\/www.zwergen-park.de\/\" target=\"_blank\" data-type=\"link\" data-id=\"https:\/\/www.zwergen-park.de\/\" rel=\"noreferrer noopener\">zwergen-park.de<\/a><\/td><td>Marzo-Noviembre<\/td><\/tr><tr><td>Bosque de cuento de hadas de Heiligenstadt<\/td><td><br\/>In der Leineaue 1, 37308 Heilbad Heiligenstadt<\/td><td>+49 3606 677903<\/td><td>touristinfo@heilbad-heiligenstadt.de<\/td><td><a href=\"https:\/\/www.heilbad-heiligenstadt.de\/freizeit-tourismus\/parks-und-freizeitgestaltung\/maerchenpark\/\" target=\"_blank\" data-type=\"link\" data-id=\"https:\/\/www.heilbad-heiligenstadt.de\/freizeit-tourismus\/parks-und-freizeitgestaltung\/maerchenpark\/\" rel=\"noreferrer noopener\">heilbad-heiligenstadt.de<\/a><\/td><td>De mayo a octubre<\/td><\/tr><tr><td>Bosque de cuento de hadas Saalburg<\/td><td><br\/>Dornbachgrund 1, 07929 Saalburg-Ebersdorf<\/td><td>+49 36647 22218<\/td><td>info@saalburg-maerchenwald.de<\/td><td><a href=\"https:\/\/www.saalburg-maerchenwald.de\/\" target=\"_blank\" data-type=\"link\" data-id=\"https:\/\/www.saalburg-maerchenwald.de\/\" rel=\"noreferrer noopener\">saalburg-maerchenwald.de<\/a><\/td><td>Todo el a\u00f1o<\/td><\/tr><\/tbody><\/table><figcaption class=\"wp-element-caption\">Parques de cuento en Turingia<\/figcaption><\/figure>\n\n<hr class=\"wp-block-separator has-alpha-channel-opacity\" style=\"margin-top:var(--wp--preset--spacing--50);margin-bottom:var(--wp--preset--spacing--50)\"\/>\n<style>.kb-image6473_99bf32-4a .kb-image-has-overlay:after{opacity:0.3;}<\/style>\n<div class=\"wp-block-kadence-image kb-image6473_99bf32-4a\"><figure class=\"aligncenter size-full\"><img loading=\"lazy\" decoding=\"async\" width=\"1024\" height=\"576\" src=\"https:\/\/walderlebnispfade.de\/wp-content\/uploads\/2025\/02\/Maerchenbuch.jpg\" alt=\"M\u00e4rchenbuch\" class=\"kb-img wp-image-6492\" srcset=\"https:\/\/walderlebnispfade.de\/wp-content\/uploads\/2025\/02\/Maerchenbuch.jpg 1024w, https:\/\/walderlebnispfade.de\/wp-content\/uploads\/2025\/02\/Maerchenbuch-300x169.jpg 300w, https:\/\/walderlebnispfade.de\/wp-content\/uploads\/2025\/02\/Maerchenbuch-768x432.jpg 768w\" sizes=\"auto, (max-width: 1024px) 100vw, 1024px\" \/><figcaption>Faszinierende Geschichten werden in M\u00e4rchenw\u00e4ldern erlebbar!<\/figcaption><\/figure><\/div>\n<style>.kb-row-layout-id6473_ef8709-a8 > .kt-row-column-wrap{align-content:start;}:where(.kb-row-layout-id6473_ef8709-a8 > .kt-row-column-wrap) > .wp-block-kadence-column{justify-content:start;}.kb-row-layout-id6473_ef8709-a8 > .kt-row-column-wrap{column-gap:var(--global-kb-gap-md, 2rem);row-gap:var(--global-kb-gap-md, 2rem);padding-top:var(--global-kb-spacing-sm, 1.5rem);padding-bottom:var(--global-kb-spacing-sm, 1.5rem);grid-template-columns:repeat(2, minmax(0, 1fr));}.kb-row-layout-id6473_ef8709-a8 > .kt-row-layout-overlay{opacity:0.30;}@media all and (max-width: 1024px){.kb-row-layout-id6473_ef8709-a8 > .kt-row-column-wrap{grid-template-columns:repeat(2, minmax(0, 1fr));}}@media all and (max-width: 767px){.kb-row-layout-id6473_ef8709-a8 > .kt-row-column-wrap{grid-template-columns:minmax(0, 1fr);}}<\/style><div class=\"kb-row-layout-wrap kb-row-layout-id6473_ef8709-a8 alignnone wp-block-kadence-rowlayout\"><div class=\"kt-row-column-wrap kt-has-2-columns kt-row-layout-equal kt-tab-layout-inherit kt-mobile-layout-row kt-row-valign-top\">\n<style>.kadence-column6473_e81a01-e3 > .kt-inside-inner-col,.kadence-column6473_e81a01-e3 > .kt-inside-inner-col:before{border-top-left-radius:0px;border-top-right-radius:0px;border-bottom-right-radius:0px;border-bottom-left-radius:0px;}.kadence-column6473_e81a01-e3 > .kt-inside-inner-col{column-gap:var(--global-kb-gap-sm, 1rem);}.kadence-column6473_e81a01-e3 > .kt-inside-inner-col{flex-direction:column;}.kadence-column6473_e81a01-e3 > .kt-inside-inner-col > .aligncenter{width:100%;}.kadence-column6473_e81a01-e3 > .kt-inside-inner-col:before{opacity:0.3;}.kadence-column6473_e81a01-e3{position:relative;}@media all and (max-width: 1024px){.kadence-column6473_e81a01-e3 > .kt-inside-inner-col{flex-direction:column;justify-content:center;}}@media all and (max-width: 767px){.kadence-column6473_e81a01-e3 > .kt-inside-inner-col{flex-direction:column;justify-content:center;}}<\/style>\n<div class=\"wp-block-kadence-column kadence-column6473_e81a01-e3\"><div class=\"kt-inside-inner-col\">\n<h2 class=\"wp-block-heading\">Bosques de cuento en Austria<\/h2>\n<\/div><\/div>\n\n\n<style>.kadence-column6473_9e1c1f-87 > .kt-inside-inner-col,.kadence-column6473_9e1c1f-87 > .kt-inside-inner-col:before{border-top-left-radius:0px;border-top-right-radius:0px;border-bottom-right-radius:0px;border-bottom-left-radius:0px;}.kadence-column6473_9e1c1f-87 > .kt-inside-inner-col{column-gap:var(--global-kb-gap-sm, 1rem);}.kadence-column6473_9e1c1f-87 > .kt-inside-inner-col{flex-direction:column;}.kadence-column6473_9e1c1f-87 > .kt-inside-inner-col > .aligncenter{width:100%;}.kadence-column6473_9e1c1f-87 > .kt-inside-inner-col:before{opacity:0.3;}.kadence-column6473_9e1c1f-87{position:relative;}@media all and (max-width: 1024px){.kadence-column6473_9e1c1f-87 > .kt-inside-inner-col{flex-direction:column;justify-content:center;}}@media all and (max-width: 767px){.kadence-column6473_9e1c1f-87 > .kt-inside-inner-col{flex-direction:column;justify-content:center;}}<\/style>\n<div class=\"wp-block-kadence-column kadence-column6473_9e1c1f-87\"><div class=\"kt-inside-inner-col\"><style>.kb-image6473_9604fe-64.kb-image-is-ratio-size, .kb-image6473_9604fe-64 .kb-image-is-ratio-size{max-width:65px;width:100%;}.wp-block-kadence-column > .kt-inside-inner-col > .kb-image6473_9604fe-64.kb-image-is-ratio-size, .wp-block-kadence-column > .kt-inside-inner-col > .kb-image6473_9604fe-64 .kb-image-is-ratio-size{align-self:unset;}.kb-image6473_9604fe-64{max-width:65px;}.image-is-svg.kb-image6473_9604fe-64{-webkit-flex:0 1 100%;flex:0 1 100%;}.image-is-svg.kb-image6473_9604fe-64 img{width:100%;}.kb-image6473_9604fe-64 .kb-image-has-overlay:after{opacity:0.3;}<\/style>\n<figure class=\"wp-block-kadence-image kb-image6473_9604fe-64 size-full\"><img loading=\"lazy\" decoding=\"async\" width=\"223\" height=\"146\" src=\"https:\/\/walderlebnispfade.de\/wp-content\/uploads\/2024\/07\/Flagge_Oesterreich.jpg\" alt=\"Walderlebnisse in \u00d6sterreich\" class=\"kb-img wp-image-5909\"\/><\/figure>\n<\/div><\/div>\n\n<\/div><\/div>\n<figure class=\"wp-block-table has-small-font-size\"><table><thead><tr><th>Nombre<\/th><th>Direcci\u00f3n<\/th><th>Tel\u00e9fono<\/th><th>Mail<\/th><th>P\u00e1gina web<\/th><th>Meses de apertura<\/th><\/tr><\/thead><tbody><tr><td>Parque de cuento de hadas Neusiedlersee<\/td><td><br\/>M\u00e4rchenparkweg 1, 7062 St. Margarethen<\/td><td>+43 2685 60707<\/td><td><a href=\"mailto:office@familypark.at\">office@familypark.at<\/a><\/td><td><a href=\"https:\/\/www.familypark.at\/themenwelt\/maerchenwald\/\" target=\"_blank\" rel=\"noreferrer noopener\">familypark.at<\/a><\/td><td>Marzo-Noviembre<\/td><\/tr><\/tbody><\/table><figcaption class=\"wp-element-caption\">Parques de cuento en Austria<\/figcaption><\/figure>\n<style>.kb-row-layout-id6473_58331e-c5 > .kt-row-column-wrap{align-content:start;}:where(.kb-row-layout-id6473_58331e-c5 > .kt-row-column-wrap) > .wp-block-kadence-column{justify-content:start;}.kb-row-layout-id6473_58331e-c5 > .kt-row-column-wrap{column-gap:var(--global-kb-gap-md, 2rem);row-gap:var(--global-kb-gap-md, 2rem);padding-top:var(--global-kb-spacing-sm, 1.5rem);padding-bottom:var(--global-kb-spacing-sm, 1.5rem);grid-template-columns:repeat(2, minmax(0, 1fr));}.kb-row-layout-id6473_58331e-c5 > .kt-row-layout-overlay{opacity:0.30;}@media all and (max-width: 1024px){.kb-row-layout-id6473_58331e-c5 > .kt-row-column-wrap{grid-template-columns:repeat(2, minmax(0, 1fr));}}@media all and (max-width: 767px){.kb-row-layout-id6473_58331e-c5 > .kt-row-column-wrap{grid-template-columns:minmax(0, 1fr);}}<\/style><div class=\"kb-row-layout-wrap kb-row-layout-id6473_58331e-c5 alignnone wp-block-kadence-rowlayout\"><div class=\"kt-row-column-wrap kt-has-2-columns kt-row-layout-equal kt-tab-layout-inherit kt-mobile-layout-row kt-row-valign-top\">\n<style>.kadence-column6473_f2f431-de > .kt-inside-inner-col,.kadence-column6473_f2f431-de > .kt-inside-inner-col:before{border-top-left-radius:0px;border-top-right-radius:0px;border-bottom-right-radius:0px;border-bottom-left-radius:0px;}.kadence-column6473_f2f431-de > .kt-inside-inner-col{column-gap:var(--global-kb-gap-sm, 1rem);}.kadence-column6473_f2f431-de > .kt-inside-inner-col{flex-direction:column;}.kadence-column6473_f2f431-de > .kt-inside-inner-col > .aligncenter{width:100%;}.kadence-column6473_f2f431-de > .kt-inside-inner-col:before{opacity:0.3;}.kadence-column6473_f2f431-de{position:relative;}@media all and (max-width: 1024px){.kadence-column6473_f2f431-de > .kt-inside-inner-col{flex-direction:column;justify-content:center;}}@media all and (max-width: 767px){.kadence-column6473_f2f431-de > .kt-inside-inner-col{flex-direction:column;justify-content:center;}}<\/style>\n<div class=\"wp-block-kadence-column kadence-column6473_f2f431-de\"><div class=\"kt-inside-inner-col\">\n<h2 class=\"wp-block-heading\">Bosques de cuento en Holanda<\/h2>\n<\/div><\/div>\n\n\n<style>.kadence-column6473_30c5c3-c8 > .kt-inside-inner-col,.kadence-column6473_30c5c3-c8 > .kt-inside-inner-col:before{border-top-left-radius:0px;border-top-right-radius:0px;border-bottom-right-radius:0px;border-bottom-left-radius:0px;}.kadence-column6473_30c5c3-c8 > .kt-inside-inner-col{column-gap:var(--global-kb-gap-sm, 1rem);}.kadence-column6473_30c5c3-c8 > .kt-inside-inner-col{flex-direction:column;}.kadence-column6473_30c5c3-c8 > .kt-inside-inner-col > .aligncenter{width:100%;}.kadence-column6473_30c5c3-c8 > .kt-inside-inner-col:before{opacity:0.3;}.kadence-column6473_30c5c3-c8{position:relative;}@media all and (max-width: 1024px){.kadence-column6473_30c5c3-c8 > .kt-inside-inner-col{flex-direction:column;justify-content:center;}}@media all and (max-width: 767px){.kadence-column6473_30c5c3-c8 > .kt-inside-inner-col{flex-direction:column;justify-content:center;}}<\/style>\n<div class=\"wp-block-kadence-column kadence-column6473_30c5c3-c8\"><div class=\"kt-inside-inner-col\"><style>.kb-image6473_e3a7c9-db.kb-image-is-ratio-size, .kb-image6473_e3a7c9-db .kb-image-is-ratio-size{max-width:65px;width:100%;}.wp-block-kadence-column > .kt-inside-inner-col > .kb-image6473_e3a7c9-db.kb-image-is-ratio-size, .wp-block-kadence-column > .kt-inside-inner-col > .kb-image6473_e3a7c9-db .kb-image-is-ratio-size{align-self:unset;}.kb-image6473_e3a7c9-db{max-width:65px;}.image-is-svg.kb-image6473_e3a7c9-db{-webkit-flex:0 1 100%;flex:0 1 100%;}.image-is-svg.kb-image6473_e3a7c9-db img{width:100%;}.kb-image6473_e3a7c9-db .kb-image-has-overlay:after{opacity:0.3;}<\/style>\n<figure class=\"wp-block-kadence-image kb-image6473_e3a7c9-db size-full\"><img loading=\"lazy\" decoding=\"async\" width=\"255\" height=\"170\" src=\"https:\/\/walderlebnispfade.de\/wp-content\/uploads\/2025\/02\/Flagge_Niederlande.jpg\" alt=\"Liste der M\u00e4rchenw\u00e4lder  in den Niederlanden\" class=\"kb-img wp-image-6480\"\/><\/figure>\n<\/div><\/div>\n\n<\/div><\/div>\n<figure class=\"wp-block-table has-small-font-size\"><table><thead><tr><th>Nombre<\/th><th>Direcci\u00f3n<\/th><th>Tel\u00e9fono<\/th><th>Mail<\/th><th>P\u00e1gina web<\/th><th>Meses de apertura<\/th><\/tr><\/thead><tbody><tr><td>Bosque de cuento de hadas Efteling<\/td><td><br\/>Europalaan 1, 05171 KW Kaatsheuvel<\/td><td>+31 416 537777<\/td><td><a href=\"mailto:informatie@efteling.com\">info@informatie@efteling.com<\/a><\/td><td><a href=\"https:\/\/www.efteling.com\/de\/park\/attraktionen\/maerchenwald\/maerchen\" target=\"_blank\" rel=\"noreferrer noopener\">efteling.com<\/a><\/td><td>Todo el a\u00f1o<\/td><\/tr><\/tbody><\/table><figcaption class=\"wp-element-caption\">Parques de cuento en Holanda<\/figcaption><\/figure>\n<div style=\"line-height:1.7; padding-top:var(--wp--preset--spacing--30);padding-bottom:var(--wp--preset--spacing--30);padding-left:var(--wp--preset--spacing--30);padding-right:var(--wp--preset--spacing--30);\" class=\"wp-block-post-author has-background has-theme-palette-7-background-color has-medium-font-size\"><div class=\"wp-block-post-author__avatar\"><img alt='Moni' src='https:\/\/walderlebnispfade.de\/wp-content\/uploads\/2025\/01\/cropped-Moni-Profil-96x96.jpg' srcset='https:\/\/walderlebnispfade.de\/wp-content\/uploads\/2025\/01\/cropped-Moni-Profil-192x192.jpg 2x' class='avatar avatar-96 photo' height='96' width='96' \/><\/div><div class=\"wp-block-post-author__content\"><p class=\"wp-block-post-author__name\">Moni<\/p><p class=\"wp-block-post-author__bio\">Ich bin seit vielen Jahren begeisterter Outdoor-Fan und m\u00f6chte meine Erfahrungen \u00fcber tolle Erlebnisse in Deutschland und Europa der letzten Jahre hier mit Dir teilen. \r\n\r\nEgal ob Klettern, Wandern oder einfach nur die Natur genie\u00dfen, es gibt so viele tolle M\u00f6glichkeiten seine Zeit im Freien zu verbringen. Sicher ist auch f\u00fcr Dich etwas in der Sammlung unserer Walderlebnisse dabei.<\/p><\/div><\/div>\n<hr class=\"wp-block-separator has-alpha-channel-opacity\" style=\"margin-top:var(--wp--preset--spacing--50);margin-bottom:var(--wp--preset--spacing--50)\"\/>\n\n<h2 class=\"wp-block-heading\">FAQ \u2013 Bosques de cuento en Europa<\/h2>\n<div id=\"rank-math-faq\" class=\"rank-math-block\">\n<div class=\"rank-math-list \">\n<div id=\"faq-question-1739131002445\" class=\"rank-math-list-item\">\n<h3 class=\"rank-math-question \">\u00bfHay bosques de hadas sin barreras en Europa?<\/h3>\n<div class=\"rank-math-answer \">\n\n<p>S\u00ed, muchos parques de hadas no tienen barreras y ofrecen caminos accesibles con sillas de ruedas o cochecitos. Merece la pena informarse con antelaci\u00f3n sobre la accesibilidad del parque en cuesti\u00f3n. <\/p>\n\n<\/div>\n<\/div>\n<div id=\"faq-question-1739133241621\" class=\"rank-math-list-item\">\n<h3 class=\"rank-math-question \">\u00bfLos bosques de los cuentos de hadas son s\u00f3lo aptos para ni\u00f1os?<\/h3>\n<div class=\"rank-math-answer \">\n\n<p>No, muchos parques de cuentos de hadas ofrecen atracciones y escenarios que tambi\u00e9n hacen las delicias de los adultos. Los lugares con referencias hist\u00f3ricas o escenas de cuentos de hadas dise\u00f1adas con cari\u00f1o son especialmente dignos de ver para todos los grupos de edad. <\/p>\n\n<\/div>\n<\/div>\n<div id=\"faq-question-1739133269411\" class=\"rank-math-list-item\">\n<h3 class=\"rank-math-question \">\u00bfCu\u00e1l es la diferencia entre un bosque de cuento y un parque de cuento?<\/h3>\n<div class=\"rank-math-answer \">\n\n<p>Un bosque de cuentos de hadas suele ser una zona boscosa natural con referencias a cuentos de hadas o leyendas, mientras que un parque de cuentos de hadas es un parque tem\u00e1tico en el que se pueden encontrar personajes de cuentos de hadas, experiencias interactivas y recreaciones de escenas conocidas de cuentos de hadas.<\/p>\n\n<\/div>\n<\/div>\n<\/div>\n<\/div>\n<p><\/p>\n","protected":false},"excerpt":{"rendered":"<p>Bosques de cuento en Europa: donde las leyendas cobran vida Durante muchos a\u00f1os, los bosques de cuento de hadas de Europa han sido una experiencia forestal emocionante y fascinante, especialmente&#8230;<\/p>\n","protected":false},"author":2,"featured_media":6499,"comment_status":"open","ping_status":"open","sticky":false,"template":"","format":"standard","meta":{"_kad_blocks_custom_css":"","_kad_blocks_head_custom_js":"","_kad_blocks_body_custom_js":"","_kad_blocks_footer_custom_js":"","_kad_post_transparent":"","_kad_post_title":"","_kad_post_layout":"","_kad_post_sidebar_id":"","_kad_post_content_style":"","_kad_post_vertical_padding":"","_kad_post_feature":"","_kad_post_feature_position":"","_kad_post_header":false,"_kad_post_footer":false,"_kad_post_classname":"","yasr_overall_rating":0,"yasr_post_is_review":"","yasr_auto_insert_disabled":"","yasr_review_type":"BlogPosting","footnotes":""},"categories":[57],"tags":[],"class_list":["post-6520","post","type-post","status-publish","format-standard","has-post-thumbnail","hentry","category-infos-es"],"yasr_visitor_votes":{"stars_attributes":{"read_only":false,"span_bottom":false},"number_of_votes":0,"sum_votes":0},"taxonomy_info":{"category":[{"value":57,"label":"Infos"}]},"featured_image_src_large":["https:\/\/walderlebnispfade.de\/wp-content\/uploads\/2025\/02\/Maerchenwaelder_in_Europa-1024x580.jpg",1024,580,true],"author_info":{"display_name":"Moni","author_link":"https:\/\/walderlebnispfade.de\/es\/author\/moni\/"},"comment_info":0,"category_info":[{"term_id":57,"name":"Infos","slug":"infos-es","term_group":0,"term_taxonomy_id":57,"taxonomy":"category","description":"","parent":0,"count":11,"filter":"raw","cat_ID":57,"category_count":11,"category_description":"","cat_name":"Infos","category_nicename":"infos-es","category_parent":0}],"tag_info":false,"_links":{"self":[{"href":"https:\/\/walderlebnispfade.de\/es\/wp-json\/wp\/v2\/posts\/6520","targetHints":{"allow":["GET"]}}],"collection":[{"href":"https:\/\/walderlebnispfade.de\/es\/wp-json\/wp\/v2\/posts"}],"about":[{"href":"https:\/\/walderlebnispfade.de\/es\/wp-json\/wp\/v2\/types\/post"}],"author":[{"embeddable":true,"href":"https:\/\/walderlebnispfade.de\/es\/wp-json\/wp\/v2\/users\/2"}],"replies":[{"embeddable":true,"href":"https:\/\/walderlebnispfade.de\/es\/wp-json\/wp\/v2\/comments?post=6520"}],"version-history":[{"count":3,"href":"https:\/\/walderlebnispfade.de\/es\/wp-json\/wp\/v2\/posts\/6520\/revisions"}],"predecessor-version":[{"id":7924,"href":"https:\/\/walderlebnispfade.de\/es\/wp-json\/wp\/v2\/posts\/6520\/revisions\/7924"}],"wp:featuredmedia":[{"embeddable":true,"href":"https:\/\/walderlebnispfade.de\/es\/wp-json\/wp\/v2\/media\/6499"}],"wp:attachment":[{"href":"https:\/\/walderlebnispfade.de\/es\/wp-json\/wp\/v2\/media?parent=6520"}],"wp:term":[{"taxonomy":"category","embeddable":true,"href":"https:\/\/walderlebnispfade.de\/es\/wp-json\/wp\/v2\/categories?post=6520"},{"taxonomy":"post_tag","embeddable":true,"href":"https:\/\/walderlebnispfade.de\/es\/wp-json\/wp\/v2\/tags?post=6520"}],"curies":[{"name":"wp","href":"https:\/\/api.w.org\/{rel}","templated":true}]}}