{"id":6566,"date":"2025-02-10T20:55:54","date_gmt":"2025-02-10T19:55:54","guid":{"rendered":"https:\/\/walderlebnispfade.de\/cursos-de-cuerdas-altas-en-alemania\/"},"modified":"2026-04-21T21:40:01","modified_gmt":"2026-04-21T19:40:01","slug":"cursos-de-cuerdas-altas-en-alemania","status":"publish","type":"post","link":"https:\/\/walderlebnispfade.de\/es\/cursos-de-cuerdas-altas-en-alemania\/","title":{"rendered":"Cursos de cuerdas altas en Alemania \u2013 visi\u00f3n general de los 38 emplazamientos 2026"},"content":{"rendered":"\n<h2 class=\"wp-block-heading\">Volando alto: Directorio de cursos de cuerdas altas en Alemania<\/h2>\n\n<p>Ya seas un adicto a la adrenalina, un amante de la naturaleza o un excursionista familiar, los circuitos de cuerdas altas de Alemania ofrecen diversi\u00f3n, emoci\u00f3n y aventura para todas las edades. Desde tambaleantes puentes colgantes y trepidantes tirolinas hasta desafiantes elementos de escalada a alturas de v\u00e9rtigo: hay <strong>38 circuitos de cuerdas altas<\/strong> en Alemania que te emocionar\u00e1n con sus variados recorridos y escenarios \u00fanicos. <\/p>\n\n<h3 class=\"wp-block-heading\">Lo que encontrar\u00e1s en esta p\u00e1gina:<\/h3>\n\n<p>\u2705 <strong>38 cursos de cuerdas altas<\/strong> en Alemania con todos los datos de contacto<br\/>\u2705<strong> Mapa de Alemania<\/strong> con una pr\u00e1ctica funci\u00f3n de filtro por estado federado<br\/>\u2705 <strong>Tablas claras<\/strong> ordenadas por todos los estados federados<br\/>\u2705 <strong>Enlaces directos<\/strong> a los sitios web de los operadores y a las plataformas de reserva<br\/>\u2705 <strong>Horarios de apertura y datos de contacto<\/strong> para una planificaci\u00f3n perfecta<br\/>\u2705 <strong>Amplia secci\u00f3n de preguntas frecuentes<\/strong> con respuestas a todas las preguntas importantes<br\/>\u2705 \u00daltima actualizaci\u00f3n: 09-04-2026<\/p>\n\n<h3 class=\"wp-block-heading\">Por qu\u00e9 los cursos de cuerdas altas en Alemania son la aventura perfecta para todos<\/h3>\n\n<ul class=\"wp-block-list\">\n<li><strong>Para grupos:<\/strong> Ideal para viajes escolares o eventos de empresa, con programas especiales de formaci\u00f3n de equipos y descuentos para grupos.<\/li>\n\n\n\n<li><strong>Para entusiastas del deporte:<\/strong> Recorridos desafiantes de hasta 15 metros de altura para aut\u00e9nticos adictos a la adrenalina y profesionales de la escalada.<\/li>\n\n\n\n<li><strong>Para los amantes de la naturaleza:<\/strong> muchos circuitos de cuerdas altas est\u00e1n enclavados en maravillosos bosques y paisajes naturales. Vive la naturaleza desde una perspectiva completamente nueva <\/li>\n<\/ul>\n<style>.kb-table-of-content-nav.kb-table-of-content-id6522_47a707-3e .kb-table-of-content-wrap{padding-top:var(--global-kb-spacing-sm, 1.5rem);padding-right:var(--global-kb-spacing-sm, 1.5rem);padding-bottom:var(--global-kb-spacing-sm, 1.5rem);padding-left:var(--global-kb-spacing-sm, 1.5rem);background-color:var(--global-palette8, #F7FAFC);box-shadow:inset 0px 0px 14px 0px rgba(0, 0, 0, 0.2);}.kb-table-of-content-nav.kb-table-of-content-id6522_47a707-3e .kb-table-of-contents-title-wrap{padding-top:0px;padding-right:0px;padding-bottom:0px;padding-left:0px;}.kb-table-of-content-nav.kb-table-of-content-id6522_47a707-3e .kb-table-of-contents-title{font-weight:regular;font-style:normal;}.kb-table-of-content-nav.kb-table-of-content-id6522_47a707-3e .kb-table-of-content-wrap .kb-table-of-content-list{font-weight:regular;font-style:normal;margin-top:var(--global-kb-spacing-sm, 1.5rem);margin-right:0px;margin-bottom:0px;margin-left:0px;}.kb-table-of-content-nav.kb-table-of-content-id6522_47a707-3e .kb-toggle-icon-style-basiccircle .kb-table-of-contents-icon-trigger:after, .kb-table-of-content-nav.kb-table-of-content-id6522_47a707-3e .kb-toggle-icon-style-basiccircle .kb-table-of-contents-icon-trigger:before, .kb-table-of-content-nav.kb-table-of-content-id6522_47a707-3e .kb-toggle-icon-style-arrowcircle .kb-table-of-contents-icon-trigger:after, .kb-table-of-content-nav.kb-table-of-content-id6522_47a707-3e .kb-toggle-icon-style-arrowcircle .kb-table-of-contents-icon-trigger:before, .kb-table-of-content-nav.kb-table-of-content-id6522_47a707-3e .kb-toggle-icon-style-xclosecircle .kb-table-of-contents-icon-trigger:after, .kb-table-of-content-nav.kb-table-of-content-id6522_47a707-3e .kb-toggle-icon-style-xclosecircle .kb-table-of-contents-icon-trigger:before{background-color:var(--global-palette8, #F7FAFC);}<\/style>\n<h2 class=\"wp-block-heading\">La seguridad es lo primero<\/h2>\n\n<p><span style=\"box-sizing: border-box; margin: 0px; padding: 0px;\">Los circuitos de cuerdas altas cumplen <strong>estrictas normas de seguridad<\/strong> para minimizar el riesgo de accidentes.<\/span> As\u00ed que no tienes por qu\u00e9 preocuparte. Antes de empezar a escalar, recibir\u00e1s una sesi\u00f3n informativa de seguridad en la que aprender\u00e1s a ponerte y utilizar correctamente el equipo.  Es importante que sigas al pie de la letra las instrucciones de los instructores o supervisores y que lleves el equipo correctamente durante todo el proceso de escalada. En mi art\u00edculo sobre <a href=\"https:\/\/walderlebnispfade.de\/wp-content\/uploads\/2024\/04\/Sicherheit_Hochseilgarten.jpg\" data-type=\"attachment\" data-id=\"5963\">la seguridad en los recorridos de cuerdas altas<\/a> encontrar\u00e1s detalles sobre los sistemas de seguridad utilizados.<\/p>\n\n<p>Para ayudarte a encontrar el curso de cuerdas altas perfecto para tu pr\u00f3xima aventura, hemos elaborado una lista exhaustiva. Tanto si buscas un curso de cuerdas altas cerca de ti como si quieres descubrir nuevos puntos de escalada, este directorio te ayudar\u00e1 a encontrar el lugar adecuado para tu experiencia personal de escalada. <strong>Consejo: <\/strong>Puedes encontrar la diferencia entre <a href=\"https:\/\/walderlebnispfade.de\/es\/cursos-de-cuerdas-forestales-parques-de-escalada-y-cursos-de-cuerdas-altas-en-comparacion\/\" data-type=\"post\" data-id=\"274\">parques de cuerdas forestales, parques de escalada y cursos de cuerdas altas<\/a> en el art\u00edculo del blog enlazado. <\/p>\n\n<h2 class=\"wp-block-heading\">Mapa de los 38 circuitos de cuerdas altas de Alemania<\/h2>\n<style>.kadence-column6522_e6fb2f-18 > .kt-inside-inner-col{display:flex;}.kadence-column6522_e6fb2f-18 > .kt-inside-inner-col,.kadence-column6522_e6fb2f-18 > .kt-inside-inner-col:before{border-top-left-radius:0px;border-top-right-radius:0px;border-bottom-right-radius:0px;border-bottom-left-radius:0px;}.kadence-column6522_e6fb2f-18 > .kt-inside-inner-col{column-gap:var(--global-kb-gap-sm, 1rem);}.kadence-column6522_e6fb2f-18 > .kt-inside-inner-col{flex-direction:column;align-items:center;}.kadence-column6522_e6fb2f-18 > .kt-inside-inner-col > .kb-image-is-ratio-size{align-self:stretch;}.kadence-column6522_e6fb2f-18 > .kt-inside-inner-col > .wp-block-kadence-advancedgallery{align-self:stretch;}.kadence-column6522_e6fb2f-18 > .kt-inside-inner-col > .aligncenter{width:100%;}.kadence-column6522_e6fb2f-18 > .kt-inside-inner-col:before{opacity:0.3;}.kadence-column6522_e6fb2f-18{position:relative;}@media all and (max-width: 1024px){.kadence-column6522_e6fb2f-18 > .kt-inside-inner-col{flex-direction:column;justify-content:center;align-items:center;}}@media all and (max-width: 767px){.kadence-column6522_e6fb2f-18 > .kt-inside-inner-col{flex-direction:column;justify-content:center;align-items:center;}}<\/style>\n<div class=\"wp-block-kadence-column kadence-column6522_e6fb2f-18\"><div class=\"kt-inside-inner-col\">\n<iframe loading=\"lazy\" src=\"https:\/\/www.google.com\/maps\/d\/u\/0\/embed?mid=1yHzyYljcuJqPkFEOyCGVPpdhOKLnOv8&#038;ehbc=2E312F\" width=\"1024\" height=\"480\"><\/iframe>\n<\/div><\/div>\n\n<p>Puedes filtrar el mapa por estado federal desplegando la barra de men\u00fa de la izquierda. Simplemente haz clic en el s\u00edmbolo de la esquina superior izquierda. <\/p>\n\n<hr class=\"wp-block-separator has-alpha-channel-opacity\" style=\"margin-top:var(--wp--preset--spacing--50);margin-bottom:var(--wp--preset--spacing--50)\"\/>\n<style>.kadence-column6522_ca5de9-80 > .kt-inside-inner-col{display:flex;}.kadence-column6522_ca5de9-80 > .kt-inside-inner-col{padding-top:var(--global-kb-spacing-xs, 1rem);padding-right:var(--global-kb-spacing-xs, 1rem);padding-bottom:var(--global-kb-spacing-xs, 1rem);padding-left:var(--global-kb-spacing-xs, 1rem);}.kadence-column6522_ca5de9-80 > .kt-inside-inner-col{box-shadow:0px 0px 14px 0px rgba(0, 0, 0, 0.2);}.kadence-column6522_ca5de9-80 > .kt-inside-inner-col,.kadence-column6522_ca5de9-80 > .kt-inside-inner-col:before{border-top-left-radius:0px;border-top-right-radius:0px;border-bottom-right-radius:0px;border-bottom-left-radius:0px;}.kadence-column6522_ca5de9-80 > .kt-inside-inner-col{column-gap:var(--global-kb-gap-sm, 1rem);}.kadence-column6522_ca5de9-80 > .kt-inside-inner-col{flex-direction:column;align-items:center;}.kadence-column6522_ca5de9-80 > .kt-inside-inner-col > .kb-image-is-ratio-size{align-self:stretch;}.kadence-column6522_ca5de9-80 > .kt-inside-inner-col > .wp-block-kadence-advancedgallery{align-self:stretch;}.kadence-column6522_ca5de9-80 > .kt-inside-inner-col > .aligncenter{width:100%;}.kadence-column6522_ca5de9-80 > .kt-inside-inner-col{background-color:var(--global-palette8, #F7FAFC);}.kadence-column6522_ca5de9-80 > .kt-inside-inner-col:before{opacity:0.3;}.kadence-column6522_ca5de9-80{position:relative;}@media all and (max-width: 1024px){.kadence-column6522_ca5de9-80 > .kt-inside-inner-col{flex-direction:column;justify-content:center;align-items:center;}}@media all and (max-width: 767px){.kadence-column6522_ca5de9-80 > .kt-inside-inner-col{flex-direction:column;justify-content:center;align-items:center;}}<\/style>\n<div class=\"wp-block-kadence-column kadence-column6522_ca5de9-80\"><div class=\"kt-inside-inner-col\">\n<p>Por favor, valora este resumen de cursos de cuerdas altas en Alemania. Nos ayudar\u00e1s a nosotros y a otros amantes de la naturaleza. Muchas gracias \ud83d\ude42 \u00a1!  <\/p>\n\n\n\n<div class=\"wp-block-yet-another-stars-rating-visitor-votes aligncenter yasr-vv-block\"><\/div>\n\n\n\n<p>Tambi\u00e9n puedes encontrar todas las dem\u00e1s categor\u00edas en la <a href=\"https:\/\/walderlebnispfade.de\/es\/experiencias-forestales\/\" data-type=\"page\" data-id=\"228\">b\u00fasqueda de experiencia<\/a>.<\/p>\n<\/div><\/div>\n\n<hr class=\"wp-block-separator has-alpha-channel-opacity\"\/>\n\n<h3 class=\"wp-block-heading\">Precios y mejor momento para visitar los recorridos de cuerdas altas en Alemania<\/h3>\n\n<p><span style=\"box-sizing: border-box; margin: 0px; padding: 0px;\"><strong>Precios medios:<\/strong> El coste de una visita a un circuito de cuerdas altas oscila entre <strong>15 y 35 euros por persona<\/strong>, dependiendo de la<\/span>regi\u00f3n, el n\u00famero de circuitos y la temporada. Los ni\u00f1os suelen pagar un precio reducido y los grupos suelen beneficiarse de atractivos descuentos. <\/p>\n\n<p><strong>Mejor \u00e9poca:<\/strong> La <strong>temporada principal<\/strong> de los cursos de cuerdas altas es de abril a octubre. Algunas instalaciones tambi\u00e9n ofrecen recorridos interiores o zonas independientes de la intemperie durante los meses de invierno. <\/p>\n\n<p><strong>Consejo regional:<\/strong> Encontrar\u00e1s un n\u00famero especialmente elevado de recorridos de cuerdas altas en <strong>Baviera<\/strong> (12 localidades), <strong>Baden-Wurtemberg<\/strong> (11 localidades) y <strong>Renania del Norte-Westfalia<\/strong> (8 localidades).<\/p>\n\n<h2 class=\"wp-block-heading\">Lista de 38 cursos de cuerdas altas en Alemania<\/h2>\n\n<p>A continuaci\u00f3n encontrar\u00e1s un resumen de interesantes y emocionantes cursos de cuerdas altas en Alemania. Para mayor claridad, he dividido las direcciones de las tablas por estados federados. Detr\u00e1s del nombre del circuito de cuerdas altas encontrar\u00e1s (si ya est\u00e1 creado) el enlace a la p\u00e1gina detallada aqu\u00ed en Walderlebnispfade.de y el sitio web remite directamente al <strong>operador.<\/strong>  <\/p>\n\n<h2 class=\"wp-block-heading\">Cursos de cuerdas altas en Baden-W\u00fcrttemberg<\/h2>\n\n<p>Con <strong>7 recorridos de cuerdas altas<\/strong>, Baden-Wurtemberg ofrece una gran variedad de experiencias de escalada entre la Selva Negra, el Alb Suabo y el Valle del Rin. Desde cursos para familias en Stuttgart hasta exigentes retos de escalada en Nagold, el suroeste de Alemania destaca por su perfecta combinaci\u00f3n de paisajes naturales y equipamiento profesional. <\/p>\n\n<p>La distribuci\u00f3n geogr\u00e1fica de los lugares hace que Baden-W\u00fcrttemberg sea especialmente atractiva: desde la regi\u00f3n metropolitana <strong>de Mannheim-Stuttgart<\/strong> hasta el id\u00edlico <strong>valle de Nagold<\/strong> y la <strong>regi\u00f3n de la Alta Suabia<\/strong>, cerca de Biberach, encontrar\u00e1s aventuras de escalada de primera clase por todas partes. Adem\u00e1s de los cl\u00e1sicos cursos de escalada, muchos cursos de cuerdas altas tambi\u00e9n ofrecen programas de formaci\u00f3n de equipos y oportunidades para eventos. <\/p>\n\n<h3 class=\"wp-block-heading\">Lugares destacados en Baden-W\u00fcrttemberg:<\/h3>\n\n<p><strong>\ud83c\udfaf Gama de precios:<\/strong> 19-27\u20ac para adultos, 9,50-18\u20ac para ni\u00f1os (media: 21\u20ac\/15\u20ac)<br\/><strong>\ud83c\udf32 Caracter\u00edsticas especiales:<\/strong> 2 de las 7 instalaciones <strong>funcionan todo el a\u00f1o<\/strong> (Mudau y Nagold), por lo que tambi\u00e9n son perfectas para las aventuras invernales<br\/><strong>\ud83d\udc68\u200d\ud83d\udc69\u200d\ud83d\udc67\u200d\ud83d\udc66 Apto para familias:<\/strong> Casi todas las sedes tienen cursos especiales para ni\u00f1os y zonas familiares<br\/><strong>\ud83d\udccd Consejo regional:<\/strong> <strong>Mannheim<\/strong> y <strong>Stuttgart<\/strong> ofrecen experiencias de escalada cerca de la ciudad, mientras que <strong>Mudau<\/strong>, en el Odenwald, y <strong>Sigmaringen<\/strong>, en el Danubio, ofrecen experiencias especialmente cercanas a la naturaleza<br\/><strong>\u2b50 Consejo de alguien que sabe:<\/strong> El <strong>circuito de cuerdas altas de Sonnenhof<\/strong>, en Stuttgart, es especialmente adecuado para familias, con precios a partir de 9,50 euros para los ni\u00f1os, y ofrece una experiencia de escalada especial los domingos y festivos<br\/><strong>\ud83c\udfc6 Lugares de primera:<\/strong> <strong>Nagold<\/strong> y <strong>Wiesloch<\/strong> ofrecen los recorridos m\u00e1s desafiantes con la tecnolog\u00eda de seguridad m\u00e1s avanzada<\/p>\n\n<figure class=\"wp-block-table has-small-font-size\"><table><thead><tr><th>Nombre<\/th><th>Direcci\u00f3n<\/th><th>Tel\u00e9fono<\/th><th>Mail<\/th><th>P\u00e1gina web<\/th><th>Meses de apertura<\/th><\/tr><\/thead><tbody><tr><td>Curso de cuerdas altas Biberach<\/td><td>Im Burrenwald,<br\/>88400 Biberach<\/td><td>+49 0152 029 35 198<\/td><td><a href=\"mailto:kletterwaldbc@gmail.com\">kletterwaldbc@gmail.com<\/a><\/td><td><a href=\"https:\/\/www.kletterwald-biberach.de\/\" target=\"_blank\" rel=\"noreferrer noopener\">kletterwald-biberach.de<\/a><\/td><td>Abril \u2013 Noviembre<\/td><\/tr><tr><td>Curso de cuerdas altas Mannheim<\/td><td>Im Pfeiffersw\u00f6rth,<br\/>68305 Mannheim<\/td><td>+49 621 280 004 89<\/td><td><a href=\"mailto:tanja.wuerges@kbz.ekiba.de\">tanja.wuerges@kbz.ekiba.de<\/a><\/td><td><a href=\"http:\/\/www.seilgarten-mannheim.de\/\" target=\"_blank\" rel=\"noreferrer noopener\">seilgarten-mannheim.de<\/a><\/td><td>Marzo \u2013 Noviembre<\/td><\/tr><tr><td>Curso de cuerdas altas Mudau<\/td><td>Winterberg 5,<br\/>69427 Mudau<\/td><td>+49 6284 92 999 33<\/td><td><a href=\"mailto:info@eventurepark.de\">info@eventurepark.de<\/a><\/td><td><a href=\"https:\/\/eventurepark.de\/erlebnisse\/kletterpark\/\" target=\"_blank\" rel=\"noreferrer noopener\">eventurepark.de<\/a><\/td><td>Todo el a\u00f1o<\/td><\/tr><tr><td>Curso de cuerdas altas Nagold<\/td><td>Am Eisberg 1,<br\/>72202 Nagold<\/td><td>+49 176 4163 7403<\/td><td><a href=\"mailto:info@hochseilgarten-nagold.de\">info@hochseilgarten-nagold.de<\/a><\/td><td><a href=\"https:\/\/hochseilgarten-nagold.de\/\" target=\"_blank\" rel=\"noreferrer noopener\">hochseilgarten-nagold.de<\/a><\/td><td>Todo el a\u00f1o<\/td><\/tr><tr><td>Curso de cuerdas altas en Sigmaringen<\/td><td>Georg-Zimmer-Str. 6,<br\/>72488 Sigmaringen <\/td><td>+49 7571 50411  <\/td><td><a href=\"mailto:info@outandback.de\">info@outandback.de  <\/a><\/td><td><a href=\"https:\/\/www.kletterpark-sigmaringen.de\/\" target=\"_blank\" rel=\"noopener\">kletterpark-sigmaringen.de<\/a><\/td><td>Marzo \u2013 Octubre<\/td><\/tr><tr><td>Curso de cuerdas altas Wiesloch<\/td><td>Gewann Haagen 7,<br\/>69168 Wiesloch<\/td><td>+49 6222 386 53 53<\/td><td><a href=\"mailto:info@fun-4-you.net\">info@fun-4-you.net<\/a><\/td><td><a href=\"https:\/\/fun4you.org\/\" target=\"_blank\" rel=\"noreferrer noopener\">fun4you.org<\/a><\/td><td>Marzo \u2013 Noviembre<\/td><\/tr><tr><td>Circuito de cuerdas altas de Sonnenhof<\/td><td>Sonnenhof 1,<br\/>70378 Stuttgart<\/td><td>+49 711 21957305<\/td><td><a href=\"mailto:info@dersonnenhof.com\">info@dersonnenhof.com<\/a><\/td><td><a href=\"https:\/\/www.dersonnenhof.com\/kinder-jugendliche\/hochseilgarten\/\" target=\"_blank\" rel=\"noreferrer noopener\">dersonnenhof.com<\/a><\/td><td>Marzo \u2013 Octubre<\/td><\/tr><\/tbody><\/table><figcaption class=\"wp-element-caption\">Cursos de cuerdas altas en Baden-W\u00fcrttemberg<\/figcaption><\/figure>\n\n<h2 class=\"wp-block-heading\">Cursos de cuerdas altas en Baviera<\/h2>\n\n<p>Baviera entusiasma con <strong>8 espectaculares circuitos de cuerdas altas<\/strong> en un impresionante entorno alpino y ofrece la mayor concentraci\u00f3n de circuitos de cuerdas altas de Alemania. Desde las majestuosas monta\u00f1as de <strong>Allg\u00e4u<\/strong> hasta el id\u00edlico <strong>Chiemgau<\/strong> y la regi\u00f3n del Zugspitze alrededor de <strong>Garmisch-Partenkirchen<\/strong>, los circuitos de cuerdas altas b\u00e1varos destacan por sus vistas panor\u00e1micas \u00fanicas y su ambiente alpino. <\/p>\n\n<p>Los cursos de cuerdas altas de Baviera se caracterizan por sus <strong>instalaciones de lujo<\/strong> y sus temporadas <strong>m\u00e1s largas<\/strong> -algunas instalaciones aprovechan los lugares alpinos m\u00e1s templados para ampliar su horario de apertura hasta noviembre-. Todos los lugares se encuentran en regiones vacacionales populares y pueden combinarse perfectamente con otras actividades, como senderismo, nataci\u00f3n o visitas tur\u00edsticas. Por tanto, Baviera es ideal para unas <strong>vacaciones activas con toda la familia<\/strong>.  <\/p>\n\n<h3 class=\"wp-block-heading\">Lo m\u00e1s destacado en Baviera:<\/h3>\n\n<p><strong>\ud83c\udfaf Gama de precios:<\/strong> 19,95-28,40\u20ac para adultos, 18-25,90\u20ac para ni\u00f1os (media: 25\u20ac\/20\u20ac)<br\/><strong>\ud83c\udfd4\ufe0f Caracter\u00edsticas especiales:<\/strong> <strong>La \u00fanica instalaci\u00f3n que funciona todo el a\u00f1o<\/strong> en F\u00fcssen, en Allg\u00e4u: escalada incluso en invierno<br\/><strong>\ud83d\udc68\u200d\ud83d\udc69\u200d\ud83d\udc67\u200d\ud83d\udc66 Para familias:<\/strong> Los 8 emplazamientos se encuentran en regiones de vacaciones para familias con una amplia infraestructura tur\u00edstica<br\/><strong>\ud83d\udccd Consejo regional:<\/strong> El <strong>tri\u00e1ngulo de Allg\u00e4u<\/strong>, con F\u00fcssen, Immenstadt y Oy-Mittelberg, ofrece 3 recorridos de cuerdas altas en un espectacular entorno de monta\u00f1a<br\/><strong>\u2b50 Consejo de alguien que sabe:<\/strong> <strong>F\u00fcssen<\/strong> combina a la perfecci\u00f3n la acci\u00f3n del circuito de cuerdas altas con una visita al castillo de Neuschwanstein<br\/><strong>\ud83c\udfc6 Lugares de primera:<\/strong> <strong>Garmisch-Partenkirchen<\/strong> y <strong>Oberreith<\/strong> ofrecen los recorridos m\u00e1s desafiantes (27-28,40\u20ac) con vistas panor\u00e1micas del Zugspitze<br\/><strong>\ud83c\udf0a Experiencia combinada:<\/strong> <strong>Chiemsee<\/strong> y <strong>\u00dcbersee<\/strong> ofrecen la combinaci\u00f3n perfecta de circuito de cuerdas altas y diversi\u00f3n nadando en el \u00abMar de Baviera\u00bb<\/p>\n\n<figure class=\"wp-block-table has-small-font-size\"><table><thead><tr><th>Nombre<\/th><th>Direcci\u00f3n<\/th><th>Tel\u00e9fono<\/th><th>Mail<\/th><th>P\u00e1gina web<\/th><th>Meses de apertura<\/th><\/tr><\/thead><tbody><tr><td>Curso de cuerdas altas Chiemsee<\/td><td>Bernauer Str. 48,<br\/>83229 Aschau im Chiemgau<\/td><td>+49 179 811 5229<\/td><td><a href=\"mailto:info@chiemgauer-hochseilgarten.de\">info@chiemgauer-hochseilgarten.de<\/a><\/td><td><a href=\"https:\/\/www.chiemgauer-hochseilgarten.de\/\" target=\"_blank\" rel=\"noreferrer noopener\">chiemgauer-hochseilgarten.de<\/a><\/td><td>Marzo \u2013 Octubre<\/td><\/tr><tr><td>Curso de cuerdas altas F\u00fcssen<\/td><td>Sch\u00e4fflerstra\u00dfe 19b,<br\/>87629 F\u00fcssen im Allg\u00e4u<\/td><td>+49 8362 3004220<\/td><td><a href=\"mailto:anfrage@vaude-hochseilgarten.de\">anfrage@vaude-hochseilgarten.de<\/a><\/td><td><a href=\"https:\/\/hochseilgarten-fuessen.de\/\" target=\"_blank\" rel=\"noreferrer noopener\">hochseilgarten-fuessen.de<\/a><\/td><td>Todo el a\u00f1o<\/td><\/tr><tr><td>Curso de cuerdas altas Garmisch-Partenkirchen<\/td><td>Wankbahnstra\u00dfe 3,<br\/>82467 Garmisch-Partenkirchen<\/td><td>+49 170 634 96 88<\/td><td><a href=\"mailto:servus@kletterwald-gap.de\">servus@kletterwald-gap.de<\/a><\/td><td><a href=\"https:\/\/kletterwald-gap.de\/\" target=\"_blank\" rel=\"noreferrer noopener\">kletterwald-gap.de<\/a><\/td><td>Marzo \u2013 Octubre<\/td><\/tr><tr><td>Curso de cuerdas altas B\u00e4renfalle Immenstadt<\/td><td>Ratholz 24,<br\/>87509 Immenstadt<\/td><td>+49 8323 968 050<\/td><td><a href=\"mailto:info@tiefblick.de\">info@tiefblick.de<\/a><\/td><td><a href=\"https:\/\/www.kletterwald-baerenfalle.de\/\" target=\"_blank\" rel=\"noreferrer noopener\">kletterwald-baerenfalle.de<\/a><\/td><td>Marzo \u2013 Octubre<\/td><\/tr><tr><td>Curso de cuerdas altas de Gr\u00fcntensee<\/td><td>Am Kletterwald 1,<br\/>87466 Oy-Mittelberg<\/td><td>+49 8323 968050<\/td><td><a href=\"mailto:info@tiefblick.de\">info@tiefblick.de<\/a><\/td><td><a href=\"https:\/\/www.kletterwald-gruentensee.de\/\" target=\"_blank\" rel=\"noreferrer noopener\">kletterwald-gruentensee.de<\/a><\/td><td>Marzo \u2013 Octubre<\/td><\/tr><tr><td>Curso de cuerdas en el bosque de H\u00f6llschlucht<\/td><td>B\u00fcrgermeister-Franz-Keller-Stra\u00dfe,<br\/>87459 Pfronten-Kappel<\/td><td>+49 8363 925 98 96<\/td><td><a href=\"mailto:info@waldseilgarten-hoellschlucht.de\">info@waldseilgarten-hoellschlucht.de<\/a><\/td><td><a href=\"https:\/\/www.waldseilgarten-hoellschlucht.de\/aktivitaeten.html\" target=\"_blank\" rel=\"noreferrer noopener\">waldseilgarten-hoellschlucht.de<\/a><\/td><td>Abril \u2013 Noviembre<\/td><\/tr><tr><td>Curso de cuerdas altas \u00dcbersee<\/td><td>Julius-Exter-Promenade 23,<br\/>83236 \u00dcbersee<\/td><td>+49 8642 595 5650<\/td><td><a href=\"mailto:info@parkeroutdoor.com\">info@parkeroutdoor.com<\/a><\/td><td><a href=\"https:\/\/parkeroutdoor.com\/\" target=\"_blank\" rel=\"noreferrer noopener\">parkeroutdoor.com<\/a><\/td><td>Marzo \u2013 Octubre<\/td><\/tr><tr><td>Curso de cuerdas en el bosque de Oberreith<\/td><td>Oberreith 6a,<br\/>83567 Unterreit<\/td><td>+49 8073 915360<\/td><td><a href=\"mailto:mail@waldseilgarten-oberreith.de\">mail@waldseilgarten-oberreith.de<\/a><\/td><td><a href=\"https:\/\/www.wildpark-oberreith.de\/waldseilgarten\/\" target=\"_blank\" rel=\"noreferrer noopener\">wildpark-oberreith.de<\/a><\/td><td>Marzo \u2013 Octubre<\/td><\/tr><\/tbody><\/table><figcaption class=\"wp-element-caption\">Cursos de cuerdas altas en Baden-W\u00fcrttemberg<\/figcaption><\/figure>\n\n<h2 class=\"wp-block-heading\">Cursos de cuerdas altas en Berl\u00edn<\/h2>\n\n<p>Berl\u00edn tiene <strong>2 recorridos de cuerdas altas<\/strong>, que est\u00e1n situados en distintas partes de la ciudad y siguen conceptos diferentes. El <strong>circuito de cuerdas altas de Jungfernheide<\/strong>, en el noroeste de la ciudad, est\u00e1 situado en una zona de bosque natural y ofrece escalada cl\u00e1sica en \u00e1rboles. <strong>MountMitte<\/strong>, por otra parte, est\u00e1 situado en el centro de Berl\u00edn-Mitte y combina actividades de circuito de cuerdas altas con un concepto de club de playa. <\/p>\n\n<p><span style=\"box-sizing: border-box; margin: 0px; padding: 0px;\">Ambas instalaciones <strong>funcionan estacionalmente<\/strong> de marzo\/abril a octubre y aprovechan los meses m\u00e1s c\u00e1lidos para realizar actividades al aire libre.<\/span> Los lugares son f\u00e1cilmente accesibles en transporte p\u00fablico y son adecuados tanto para los berlineses como para los turistas que quieran a\u00f1adir una experiencia de escalada a su escapada urbana.<\/p>\n\n<h3 class=\"wp-block-heading\">Lo m\u00e1s destacado en Berl\u00edn:<\/h3>\n\n<p><strong>\ud83c\udfaf Gama de precios:<\/strong> 27-29\u20ac para adultos, 23-24\u20ac para ni\u00f1os (media: 28\u20ac\/24\u20ac)<br\/><strong>\ud83c\udf32 Caracter\u00edsticas especiales:<\/strong> No hay instalaciones todo el a\u00f1o \u2013 los dos recorridos de cuerdas altas tienen un funcionamiento estacional de marzo a octubre<br\/><strong>\ud83d\udc68\u200d\ud83d\udc69\u200d\ud83d\udc67\u200d\ud83d\udc66 Apto para familias:<\/strong> ambas sedes ofrecen cursos para ni\u00f1os<br\/><strong>\ud83d\udccd Consejo regional:<\/strong> <strong>Jungfernheide<\/strong> para una experiencia de bosque cerca de la naturaleza, <strong>MountMitte<\/strong> para escalada urbana seguida de una sensaci\u00f3n de playa<br\/><strong>\u2b50 Caracter\u00edstica especial:<\/strong> <strong>MountMitte<\/strong> es el \u00fanico circuito de cuerdas altas de Alemania con instalaciones de voley-playa integradas<br\/><strong>\ud83d\ude87 Enlaces de transporte:<\/strong> Ambas instalaciones son f\u00e1cilmente accesibles en metro\/tren \u2013 ideal para visitas sin coche<br\/><strong>\ud83d\udcb0 Nivel de precios:<\/strong> Precios medios m\u00e1s altos de Alemania (nivel metropolitano)<\/p>\n\n<figure class=\"wp-block-table has-small-font-size\"><table><thead><tr><th>Nombre<\/th><th>Direcci\u00f3n<\/th><th>Tel\u00e9fono<\/th><th>Mail<\/th><th>P\u00e1gina web<\/th><th>Meses de apertura<\/th><\/tr><\/thead><tbody><tr><td><strong><a href=\"https:\/\/walderlebnispfade.de\/es\/Erlebnisse\/circuito-de-cuerdas-altas-en-el-bosque-de-jungfernheide\/\" data-type=\"erlebnisse\" data-id=\"4042\">Curso de cuerdas altas de Jungfernheide<\/a><\/strong><\/td><td>Heckerdamm 260,<br\/>13627 Berl\u00edn<\/td><td>+49 30 34094818<\/td><td><a href=\"mailto:info@waldhochseilgarten-jungfernheide.de\">info@waldhochseilgarten-jungfernheide.de<\/a><\/td><td><a href=\"https:\/\/waldhochseilgarten-jungfernheide.de\/\" target=\"_blank\" rel=\"noreferrer noopener\">waldhochseilgarten-jungfernheide.de<\/a><\/td><td>Marzo \u2013 Octubre<\/td><\/tr><tr><td>Curso de cuerdas altas MountMitte<\/td><td>Caroline-Michaelis-Str. 8,<br\/>10115 Berl\u00edn <\/td><td>+49 30 555778920<\/td><td><a href=\"mailto:info@beachberlin.de\">info@beachberlin.de<\/a><\/td><td><a href=\"https:\/\/beachmitte.de\/mountmitte-hochseilgarten-berlin-mitte\/\" data-type=\"link\" data-id=\"https:\/\/beachmitte.de\/mountmitte-hochseilgarten-berlin-mitte\/\" target=\"_blank\" rel=\"noopener\">beachm<\/a><a href=\"https:\/\/beachmitte.de\/mountmitte-hochseilgarten-berlin-mitte\/\" target=\"_blank\" data-type=\"link\" data-id=\"https:\/\/beachmitte.de\/mountmitte-hochseilgarten-berlin-mitte\/\" rel=\"noreferrer noopener\">i<\/a><a href=\"https:\/\/beachmitte.de\/mountmitte-hochseilgarten-berlin-mitte\/\" data-type=\"link\" data-id=\"https:\/\/beachmitte.de\/mountmitte-hochseilgarten-berlin-mitte\/\" target=\"_blank\" rel=\"noopener\">tte.de<\/a><\/td><td>Abril \u2013 Octubre<\/td><\/tr><\/tbody><\/table><figcaption class=\"wp-element-caption\">Cursos de cuerdas altas en Berl\u00edn<\/figcaption><\/figure>\n\n<h2 class=\"wp-block-heading\">Cursos de cuerdas altas en Hesse<\/h2>\n\n<p>Hesse tiene <strong>2 recorridos de cuerdas altas<\/strong> con diferentes conceptos de funcionamiento. El <strong>circuito de cuerdas altas de Bensheim<\/strong> est\u00e1 abierto todo el a\u00f1o como instalaci\u00f3n interior\/exterior y forma parte de un centro de escalada interior. El <strong>parque de escalada de Silbersee<\/strong>, en Frielendorf, funciona como una instalaci\u00f3n puramente al aire libre con un funcionamiento estacional de abril a octubre.  <\/p>\n\n<p>Las dos sedes de Hesse se caracterizan por sus <strong>bajos precios<\/strong>, muy por debajo de la media nacional. Ambas instalaciones se encuentran en el sur del estado y son f\u00e1cilmente accesibles desde la regi\u00f3n Rin-Meno. <\/p>\n\n<h3 class=\"wp-block-heading\">Lo m\u00e1s destacado en Hesse:<\/h3>\n\n<p><strong>\ud83c\udfaf Precios:<\/strong> 11-16\u20ac para adultos, 11\u20ac para ni\u00f1os (media: 14\u20ac\/11\u20ac)<br\/><strong>\ud83c\udf32 Caracter\u00edsticas especiales:<\/strong> 1 instalaci\u00f3n para todo el a\u00f1o en <strong>Bensheim<\/strong> con opci\u00f3n de interior<br\/><strong>\ud83d\udc68\u200d\ud83d\udc69\u200d\ud83d\udc67\u200d\ud83d\udc66 Para familias:<\/strong> precios muy favorables para los ni\u00f1os: 11\u20ac en ambos lugares<br\/><strong>\ud83d\udccd Consejo regional:<\/strong> <strong>Bensheim<\/strong> para escalar haga el tiempo que haga, <strong>Silbersee<\/strong> para una experiencia natural al aire libre junto al agua<br\/><strong>\u2b50 Particularidad:<\/strong> <strong>Silbersee<\/strong> combina un circuito de cuerdas altas con el acceso a un lago para nadar<br\/><strong>\ud83d\udcb0 Ventaja del precio:<\/strong> los cursos de cuerdas altas m\u00e1s baratos de Alemania<br\/><strong>\ud83d\ude97 Ubicaci\u00f3n:<\/strong> Ambos emplazamientos en el sur de Hesse, bien comunicados con la regi\u00f3n de Frankfurt\/Rin-Meno<\/p>\n\n<figure class=\"wp-block-table has-small-font-size\"><table><thead><tr><th>Nombre<\/th><th>Direcci\u00f3n<\/th><th>Tel\u00e9fono<\/th><th>Mail<\/th><th>P\u00e1gina web<\/th><th>Meses de apertura<\/th><\/tr><\/thead><tbody><tr><td>Curso de cuerdas altas Bensheim<\/td><td>Albert-Einstein-Allee 8,<br\/>64625 Bensheim<\/td><td>+49 6251 989 4363<\/td><td><a href=\"mailto:info@kletterhalle-bensheim.de\">info@kletterhalle-bensheim.de<\/a><\/td><td><a href=\"https:\/\/www.kletterhalle-bensheim.de\/\" target=\"_blank\" rel=\"noreferrer noopener\">kletterhalle-bensheim.de<\/a><\/td><td>Todo el a\u00f1o<\/td><\/tr><tr><td>Parque de escalada en Silbersee<\/td><td>Silbersee 300,<br\/>34621 Frielendorf<\/td><td>+49 5684 1503<\/td><td><a href=\"mailto:info@kletterpark-silbersee.de\">info@kletterpark-silbersee.de<\/a><\/td><td><a href=\"https:\/\/www.kletterpark-silbersee.de\/\" target=\"_blank\" rel=\"noreferrer noopener\">kletterpark-silbersee.de<\/a><\/td><td>Abril \u2013 Octubre<\/td><\/tr><\/tbody><\/table><figcaption class=\"wp-element-caption\">Cursos de cuerdas altas en Hesse<\/figcaption><\/figure>\n\n<p><br\/><\/p>\n<style>.kb-image6522_1e9fed-93 .kb-image-has-overlay:after{opacity:0.3;}<\/style>\n<div class=\"wp-block-kadence-image kb-image6522_1e9fed-93\"><figure class=\"aligncenter size-full\"><img loading=\"lazy\" decoding=\"async\" width=\"1024\" height=\"683\" src=\"https:\/\/walderlebnispfade.de\/wp-content\/uploads\/2025\/02\/Hochseilgarten_Deutschland.jpg\" alt=\"Symbolbild von Hochseilg\u00e4rten in Deutschland\" class=\"kb-img wp-image-6527\" srcset=\"https:\/\/walderlebnispfade.de\/wp-content\/uploads\/2025\/02\/Hochseilgarten_Deutschland.jpg 1024w, https:\/\/walderlebnispfade.de\/wp-content\/uploads\/2025\/02\/Hochseilgarten_Deutschland-300x200.jpg 300w, https:\/\/walderlebnispfade.de\/wp-content\/uploads\/2025\/02\/Hochseilgarten_Deutschland-768x512.jpg 768w\" sizes=\"auto, (max-width: 1024px) 100vw, 1024px\" \/><\/figure><\/div>\n\n<h2 class=\"wp-block-heading\">Cursos de cuerdas altas en Baja Sajonia<\/h2>\n\n<p>Baja Sajonia tiene <strong>2 recorridos de cuerdas altas<\/strong> en regiones geogr\u00e1ficas completamente distintas. El <strong>parque de escalada del Mar del Norte de Borkum<\/strong> est\u00e1 situado en la isla del Mar del Norte del mismo nombre y es el \u00fanico circuito de cuerdas altas de Alemania con proximidad directa al mar. El <strong>circuito de cuerdas altas de Harz<\/strong> se encuentra en Sankt Andreasberg, en la cordillera baja, y aprovecha el tel\u00f3n de fondo de bosque de monta\u00f1a del Parque Nacional de Harz.  <\/p>\n\n<p>Ambas instalaciones funcionan con <strong>temporadas id\u00e9nticas<\/strong>, de abril a octubre, y est\u00e1n orientadas a las principales temporadas tur\u00edsticas de sus respectivas regiones. Los lugares difieren mucho en cuanto a su accesibilidad y orientaci\u00f3n al grupo destinatario. <\/p>\n\n<h3 class=\"wp-block-heading\">Lo m\u00e1s destacado en Baja Sajonia:<\/h3>\n\n<p><strong>\ud83c\udfaf Rango de precios:<\/strong> 22-24\u20ac para adultos, 17-18\u20ac para ni\u00f1os (media: 23\u20ac\/18\u20ac)<br\/><strong>\ud83c\udf32 Caracter\u00edsticas especiales:<\/strong> No hay instalaciones todo el a\u00f1o \u2013 ambas con funcionamiento estacional de abril a octubre<br\/><strong>\ud83d\udc68\u200d\ud83d\udc69\u200d\ud83d\udc67\u200d\ud83d\udc66 Para toda la familia:<\/strong> Ambos lugares se encuentran en regiones de vacaciones familiares consolidadas<br\/><strong>\ud83d\udccd Sugerencia regional:<\/strong> <strong>Borkum<\/strong> para los veraneantes del Mar del Norte, <strong>Sankt Andreasberg<\/strong> para los visitantes de las Monta\u00f1as Harz<br\/><strong>\u2b50 Particularidad:<\/strong> <strong>Borkum<\/strong> es el \u00fanico circuito de cuerdas altas insular de Alemania con vistas al Mar del Norte<br\/><strong>\ud83d\ude97 Accesibilidad:<\/strong> <strong>Borkum<\/strong> s\u00f3lo en ferry, <strong>Sankt Andreasberg<\/strong> directamente en coche<br\/><strong>\ud83d\udcb0 Nivel de precios:<\/strong> Segmento de precio medio, comparable con otras regiones de vacaciones<\/p>\n\n<figure class=\"wp-block-table has-small-font-size\"><table><thead><tr><th>Nombre<\/th><th>Direcci\u00f3n<\/th><th>Tel\u00e9fono<\/th><th>Mail<\/th><th>P\u00e1gina web<\/th><th>Meses de apertura<\/th><\/tr><\/thead><tbody><tr><td>Parque de escalada del Mar del Norte Borkum<\/td><td>Goethestrasse 25,<br\/>26757 Borkum<\/td><td>+49 4922 9234077<\/td><td><a href=\"mailto:info@tree2tree.de\">info@nordseekletterpark.de<\/a><\/td><td><a href=\"https:\/\/www.nordseekletterpark.de\/\" target=\"_blank\" rel=\"noopener\">nordseekletterpark.de<\/a><\/td><td>Abril \u2013 Octubre<\/td><\/tr><tr><td>Curso de cuerdas altas Harz<\/td><td><br\/>Jordansh\u00f6he 2, 37444 Sankt Andreasberg<\/td><td>+49 5582 8154<\/td><td><a href=\"mailto:info@bergsport-arena.de\">info@bergsport-arena.de<\/a><\/td><td><a href=\"https:\/\/harz-hochseilgarten.de\/\" target=\"_blank\" rel=\"noreferrer noopener\">harz-hochseilgarten.de<\/a><\/td><td>Abril \u2013 Octubre<\/td><\/tr><\/tbody><\/table><figcaption class=\"wp-element-caption\">Cursos de cuerdas altas en Baja Sajonia<\/figcaption><\/figure>\n\n<h2 class=\"wp-block-heading\">Cursos de cuerdas altas en Renania del Norte-Westfalia (6 lugares)<\/h2>\n\n<p>Renania del Norte-Westfalia cuenta con <strong>6 recorridos de cuerdas altas<\/strong>, repartidos equitativamente entre la <strong>regi\u00f3n del Ruhr<\/strong> (3 localidades) y <strong>Renania<\/strong> (3 localidades). Las instalaciones se concentran en las grandes ciudades y sus alrededores, con tres operadores que ofrecen precios y conceptos id\u00e9nticos: la cadena <strong>tree2tree<\/strong> en Dortmund, Duisburgo y Oberhausen. Las dem\u00e1s sedes de D\u00fcsseldorf, Colonia y Xanten trabajan con operadores individuales y modelos de precios diferentes.  <\/p>\n\n<p><span style=\"box-sizing: border-box; margin: 0px; padding: 0px;\">Todas las instalaciones<\/span><strong>funcionan<\/strong> <span style=\"box-sizing: border-box; margin: 0px; padding: 0px;\"> <strong>por temporadas<\/strong><\/span><strong>entre marzo y octubre, aunque el circuito de cuerdas altas de D\u00fcsseldorf tiene un horario de apertura regulado individualmente.<\/strong> El nivel de precios est\u00e1 muy por encima de la media nacional y refleja la ubicaci\u00f3n de la ciudad.<\/p>\n\n<h3 class=\"wp-block-heading\">Lo m\u00e1s destacado en Renania del Norte-Westfalia:<\/h3>\n\n<p><strong>\ud83c\udfaf Precios:<\/strong> 23-39\u20ac para adultos, 19-34\u20ac para ni\u00f1os (media: 32\u20ac\/27\u20ac)<br\/><strong>\ud83c\udf32 Caracter\u00edsticas especiales:<\/strong> No hay instalaciones todo el a\u00f1o \u2013 todas con funcionamiento estacional de marzo a octubre<br\/><strong>\ud83d\udc68\u200d\ud83d\udc69\u200d\ud83d\udc67\u200d\ud83d\udc66 Para familias:<\/strong> Todas las ubicaciones en entornos urbanos con buenas conexiones de transporte p\u00fablico<br\/><strong>\ud83d\udccd Consejo regional:<\/strong> <strong>Regi\u00f3n del Ruhr<\/strong> para experiencias tree2tree id\u00e9nticas, <strong>Renania<\/strong> para conceptos personalizados<br\/><strong>\u2b50 Caracter\u00edstica especial:<\/strong> <strong>Xanten<\/strong> combina un circuito de cuerdas altas con la historia romana en el parque arqueol\u00f3gico<br\/><strong>\ud83d\ude87 La ventaja de las grandes ciudades:<\/strong> todas las ubicaciones en \u00e1reas metropolitanas con conexiones directas de S-Bahn\/U-Bahn<br\/><strong>\ud83d\udcb0 Nivel de precios:<\/strong> Los precios medios son los segundos m\u00e1s altos despu\u00e9s de los de Berl\u00edn \u2013 <strong>los locales de tree2tree<\/strong> son los m\u00e1s caros, con 39 euros<\/p>\n\n<figure class=\"wp-block-table has-small-font-size\"><table><thead><tr><th>Nombre<\/th><th>Direcci\u00f3n<\/th><th>Tel\u00e9fono<\/th><th>Mail<\/th><th>P\u00e1gina web<\/th><th>Meses de apertura<\/th><\/tr><\/thead><tbody><tr><td>Curso de cuerdas altas Dortmund<\/td><td><br\/>H\u00f6fkerstra\u00dfe 12, 44149 Dortmund<\/td><td>+49 1805 873328732<\/td><td><a href=\"mailto:info@tree2tree.de\">info@tree2tree.de<\/a><\/td><td><a href=\"https:\/\/www.tree2tree.de\/\" target=\"_blank\" rel=\"noreferrer noopener\">tree2tree.de<\/a><\/td><td>Marzo \u2013 Octubre<\/td><\/tr><tr><td>Curso de cuerdas altas Duisburgo<\/td><td><br\/>Kalkweg 153, 47055 Duisburgo<\/td><td>+49 1805 873328733<\/td><td><a href=\"mailto:info@tree2tree.de\">info@tree2tree.de<\/a><\/td><td><a href=\"https:\/\/www.tree2tree.de\/\" target=\"_blank\" rel=\"noreferrer noopener\">tree2tree.de<\/a><\/td><td>Marzo \u2013 Octubre<\/td><\/tr><tr><td>Curso de cuerdas altas Oberhausen<\/td><td><br\/>Arenastr. 13, 46047 Oberhausen <\/td><td>+49 1805 873328734<\/td><td><a href=\"mailto:info@tree2tree.de\">info@tree2tree.de<\/a><\/td><td><a href=\"https:\/\/www.tree2tree.de\/\" target=\"_blank\" rel=\"noreferrer noopener\">tree2tree.de<\/a><\/td><td>Marzo \u2013 Octubre<\/td><\/tr><tr><td>Curso de cuerdas altas D\u00fcsseldorf<\/td><td>Am Kleinforst 260,<br\/>40627 D\u00fcsseldorf<\/td><td>+49 211 47476780<\/td><td><a href=\"mailto:info@hochseilgarten-duesseldorf.de\">info@hochseilgarten-duesseldorf.de<\/a><\/td><td><a href=\"https:\/\/www.hochseilgarten-duesseldorf.de\/\" target=\"_blank\" rel=\"noopener\">hochseilgarten-duesseldorf.de<\/a><\/td><td>Personalizado<\/td><\/tr><tr><td>Curso de cuerdas altas Pies Negros Colonia<\/td><td>Stallagsbergweg 1,<br\/>50769 Colonia<\/td><td>+49 221 16881810<\/td><td><a href=\"mailto:info@blackfoot.de\">info@blackfoot.de<\/a><\/td><td><a href=\"https:\/\/www.blackfoot.de\/hochseilgarten\/\" target=\"_blank\" rel=\"noopener\">blackfoot.de\/hochseilgarten<\/a><\/td><td>Abril \u2013 Octubre<\/td><\/tr><tr><td>Curso de cuerdas altas Xanten<\/td><td>Strohweg 8c,<br\/>46509 Xanten<\/td><td>+49 2801 9879472<\/td><td><a href=\"mailto:info@adventurepark-xanten.de\">info@adventurepark-xanten.de<\/a><\/td><td><a href=\"https:\/\/www.adventurepark-xanten.de\/\" target=\"_blank\" rel=\"noopener\">adventurepark-xanten.de<\/a><\/td><td>Abril \u2013 Octubre<\/td><\/tr><\/tbody><\/table><figcaption class=\"wp-element-caption\">Cursos de cuerdas altas en Renania del Norte-Westfalia<\/figcaption><\/figure>\n\n<h2 class=\"wp-block-heading\">Cursos de cuerdas altas en Renania-Palatinado<\/h2>\n\n<p>Renania-Palatinado s\u00f3lo tiene un circuito de cuerdas altas: el <strong>puerto de escalada de Merzig<\/strong>, en el norte del estado, cerca de la frontera con el Sarre. La instalaci\u00f3n funciona estacionalmente de abril a octubre y aprovecha su proximidad al Saar para un concepto tem\u00e1tico orientado al puerto. <\/p>\n\n<p>Merzig est\u00e1 convenientemente situada entre las aglomeraciones urbanas de Saarbr\u00fccken y Tr\u00e9veris, y es f\u00e1cilmente accesible tanto para los habitantes como para los visitantes de la regi\u00f3n.<\/p>\n\n<h3 class=\"wp-block-heading\">Lo m\u00e1s destacado en Renania-Palatinado:<\/h3>\n\n<p><strong>\ud83c\udfaf Precio:<\/strong> 22 \u20ac los adultos, 20 \u20ac los ni\u00f1os (precio normal)<br\/><strong>\ud83c\udf32 Caracter\u00edsticas especiales:<\/strong> No hay instalaciones todo el a\u00f1o \u2013 funcionamiento estacional de abril a octubre<br\/><strong>\ud83d\udc68\u200d\ud83d\udc69\u200d\ud83d\udc67\u200d\ud83d\udc66 Ideal para familias:<\/strong> Peque\u00f1a diferencia de precio entre adultos y ni\u00f1os (s\u00f3lo 2 \u20ac)<br\/><strong>\ud83d\udccd Sugerencia regional:<\/strong> <strong>Merzig<\/strong> como ubicaci\u00f3n central entre el Sarre y Eifel<br\/><strong>\u2b50 Caracter\u00edstica especial:<\/strong> <strong>Tema portuario<\/strong> con referencia al cercano Sarre<br\/><strong>\ud83d\ude97 Ubicaci\u00f3n:<\/strong> C\u00f3moda conexi\u00f3n con las autopistas A8 y A1 para visitantes nacionales<br\/><strong>\ud83d\udcb0 Nivel de precios:<\/strong> Segmento de precios medio, comparable al de otras regiones rurales<\/p>\n\n<figure class=\"wp-block-table has-small-font-size\"><table><thead><tr><th>Nombre<\/th><th>Direcci\u00f3n<\/th><th>Tel\u00e9fono<\/th><th>Mail<\/th><th>P\u00e1gina web<\/th><th>Meses de apertura<\/th><\/tr><\/thead><tbody><tr><td>Puerto de escalada de Merzig<\/td><td>Saarwiesenring 14,<br\/>66663 Merzig<\/td><td>+49 152 22 14 92 42<\/td><td><a href=\"mailto:info@waldhochseilgarten-jungfernheide.de\"><\/a><a href=\"mailto:info@kletterhafen.de\">info@kletterhafen.de<\/a><\/td><td><a href=\"https:\/\/www.kletterhafen.de\/\" target=\"_blank\" rel=\"noopener\">kletterhafen.de<\/a><\/td><td>Abril \u2013 Octubre<\/td><\/tr><\/tbody><\/table><figcaption class=\"wp-element-caption\">Cursos de cuerdas altas en Renania-Palatinado<\/figcaption><\/figure>\n\n<h2 class=\"wp-block-heading\">Cursos de cuerdas altas en Schleswig-Holstein<\/h2>\n\n<p>Schleswig-Holstein cuenta con <strong>7 campos de cuerdas altas<\/strong> que se extienden desde la costa del Mar del Norte hasta el Mar B\u00e1ltico. Los emplazamientos se concentran en <strong>zonas cercanas a Hamburgo<\/strong> (Norderstedt, Hasloh) y en <strong>regiones costeras<\/strong> (Gr\u00f6mitz, Heist, Eckernf\u00f6rde). Todas las instalaciones funcionan por temporadas, y dos de ellas prolongan su temporada hasta noviembre.  <\/p>\n\n<p>Los cursos de cuerdas altas de Schleswig-Holstein aprovechan su ubicaci\u00f3n entre mares para atraer turistas, y los balnearios del B\u00e1ltico en particular se benefician de la combinaci\u00f3n de vacaciones en la playa y experiencia de escalada.<\/p>\n\n<h3 class=\"wp-block-heading\">Lo m\u00e1s destacado en Schleswig-Holstein:<\/h3>\n\n<p><strong>\ud83c\udfaf Gama de precios:<\/strong> 22-28,50\u20ac para adultos, 18-24,50\u20ac para ni\u00f1os (media: 24\u20ac\/20\u20ac)<br\/><strong>\ud83c\udf32 Caracter\u00edsticas especiales:<\/strong> No hay instalaciones todo el a\u00f1o \u2013 2 lugares con temporada ampliada hasta noviembre<br\/><strong>\ud83d\udc68\u200d\ud83d\udc69\u200d\ud83d\udc67\u200d\ud83d\udc66 Apto para familias:<\/strong> Todos los lugares en regiones tur\u00edsticas con infraestructura familiar<br\/><strong>\ud83d\udccd Consejo regional:<\/strong> <strong>Gr\u00f6mitz<\/strong> para vacaciones en el Mar B\u00e1ltico, <strong>Norderstedt\/Hasloh<\/strong> para excursiones cerca de Hamburgo<br\/><strong>\u2b50 Particularidad:<\/strong> <strong>Gr\u00f6mitz<\/strong> es el balneario m\u00e1s caro (28,50 euros) directamente en la playa del mar B\u00e1ltico<br\/><strong>\ud83c\udfd6\ufe0f Situaci\u00f3n costera:<\/strong> 4 de 7 estaciones en proximidad directa a la costa o a estaciones balnearias<br\/><strong>\ud83d\udcb0 Nivel de precios:<\/strong> Segmento medio con recargo tur\u00edstico en las estaciones balnearias<\/p>\n\n<figure class=\"wp-block-table has-small-font-size\"><table><thead><tr><th>Nombre<\/th><th>Direcci\u00f3n<\/th><th>Tel\u00e9fono<\/th><th>Mail<\/th><th>P\u00e1gina web<\/th><th>Meses de apertura<\/th><\/tr><\/thead><tbody><tr><td>Curso de cuerdas Altenhof<\/td><td><br\/>Am Bahnhof 14, 24340 Eckernf\u00f6rde<\/td><td>\u2013<\/td><td><a href=\"mailto:info@hochseilgarten-eckernfoerde.de\">info@hochseilgarten-eckernfoerde.de<\/a><\/td><td><a href=\"https:\/\/www.hochseilgarten-eckernfoerde.de\/\" target=\"_blank\" rel=\"noreferrer noopener\">hochseilgarten-eckernfoerde.de<\/a><\/td><td>Abril \u2013 Noviembre<\/td><\/tr><tr><td>Curso de cuerdas altas Hademarschen<\/td><td><br\/>Hafenstr. 20, 25557 Hanerau-Hademarschen <\/td><td>+49 176 59350543<\/td><td><a href=\"mailto:info@outex-kletterwald.de\">info@outex-kletterwald.de<\/a><\/td><td><a href=\"https:\/\/www.outex-kletterwald.de\/\" target=\"_blank\" rel=\"noreferrer noopener\">outex-kletterwald.de<\/a><\/td><td>Marzo \u2013 Octubre<\/td><\/tr><tr><td>Curso de cuerdas altas Heist<\/td><td><br\/>Schlackenweg 1, 25492 Heist<\/td><td>+49 157 77811779<\/td><td><a href=\"mailto:buero@hochseilgarten-heist.de\">buero@hochseilgarten-heist.de<\/a><\/td><td><a href=\"https:\/\/hochseilgarten-heist.de\/\" target=\"_blank\" rel=\"noreferrer noopener\">hochseilgarten-heist.de<\/a><\/td><td>Abril \u2013 Octubre<\/td><\/tr><tr><td>Curso de cuerdas altas High Spirits<\/td><td><br\/>Falckensteiner Strand 15, 24159 Kiel<\/td><td>+49 431 3104947<\/td><td><a href=\"mailto:info@highspirits-kiel.de\">info@highspirits-kiel.de<\/a><\/td><td><a href=\"http:\/\/www.hochseilgarten-kiel.de\/\" target=\"_blank\" rel=\"noreferrer noopener\">hochseilgarten-kiel.de<\/a><\/td><td>Abril \u2013 Octubre<\/td><\/tr><tr><td>Parque de escalada de Gr\u00f6mitz<\/td><td>Blankwasserweg 120,<br\/>23743 Gr\u00f6mitz-Lensterstrand<\/td><td>+49 4562 2662940<\/td><td><a href=\"mailto:info@kraxelmaxel.de\">info@kraxelmaxel.de<\/a><\/td><td><a href=\"https:\/\/www.kraxelmaxel.de\/\" target=\"_blank\" rel=\"noreferrer noopener\">kraxelmaxel.de<\/a><\/td><td>Abril \u2013 Octubre<\/td><\/tr><tr><td>Curso de cuerdas altas Hasloh<\/td><td>Pinneberger Stra\u00dfe,<br\/>25474 Hasloh<\/td><td>+49 152 07472472<\/td><td><a href=\"mailto:info@hochseilgarten-hasloh.de\">info@hochseilgarten-hasloh.de<\/a><\/td><td><a href=\"https:\/\/hochseilgarten-hasloh.de\/\" target=\"_blank\" rel=\"noopener\">hochseilgarten-hasloh.de<\/a><\/td><td>Marzo \u2013 Noviembre<\/td><\/tr><tr><td>Curso de cuerdas altas Norderstedt<\/td><td>Stormarnstra\u00dfe 55,<br\/>22844 Norderstedt<\/td><td>+49 40 94365380<\/td><td><a href=\"mailto:Info@Hochseilgarten-Norderstedt.de\">Info@Hochseilgarten-Norderstedt.de<\/a><\/td><td><a href=\"https:\/\/www.hochseilgarten-norderstedt.de\/\" target=\"_blank\" rel=\"noreferrer noopener\">hochseilgarten-norderstedt.de<\/a><\/td><td>Abril \u2013 Octubre<\/td><\/tr><\/tbody><\/table><figcaption class=\"wp-element-caption\">Cursos de cuerdas altas en Schleswig-Holstein<\/figcaption><\/figure>\n\n<h2 class=\"wp-block-heading\">Cursos de cuerdas altas en Turingia<\/h2>\n\n<p>Turingia cuenta con <strong>1 circuito de cuerdas altas<\/strong>: el <strong>parque de escalada Oberhof<\/strong>, en la conocida estaci\u00f3n de deportes de invierno del Bosque de Turingia. La instalaci\u00f3n forma parte de un parque de golf y ocio y funciona estacionalmente de abril a octubre, en consonancia con la temporada de verano en la regi\u00f3n de baja monta\u00f1a. <\/p>\n\n<p>Oberhof aprovecha su consolidada infraestructura tur\u00edstica como estaci\u00f3n de deportes de invierno y recreo para atraer visitantes durante todo el a\u00f1o, y el circuito de cuerdas altas complementa la oferta estival.<\/p>\n\n<h3 class=\"wp-block-heading\">Lo m\u00e1s destacado en Turingia:<\/h3>\n\n<p><strong>\ud83c\udfaf Precios:<\/strong> 26 \u20ac los adultos, 22 \u20ac los ni\u00f1os (precio est\u00e1ndar)<br\/><strong>\ud83c\udf32 Caracter\u00edsticas especiales:<\/strong> No hay instalaciones todo el a\u00f1o \u2013 funcionamiento estacional de abril a octubre<br\/><strong>\ud83d\udc68\u200d\ud83d\udc69\u200d\ud83d\udc67\u200d\ud83d\udc66 Ideal para familias:<\/strong> Peque\u00f1a diferencia de precio entre adultos y ni\u00f1os (s\u00f3lo 4 \u20ac)<br\/><strong>\ud83d\udccd Sugerencia regional:<\/strong> <strong>Oberhof<\/strong> es una estaci\u00f3n tur\u00edstica consolidada con una amplia oferta de ocio<br\/><strong>\u2b50 Particularidad:<\/strong> Combinaci\u00f3n con un <strong>campo de golf<\/strong> en el mismo parque de ocio<br\/><strong>\ud83c\udfd4\ufe0f Situaci\u00f3n:<\/strong> A media monta\u00f1a, en el bosque de Turingia, a unos 800 m de altitud<br\/><strong>\ud83d\udcb0 Nivel de precios:<\/strong> Gama media-alta, comparable a otras estaciones tur\u00edsticas<\/p>\n\n<figure class=\"wp-block-table has-small-font-size\"><table><thead><tr><th>Nombre<\/th><th>Direcci\u00f3n<\/th><th>Tel\u00e9fono<\/th><th>Mail<\/th><th>P\u00e1gina web<\/th><th>Meses de apertura<\/th><\/tr><\/thead><tbody><tr><td>Parque de escalada Oberhof<\/td><td>Dr.-Curt-Weidhaas-Str. 1,<br\/>98559 Oberhof<\/td><td>+49 36842 52 33 22<\/td><td><a href=\"mailto:info@waldhochseilgarten-jungfernheide.de\"><\/a><a href=\"mailto:info@golfkletterpark.de\">info@golfkletterpark.de<\/a><\/td><td><a href=\"https:\/\/golfkletterpark.de\/kletterpark\/\" target=\"_blank\" rel=\"noreferrer noopener\">golfkletterpark.de<\/a><\/td><td>Abril \u2013 Octubre<\/td><\/tr><\/tbody><\/table><figcaption class=\"wp-element-caption\">Cursos de cuerdas altas en Turingia<\/figcaption><\/figure>\n\n<h2 class=\"wp-block-heading\">Estados federales sin cursos de cuerdas altas<\/h2>\n\n<p><strong>Brandeburgo, Bremen, Hamburgo, Mecklemburgo-Pomerania Occidental, Sarre, Sajonia y Sajonia-Anhalt<\/strong> no tienen actualmente ning\u00fan roc\u00f3dromo en nuestra base de datos. Los visitantes de estas regiones pueden encontrar las instalaciones de escalada m\u00e1s cercanas en los pa\u00edses vecinos. <\/p>\n<div style=\"line-height:1.7; padding-top:var(--wp--preset--spacing--30);padding-bottom:var(--wp--preset--spacing--30);padding-left:var(--wp--preset--spacing--30);padding-right:var(--wp--preset--spacing--30);\" class=\"wp-block-post-author has-background has-theme-palette-7-background-color has-medium-font-size\"><div class=\"wp-block-post-author__avatar\"><img alt='Moni' src='https:\/\/walderlebnispfade.de\/wp-content\/uploads\/2025\/01\/cropped-Moni-Profil-96x96.jpg' srcset='https:\/\/walderlebnispfade.de\/wp-content\/uploads\/2025\/01\/cropped-Moni-Profil-192x192.jpg 2x' class='avatar avatar-96 photo' height='96' width='96' \/><\/div><div class=\"wp-block-post-author__content\"><p class=\"wp-block-post-author__name\">Moni<\/p><p class=\"wp-block-post-author__bio\">Ich bin seit vielen Jahren begeisterter Outdoor-Fan und m\u00f6chte meine Erfahrungen \u00fcber tolle Erlebnisse in Deutschland und Europa der letzten Jahre hier mit Dir teilen. \r\n\r\nEgal ob Klettern, Wandern oder einfach nur die Natur genie\u00dfen, es gibt so viele tolle M\u00f6glichkeiten seine Zeit im Freien zu verbringen. Sicher ist auch f\u00fcr Dich etwas in der Sammlung unserer Walderlebnisse dabei.<\/p><\/div><\/div>\n<h2 class=\"wp-block-heading\">FAQ \u2013 Cursos de cuerdas altas en Alemania<\/h2>\n<div id=\"rank-math-faq\" class=\"rank-math-block\">\n<div class=\"rank-math-list \">\n<div id=\"faq-question-1739217338645\" class=\"rank-math-list-item\">\n<h4 class=\"rank-math-question \">\u00bfQu\u00e9 es un circuito de cuerdas altas?<\/h4>\n<div class=\"rank-math-answer \">\n\n<p>Los recorridos de cuerdas altas en Alemania son recorridos especialmente construidos que suelen estar a una altura de entre tres y quince metros sobre el suelo. Constan de varias estaciones y elementos como puentes de cuerda, columpios y vigas de equilibrio, todos ellos destinados a poner a prueba el equilibrio, el valor y la confianza en uno mismo.<\/p>\n\n<\/div>\n<\/div>\n<div id=\"faq-question-1739219948466\" class=\"rank-math-list-item\">\n<h4 class=\"rank-math-question \">\u00bfHay restricciones de edad o tama\u00f1o?<\/h4>\n<div class=\"rank-math-answer \">\n\n<p>S\u00ed, la mayor\u00eda de los recorridos de cuerdas altas tienen requisitos de edad o tama\u00f1o m\u00ednimos, que var\u00edan en funci\u00f3n de la dificultad del recorrido.<\/p>\n\n<\/div>\n<\/div>\n<div id=\"faq-question-1739219966920\" class=\"rank-math-list-item\">\n<h4 class=\"rank-math-question \">\u00bfNecesito conocimientos previos o una preparaci\u00f3n f\u00edsica especial?<\/h4>\n<div class=\"rank-math-answer \">\n\n<p>No, los cursos de cuerdas altas en Alemania est\u00e1n dise\u00f1ados para que tanto los principiantes como los escaladores avanzados puedan divertirse. Un nivel b\u00e1sico de forma f\u00edsica y no tener miedo a las alturas son una ventaja, pero suele haber distintos niveles de dificultad para que todo el mundo saque provecho de su dinero. <\/p>\n\n<\/div>\n<\/div>\n<div id=\"faq-question-1739219986987\" class=\"rank-math-list-item\">\n<h4 class=\"rank-math-question \">\u00bfSon seguros los cursos de cuerdas altas en Alemania?<\/h4>\n<div class=\"rank-math-answer \">\n\n<p>S\u00ed. Durante tu visita, recibir\u00e1s un equipo completo compuesto por casco, arn\u00e9s y conjunto de seguridad. Este equipo cumple las normas de seguridad m\u00e1s recientes y se mantiene e inspecciona peri\u00f3dicamente. Todos los visitantes se familiarizan a fondo con la tecnolog\u00eda de seguridad antes del ascenso.<\/p>\n\n<\/div>\n<\/div>\n<div id=\"faq-question-1739220046578\" class=\"rank-math-list-item\">\n<h4 class=\"rank-math-question \">\u00bfQu\u00e9 ropa debo llevar en el circuito de cuerdas altas?<\/h4>\n<div class=\"rank-math-answer \">\n\n<p>Se recomienda llevar ropa c\u00f3moda y adecuada para el tiempo y calzado resistente. Normalmente no se permiten los zapatos abiertos ni las sandalias. Adem\u00e1s, el pelo largo debe ir recogido y sin joyas.  <\/p>\n\n<\/div>\n<\/div>\n<div id=\"faq-question-1739220091135\" class=\"rank-math-list-item\">\n<h4 class=\"rank-math-question \">\u00bfPuedo llevar mi propio equipo de escalada?<\/h4>\n<div class=\"rank-math-answer \">\n\n<p>Generalmente no, ya que los cursos de cuerdas altas proporcionan su propio equipo de seguridad certificado. Por razones de seguro, normalmente hay que utilizar el equipo del operador. <\/p>\n\n<\/div>\n<\/div>\n<div id=\"faq-question-1739220101937\" class=\"rank-math-list-item\">\n<h4 class=\"rank-math-question \">\u00bfQu\u00e9 ocurre en el circuito de cuerdas altas cuando hace mal tiempo?<\/h4>\n<div class=\"rank-math-answer \">\n\n<p>La lluvia ligera no suele ser un problema y muchos cursos de cuerdas altas permanecen abiertos. Sin embargo, con vientos fuertes, tormentas el\u00e9ctricas o temporales, las operaciones pueden cancelarse por motivos de seguridad. Es aconsejable consultar la previsi\u00f3n meteorol\u00f3gica antes de ir o preguntar directamente en el circuito de cuerdas altas.  <\/p>\n\n<\/div>\n<\/div>\n<div id=\"faq-question-1739220131353\" class=\"rank-math-list-item\">\n<h4 class=\"rank-math-question \">\u00bfEs posible visitar un circuito de cuerdas altas en grupo?<\/h4>\n<div class=\"rank-math-answer \">\n\n<p>S\u00ed, muchos cursos de cuerdas altas ofrecen programas especiales para grupos, clases escolares, salidas de empresa o eventos de formaci\u00f3n de equipos. A menudo hay descuentos para grupos u ofertas personalizadas para grupos grandes. <\/p>\n\n<\/div>\n<\/div>\n<\/div>\n<\/div>\n<p><\/p>\n","protected":false},"excerpt":{"rendered":"<p>Volando alto: Directorio de cursos de cuerdas altas en Alemania Ya seas un adicto a la adrenalina, un amante de la naturaleza o un excursionista familiar, los circuitos de cuerdas&#8230;<\/p>\n","protected":false},"author":2,"featured_media":6526,"comment_status":"open","ping_status":"open","sticky":false,"template":"","format":"standard","meta":{"_kad_blocks_custom_css":"","_kad_blocks_head_custom_js":"","_kad_blocks_body_custom_js":"","_kad_blocks_footer_custom_js":"","_kad_post_transparent":"","_kad_post_title":"","_kad_post_layout":"","_kad_post_sidebar_id":"","_kad_post_content_style":"","_kad_post_vertical_padding":"","_kad_post_feature":"","_kad_post_feature_position":"","_kad_post_header":false,"_kad_post_footer":false,"_kad_post_classname":"","yasr_overall_rating":0,"yasr_post_is_review":"","yasr_auto_insert_disabled":"","yasr_review_type":"BlogPosting","footnotes":""},"categories":[57],"tags":[],"class_list":["post-6566","post","type-post","status-publish","format-standard","has-post-thumbnail","hentry","category-infos-es"],"yasr_visitor_votes":{"stars_attributes":{"read_only":false,"span_bottom":false},"number_of_votes":0,"sum_votes":0},"taxonomy_info":{"category":[{"value":57,"label":"Infos"}]},"featured_image_src_large":["https:\/\/walderlebnispfade.de\/wp-content\/uploads\/2025\/02\/Hochseilgarten_Blog-1024x576.jpg",1024,576,true],"author_info":{"display_name":"Moni","author_link":"https:\/\/walderlebnispfade.de\/es\/author\/moni\/"},"comment_info":0,"category_info":[{"term_id":57,"name":"Infos","slug":"infos-es","term_group":0,"term_taxonomy_id":57,"taxonomy":"category","description":"","parent":0,"count":11,"filter":"raw","cat_ID":57,"category_count":11,"category_description":"","cat_name":"Infos","category_nicename":"infos-es","category_parent":0}],"tag_info":false,"_links":{"self":[{"href":"https:\/\/walderlebnispfade.de\/es\/wp-json\/wp\/v2\/posts\/6566","targetHints":{"allow":["GET"]}}],"collection":[{"href":"https:\/\/walderlebnispfade.de\/es\/wp-json\/wp\/v2\/posts"}],"about":[{"href":"https:\/\/walderlebnispfade.de\/es\/wp-json\/wp\/v2\/types\/post"}],"author":[{"embeddable":true,"href":"https:\/\/walderlebnispfade.de\/es\/wp-json\/wp\/v2\/users\/2"}],"replies":[{"embeddable":true,"href":"https:\/\/walderlebnispfade.de\/es\/wp-json\/wp\/v2\/comments?post=6566"}],"version-history":[{"count":6,"href":"https:\/\/walderlebnispfade.de\/es\/wp-json\/wp\/v2\/posts\/6566\/revisions"}],"predecessor-version":[{"id":7922,"href":"https:\/\/walderlebnispfade.de\/es\/wp-json\/wp\/v2\/posts\/6566\/revisions\/7922"}],"wp:featuredmedia":[{"embeddable":true,"href":"https:\/\/walderlebnispfade.de\/es\/wp-json\/wp\/v2\/media\/6526"}],"wp:attachment":[{"href":"https:\/\/walderlebnispfade.de\/es\/wp-json\/wp\/v2\/media?parent=6566"}],"wp:term":[{"taxonomy":"category","embeddable":true,"href":"https:\/\/walderlebnispfade.de\/es\/wp-json\/wp\/v2\/categories?post=6566"},{"taxonomy":"post_tag","embeddable":true,"href":"https:\/\/walderlebnispfade.de\/es\/wp-json\/wp\/v2\/tags?post=6566"}],"curies":[{"name":"wp","href":"https:\/\/api.w.org\/{rel}","templated":true}]}}