{"id":3997,"date":"2024-04-14T21:52:13","date_gmt":"2024-04-14T19:52:13","guid":{"rendered":"https:\/\/walderlebnispfade.de\/pedagogie-de-laventure-dans-les-parcs-descalade\/"},"modified":"2026-04-21T21:28:10","modified_gmt":"2026-04-21T19:28:10","slug":"pedagogie-de-laventure-dans-les-parcs-descalade","status":"publish","type":"post","link":"https:\/\/walderlebnispfade.de\/fr\/pedagogie-de-laventure-dans-les-parcs-descalade\/","title":{"rendered":"P\u00e9dagogie de l&rsquo;aventure dans les parcs d&rsquo;escalade"},"content":{"rendered":"\n<p>Vous \u00eates \u00e0 la recherche d&rsquo;une aventure qui sollicite non seulement votre corps, mais aussi votre esprit ? Les parcs d\u2019escalade et les parcours d\u2019accrobranche offrent plus que de simples activit\u00e9s sportives \u2014 ce sont des lieux de p\u00e9dagogie par l\u2019exp\u00e9rience, de d\u00e9veloppement personnel et d\u2019esprit de communaut\u00e9. Dans cet article, vous d\u00e9couvrirez comment ces environnements uniques peuvent vous aider \u00e0 vous d\u00e9passer, \u00e0 surmonter vos peurs et \u00e0 d\u00e9velopper d&rsquo;importantes comp\u00e9tences sociales.<\/p>\n<style>.kb-table-of-content-nav.kb-table-of-content-id2756_1433bd-44 .kb-table-of-content-wrap{padding-top:var(--global-kb-spacing-sm, 1.5rem);padding-right:var(--global-kb-spacing-sm, 1.5rem);padding-bottom:var(--global-kb-spacing-sm, 1.5rem);padding-left:var(--global-kb-spacing-sm, 1.5rem);background-color:var(--global-palette8, #F7FAFC);box-shadow:inset 0px 0px 14px 0px rgba(0, 0, 0, 0.2);}.kb-table-of-content-nav.kb-table-of-content-id2756_1433bd-44 .kb-table-of-contents-title-wrap{padding-top:0px;padding-right:0px;padding-bottom:0px;padding-left:0px;}.kb-table-of-content-nav.kb-table-of-content-id2756_1433bd-44 .kb-table-of-contents-title{font-weight:regular;font-style:normal;}.kb-table-of-content-nav.kb-table-of-content-id2756_1433bd-44 .kb-table-of-content-wrap .kb-table-of-content-list{font-weight:regular;font-style:normal;margin-top:var(--global-kb-spacing-sm, 1.5rem);margin-right:0px;margin-bottom:0px;margin-left:0px;}.kb-table-of-content-nav.kb-table-of-content-id2756_1433bd-44 .kb-toggle-icon-style-basiccircle .kb-table-of-contents-icon-trigger:after, .kb-table-of-content-nav.kb-table-of-content-id2756_1433bd-44 .kb-toggle-icon-style-basiccircle .kb-table-of-contents-icon-trigger:before, .kb-table-of-content-nav.kb-table-of-content-id2756_1433bd-44 .kb-toggle-icon-style-arrowcircle .kb-table-of-contents-icon-trigger:after, .kb-table-of-content-nav.kb-table-of-content-id2756_1433bd-44 .kb-toggle-icon-style-arrowcircle .kb-table-of-contents-icon-trigger:before, .kb-table-of-content-nav.kb-table-of-content-id2756_1433bd-44 .kb-toggle-icon-style-xclosecircle .kb-table-of-contents-icon-trigger:after, .kb-table-of-content-nav.kb-table-of-content-id2756_1433bd-44 .kb-toggle-icon-style-xclosecircle .kb-table-of-contents-icon-trigger:before{background-color:var(--global-palette8, #F7FAFC);}<\/style><style>.wp-block-kadence-advancedheading.kt-adv-heading2756_1867b9-8f, .wp-block-kadence-advancedheading.kt-adv-heading2756_1867b9-8f[data-kb-block=\"kb-adv-heading2756_1867b9-8f\"]{font-style:normal;}.wp-block-kadence-advancedheading.kt-adv-heading2756_1867b9-8f mark.kt-highlight, .wp-block-kadence-advancedheading.kt-adv-heading2756_1867b9-8f[data-kb-block=\"kb-adv-heading2756_1867b9-8f\"] mark.kt-highlight{font-style:normal;color:#f76a0c;-webkit-box-decoration-break:clone;box-decoration-break:clone;padding-top:0px;padding-right:0px;padding-bottom:0px;padding-left:0px;}.wp-block-kadence-advancedheading.kt-adv-heading2756_1867b9-8f img.kb-inline-image, .wp-block-kadence-advancedheading.kt-adv-heading2756_1867b9-8f[data-kb-block=\"kb-adv-heading2756_1867b9-8f\"] img.kb-inline-image{width:150px;vertical-align:baseline;}<\/style>\n<h2 class=\"kt-adv-heading2756_1867b9-8f wp-block-kadence-advancedheading\" data-kb-block=\"kb-adv-heading2756_1867b9-8f\">La p\u00e9dagogie par l&rsquo;exp\u00e9rience dans les parcs d&rsquo;escalade : plus que de l&rsquo;escalade<\/h2>\n<style>.wp-block-kadence-advancedheading.kt-adv-heading2756_b01499-e3, .wp-block-kadence-advancedheading.kt-adv-heading2756_b01499-e3[data-kb-block=\"kb-adv-heading2756_b01499-e3\"]{font-style:normal;}.wp-block-kadence-advancedheading.kt-adv-heading2756_b01499-e3 mark.kt-highlight, .wp-block-kadence-advancedheading.kt-adv-heading2756_b01499-e3[data-kb-block=\"kb-adv-heading2756_b01499-e3\"] mark.kt-highlight{font-style:normal;color:#f76a0c;-webkit-box-decoration-break:clone;box-decoration-break:clone;padding-top:0px;padding-right:0px;padding-bottom:0px;padding-left:0px;}.wp-block-kadence-advancedheading.kt-adv-heading2756_b01499-e3 img.kb-inline-image, .wp-block-kadence-advancedheading.kt-adv-heading2756_b01499-e3[data-kb-block=\"kb-adv-heading2756_b01499-e3\"] img.kb-inline-image{width:150px;vertical-align:baseline;}<\/style>\n<h3 class=\"kt-adv-heading2756_b01499-e3 wp-block-kadence-advancedheading\" data-kb-block=\"kb-adv-heading2756_b01499-e3\">Qu&rsquo;est-ce que la p\u00e9dagogie par l&rsquo;exp\u00e9rience ?<\/h3>\n\n<p>K. Reich de l\u2019universit\u00e9 de Cologne en fournit une bonne explication. Citation :  <em>\u00ab\u00a0La p\u00e9dagogie par l&rsquo;exp\u00e9rience est une m\u00e9thode orient\u00e9e vers l&rsquo;action qui, \u00e0 l&rsquo;origine, a fait son entr\u00e9e dans les \u00e9coles dans le cadre de la p\u00e9dagogie r\u00e9form\u00e9e, en tant que mouvement oppos\u00e9 \u00e0 l&rsquo;apprentissage \u00ab\u00a0c\u00e9r\u00e9bral\u00a0\u00bb. Depuis, elle est principalement utilis\u00e9e dans le domaine extrascolaire, notamment dans le travail avec les jeunes. Les offres sont aussi vari\u00e9es que les groupes cibles potentiels. Une grande partie des programmes s&rsquo;adresse aux jeunes, mais on trouve \u00e9galement des offres, par exemple dans le cadre de l&rsquo;\u00e9ducation des adultes, dans le domaine th\u00e9rapeutique ou pour les personnes handicap\u00e9es. Jusqu&rsquo;\u00e0 pr\u00e9sent, les activit\u00e9s sportives en pleine nature ont domin\u00e9, mais les programmes urbains visant \u00e0 faire de la ville un espace d&rsquo;exp\u00e9rience (par exemple City Bound) sont de plus en plus pris en compte. Des \u00e9l\u00e9ments de p\u00e9dagogie par l&rsquo;exp\u00e9rience sont \u00e9galement utilis\u00e9s \u00e0 l&rsquo;\u00e9cole \u2013 en particulier dans le sport, lors d&rsquo;excursions et parfois aussi dans les cours \u00ab\u00a0normaux\u00a0\u00bb\u00a0\u00bb.     <\/em>  Vous pouvez t\u00e9l\u00e9charger l&rsquo;\u00e9tude compl\u00e8te sur le site de l&rsquo;universit\u00e9 de Cologne <a href=\"http:\/\/methodenpool.uni-koeln.de\/download\/erlebnispaedagogik.pdf\" target=\"_blank\" rel=\"noreferrer noopener\">ici<\/a>.<\/p>\n<style>.wp-block-kadence-advancedheading.kt-adv-heading2756_a1c62e-2e, .wp-block-kadence-advancedheading.kt-adv-heading2756_a1c62e-2e[data-kb-block=\"kb-adv-heading2756_a1c62e-2e\"]{font-style:normal;}.wp-block-kadence-advancedheading.kt-adv-heading2756_a1c62e-2e mark.kt-highlight, .wp-block-kadence-advancedheading.kt-adv-heading2756_a1c62e-2e[data-kb-block=\"kb-adv-heading2756_a1c62e-2e\"] mark.kt-highlight{font-style:normal;color:#f76a0c;-webkit-box-decoration-break:clone;box-decoration-break:clone;padding-top:0px;padding-right:0px;padding-bottom:0px;padding-left:0px;}.wp-block-kadence-advancedheading.kt-adv-heading2756_a1c62e-2e img.kb-inline-image, .wp-block-kadence-advancedheading.kt-adv-heading2756_a1c62e-2e[data-kb-block=\"kb-adv-heading2756_a1c62e-2e\"] img.kb-inline-image{width:150px;vertical-align:baseline;}<\/style>\n<h3 class=\"kt-adv-heading2756_a1c62e-2e wp-block-kadence-advancedheading\" data-kb-block=\"kb-adv-heading2756_a1c62e-2e\">Les bases de la p\u00e9dagogie par l&rsquo;exp\u00e9rience dans les parcs d&rsquo;escalade<\/h3>\n\n<p>L&rsquo;\u00e9ducation par l&rsquo;exp\u00e9rience dans les parcs d&rsquo;escalade utilise les d\u00e9fis de l&rsquo;escalade pour enseigner des comp\u00e9tences de vie importantes. Il ne s&rsquo;agit pas seulement de l&rsquo;acte physique de grimper, mais de ce que vous apprenez sur vous-m\u00eame et sur votre interaction avec les autres. Les parcs d&rsquo;escalade offrent une plate-forme id\u00e9ale pour d\u00e9velopper la confiance, le travail d&rsquo;\u00e9quipe et l&rsquo;estime de soi dans un environnement de soutien et de d\u00e9fi. Les opportunit\u00e9s suivantes sont offertes par la p\u00e9dagogie par l&rsquo;exp\u00e9rience :<\/p>\n\n<ul class=\"wp-block-list\">\n<li>Interactions de groupe  <\/li>\n\n\n\n<li>Comprendre les conflits de groupe<\/li>\n\n\n\n<li>Se confronter \u00e0 la performance physique  <\/li>\n\n\n\n<li>Un impact durable gr\u00e2ce aux exp\u00e9riences imm\u00e9diates<\/li>\n<\/ul>\n\n<p>Une excursion en for\u00eat d&rsquo;escalade est une exp\u00e9rience tr\u00e8s sp\u00e9ciale pour les enfants et les adolescents, en particulier lorsqu&rsquo;ils sont en groupe. Dans le cadre de t\u00e2ches d&rsquo;interaction, ils apprennent \u00e0 g\u00e9rer les conflits et \u00e0 d\u00e9velopper l&rsquo;estime de soi. Cela permet \u00e0 chacun d&rsquo;exprimer ses capacit\u00e9s individuelles, de prendre conscience de ses limites et de faire l&rsquo;exp\u00e9rience de la r\u00e9ussite. C&rsquo;est \u00e9galement un excellent programme pour les voyages scolaires. De nombreux parcs d&rsquo;escalade proposent des formules allant d&rsquo;un cours de base de deux heures \u00e0 un programme d&rsquo;une journ\u00e9e enti\u00e8re.    <\/p>\n\n<p><strong>Les th\u00e8mes importants abord\u00e9s dans les programmes sont<\/strong><\/p>\n\n<ul class=\"wp-block-list\">\n<li>R\u00e9soudre les probl\u00e8mes en \u00e9quipe<\/li>\n\n\n\n<li>Respect des r\u00e8gles<\/li>\n\n\n\n<li>Reconna\u00eetre et accepter les peurs<\/li>\n\n\n\n<li>D\u00e9velopper ses propres strat\u00e9gies<\/li>\n\n\n\n<li>Motivation positive<\/li>\n\n\n\n<li>Diriger et \u00eatre dirig\u00e9<\/li>\n\n\n\n<li>R\u00e9partir les forces<\/li>\n\n\n\n<li>Importance de la communication<\/li>\n\n\n\n<li>D\u00e9velopper ses propres strat\u00e9gies<\/li>\n\n\n\n<li>Motivation positive<\/li>\n\n\n\n<li>Reconna\u00eetre et accepter les peurs<\/li>\n<\/ul>\n\n<p>Pour toutes les t\u00e2ches, des superviseurs sp\u00e9cialement form\u00e9s sont l\u00e0 pour vous aider et vous conseiller.<\/p>\n<style>.kb-image2756_fc9ce6-f6 .kb-image-has-overlay:after{opacity:0.3;}<\/style>\n<div class=\"wp-block-kadence-image kb-image2756_fc9ce6-f6\"><figure class=\"aligncenter size-full\"><img loading=\"lazy\" decoding=\"async\" width=\"1024\" height=\"683\" src=\"https:\/\/walderlebnispfade.de\/wp-content\/uploads\/2024\/04\/Erlebnispaedagigik_Kletterpark.jpg\" alt=\"Erlebnispaedagigik im Kletterpark\" class=\"kb-img wp-image-6028\" srcset=\"https:\/\/walderlebnispfade.de\/wp-content\/uploads\/2024\/04\/Erlebnispaedagigik_Kletterpark.jpg 1024w, https:\/\/walderlebnispfade.de\/wp-content\/uploads\/2024\/04\/Erlebnispaedagigik_Kletterpark-300x200.jpg 300w, https:\/\/walderlebnispfade.de\/wp-content\/uploads\/2024\/04\/Erlebnispaedagigik_Kletterpark-768x512.jpg 768w\" sizes=\"auto, (max-width: 1024px) 100vw, 1024px\" \/><\/figure><\/div>\n<style>.wp-block-kadence-advancedheading.kt-adv-heading2756_b82f03-e6, .wp-block-kadence-advancedheading.kt-adv-heading2756_b82f03-e6[data-kb-block=\"kb-adv-heading2756_b82f03-e6\"]{font-style:normal;}.wp-block-kadence-advancedheading.kt-adv-heading2756_b82f03-e6 mark.kt-highlight, .wp-block-kadence-advancedheading.kt-adv-heading2756_b82f03-e6[data-kb-block=\"kb-adv-heading2756_b82f03-e6\"] mark.kt-highlight{font-style:normal;color:#f76a0c;-webkit-box-decoration-break:clone;box-decoration-break:clone;padding-top:0px;padding-right:0px;padding-bottom:0px;padding-left:0px;}.wp-block-kadence-advancedheading.kt-adv-heading2756_b82f03-e6 img.kb-inline-image, .wp-block-kadence-advancedheading.kt-adv-heading2756_b82f03-e6[data-kb-block=\"kb-adv-heading2756_b82f03-e6\"] img.kb-inline-image{width:150px;vertical-align:baseline;}<\/style>\n<h3 class=\"kt-adv-heading2756_b82f03-e6 wp-block-kadence-advancedheading\" data-kb-block=\"kb-adv-heading2756_b82f03-e6\">Application pratique de la p\u00e9dagogie par l&rsquo;exp\u00e9rience<\/h3>\n\n<p>Dans les parcs d&rsquo;escalade, vous serez confront\u00e9 \u00e0 des situations qui n\u00e9cessitent un travail d&rsquo;\u00e9quipe. Vous apprenez \u00e0 faire confiance \u00e0 vos co\u00e9quipiers tout en naviguant \u00e0 travers diff\u00e9rents parcours. Ces exp\u00e9riences renforcent non seulement l&rsquo;esprit d&rsquo;\u00e9quipe, mais aussi votre confiance en vous, car vous surmontez des d\u00e9fis que vous pensiez peut-\u00eatre impossibles.<\/p>\n\n<p>Les th\u00e8mes suivants peuvent \u00eatre appris dans le parc d&rsquo;escalade \u00e0 titre d&rsquo;exemple :<\/p>\n\n<ul class=\"wp-block-list\">\n<li>Techniques d&rsquo;assurage et n\u0153uds  <\/li>\n\n\n\n<li>grimper \u00e0 la cime des arbres sur des parcours polyvalents<\/li>\n\n\n\n<li>Profiter des sensations fortes dans une balan\u00e7oire g\u00e9ante<\/li>\n\n\n\n<li>parcourir la for\u00eat dense lors d&rsquo;une chasse au tr\u00e9sor<\/li>\n\n\n\n<li>ma\u00eetriser ensemble des t\u00e2ches d&rsquo;\u00e9quipe<\/li>\n\n\n\n<li>s&rsquo;essayer au tir \u00e0 l&rsquo;arc et au maniement des fl\u00e8ches<\/li>\n\n\n\n<li>se tenir en \u00e9quilibre sur une slackline<\/li>\n\n\n\n<li>se reposer au camp de base dans des tentes et des hamacs<\/li>\n\n\n\n<li>d\u00e9couvrir la nature avec tous ses sens<\/li>\n<\/ul>\n\n<p>Les discussions et les s\u00e9ances de r\u00e9flexion permettent d&rsquo;approfondir et de prendre conscience des exp\u00e9riences v\u00e9cues pendant la journ\u00e9e. Les exercices et les actions d\u00e9bouchent sur des exp\u00e9riences qui sont \u00e9galement utiles pour la gestion du quotidien et de la vie des participants. <\/p>\n\n<h2 class=\"wp-block-heading\">Parcs d&rsquo;escalade sp\u00e9cialis\u00e9s dans l&rsquo;escalade d&rsquo;\u00e9quipe<\/h2>\n\n<p>Ci-dessous, j\u2019ai compil\u00e9 une liste de 20 parcs d\u2019escalade et parcours d\u2019accrobranche qui proposent des offres sp\u00e9ciales pour la p\u00e9dagogie par l\u2019exp\u00e9rience et le team building. La plupart de ces parcs ne sont accessibles qu\u2019aux groupes sur rendez-vous. Les activit\u00e9s de p\u00e9dagogie par l\u2019exp\u00e9rience permettent de solliciter et d\u2019encourager l\u2019entraide, la coop\u00e9ration, l\u2019esprit d\u2019\u00e9quipe, la confiance et la pers\u00e9v\u00e9rance.  <\/p>\n\n<figure class=\"wp-block-table is-style-regular\"><table class=\"has-fixed-layout\"><thead><tr><th>Nom du parc d&rsquo;escalade<\/th><th>\u00c9tat f\u00e9d\u00e9ral<\/th><th>Adresse<\/th><th>T\u00e9l\u00e9phone<\/th><th>eMail<\/th><th>Site web<\/th><\/tr><\/thead><tbody><tr><td>Parc naturel et d&rsquo;aventure Boxberg<\/td><td>Bade-Wurtemberg<\/td><td>Zum Waldseilgarten 1,<br\/>97944 Boxberg<\/td><td>+49 7930 327 30 31<\/td><td><a href=\"mailto:info@waldseilgarten-boxberg.de\">info@waldseilgarten-boxberg.de<\/a><\/td><td><a href=\"https:\/\/www.waldseilgarten-boxberg.de\/\" target=\"_blank\" rel=\"noreferrer noopener\">waldseilgarten-boxberg.de<\/a><\/td><\/tr><tr><td>Parcours aventure en for\u00eat de Fribourg<\/td><td>Bade-Wurtemberg<\/td><td>Opfingerstra\u00dfe 190, <br\/>79111 Fribourg<\/td><td>+49 1573 1999533<\/td><td><a href=\"mailto:sophie.guertler@waldseilgarten-freiburg.de\">sophie.guertler@waldseilgarten-freiburg.de<\/a><\/td><td><a href=\"https:\/\/www.waldseilgarten-freiburg.de\/\" target=\"_blank\" rel=\"noreferrer noopener\">waldseilgarten-freiburg.de<\/a><\/td><\/tr><tr><td>Parc de plein air CVJM Karlsruhe<\/td><td>Bade-Wurtemberg<\/td><td>Nowackanlage 5,<br\/>76137 Karlsruhe<\/td><td>+49 1575-3296388<\/td><td><a href=\"mailto:info@outdoorpark.de\">info@outdoorpark.de<\/a><\/td><td><a href=\"https:\/\/outdoorpark.de\/\" target=\"_blank\" rel=\"noreferrer noopener\">outdoorpark.de<\/a><\/td><\/tr><tr><td>Jardin de cordes Mannheim<\/td><td>Bade-Wurtemberg<\/td><td>Im Pfeiffersw\u00f6rth,<br\/>68305 Mannheim-Feudenheim<\/td><td>+49 621 28 000 489<\/td><td><a href=\"mailto:tanja.wuerges@kbz.ekiba.de\">tanja.wuerges@kbz.ekiba.de<\/a><\/td><td><a href=\"http:\/\/www.seilgarten-mannheim.de\/\" target=\"_blank\" rel=\"noreferrer noopener\">seilgarten-mannheim.de<\/a><\/td><\/tr><tr><td>Parc d&rsquo;activit\u00e9s Bergheide<\/td><td>Bade-Wurtemberg<\/td><td>Bergheide 4,<br\/>70376 Stuttgart<\/td><td>+49 711 814 300<\/td><td><a href=\"mailto:aktivparkbergheide@caritas-stuttgart.de\">aktivparkbergheide@caritas-stuttgart.de<\/a><\/td><td><a href=\"https:\/\/www.caritas-stuttgart.de\/hilfe-beratung\/kinder-jugend-und-familie\/aktivpark-bergheide\/aktivpark-bergheide\" target=\"_blank\" rel=\"noopener\">caritas-stuttgart.de<\/a><\/td><\/tr><tr><td>Coll\u00e8ge professionnel de Waldenburg<\/td><td>Bade-Wurtemberg<\/td><td>Eichenstra\u00dfe 11-13,<br\/>74638 Waldenburg<\/td><td>+49 7942 912 130<\/td><td><a href=\"mailto:info@ipg-waldenburg.de\">info@ipg-waldenburg.de<\/a><\/td><td><a href=\"https:\/\/www.bk-waldenburg.de\/hochseilgarten-neu\/hochseilgarten-uebersichtsseiten\/hochseilgarten-angebot\/\" target=\"_blank\" rel=\"noreferrer noopener\">bk-waldenburg.de<\/a><\/td><\/tr><tr><td>Parcours d&rsquo;escalade Silvestria<\/td><td>Bade-Wurtemberg<\/td><td>Almosenberg,<br\/>97877 Wertheim-Dertingen<\/td><td>+49 151 57350409<\/td><td><a href=\"mailto:info@kletterwald-silvestria.de\">info@kletterwald-silvestria.de<\/a><\/td><td><a href=\"https:\/\/kletterwald-silvestria.de\/\" target=\"_blank\" rel=\"noreferrer noopener\">kletterwald-silvestria.de<\/a><\/td><\/tr><tr><td>Parc d&rsquo;escalade Altm\u00fchltal<\/td><td>Bavi\u00e8re<\/td><td>Br\u00e4uhausstra\u00dfe 36,<br\/>92339 Beilngries<\/td><td>+49 8461 602990<\/td><td><a href=\"mailto:info@altmuehltaler-abenteuerpark.de\">info@altmuehltaler-abenteuerpark.de<\/a><\/td><td><a href=\"https:\/\/www.altmuehltaler-abenteuerpark.de\/\" target=\"_blank\" rel=\"noreferrer noopener\">altmuehltaler-abenteuerpark.de<\/a><\/td><\/tr><tr><td>Parc d&rsquo;escalade de Wallenhausen<\/td><td>Bavi\u00e8re<\/td><td>Habsburgerstr. 59,<br\/>89264 Wallenhausen <\/td><td>+49 7309 425959<\/td><td><a href=\"mailto:info@waldseilgarten-wallenhausen.de\">info@waldseilgarten-wallenhausen.de<\/a><\/td><td><a href=\"https:\/\/waldseilgarten-wallenhausen.de\/\" target=\"_blank\" rel=\"noreferrer noopener\">waldseilgarten-wallenhausen.de<\/a><\/td><\/tr><tr><td>Jardin de cordes Lesum<\/td><td>Br\u00eame<\/td><td>Holthorster Weg,<br\/>28717 Br\u00eame-Lesum<\/td><td><\/td><td><a href=\"mailto:info@seilgarten-lesum.de\">info@seilgarten-lesum.de<\/a><\/td><td><a href=\"https:\/\/www.seilgartenlesum.de\/\" target=\"_blank\" rel=\"noreferrer noopener\">seilgartenlesum.de<\/a><\/td><\/tr><tr><td>Parcours aventure en for\u00eat Rainette<\/td><td>Hesse<\/td><td>Vogelsbergstra\u00dfe 90,<br\/>63654 B\u00fcdingen<\/td><td>+49 641 96618921<\/td><td><\/td><td><a href=\"https:\/\/www.komm-raus.org\/\" target=\"_blank\" rel=\"noreferrer noopener\">komm-raus.org<\/a><\/td><\/tr><tr><td>Parcours d&rsquo;accrobranche du lac de W\u00f6lfersheim<\/td><td>Hesse<\/td><td>Neuhofstra\u00dfe 28,<br\/>60318 Francfort<\/td><td>+49 6036 988844<\/td><td><a href=\"mailto:admin@hochseilgarten-woelfersheimersee.de\">admin@hochseilgarten-woelfersheimersee.de<\/a><\/td><td><a href=\"https:\/\/www.hochseilgarten-woelfersheimersee.de\/\" target=\"_blank\" rel=\"noreferrer noopener\">hochseilgarten-woelfersheimersee.de<\/a><\/td><\/tr><tr><td>Parcours d&rsquo;accrobranche Taunatours<\/td><td>Hesse<\/td><td>Limesstra\u00dfe 14,<br\/>61389 Schmitten im Taunus<\/td><td>+49 6082 92410<\/td><td>i<a href=\"mailto:nfo@tauna-tours.de\">nfo@tau<\/a>na-tours.de<\/td><td><a href=\"https:\/\/www.tauna-tours.de\/\" target=\"_blank\" rel=\"noreferrer noopener\">tauna-tours.de<\/a><\/td><\/tr><tr><td>Parcours aventure \u00e0 Neukloster<\/td><td>Mecklembourg-Pom\u00e9ranie occidentale<\/td><td>Klosterhof 2,<br\/>23992 Neukloster<\/td><td>+49 38422 25482<\/td><td><a href=\"mailto:kontakt@jugendscheune-neukloster.de\">kontakt@jugendscheune-neukloster.de<\/a><\/td><td><a href=\"https:\/\/www.schweriner-see.de\/hochseilgarten.neukloster.htm\" target=\"_blank\" rel=\"noreferrer noopener\">schweriner-see.de<\/a><\/td><\/tr><tr><td>Jardin de cordes Hanovre<\/td><td>Basse-Saxe<\/td><td>Ferdinandstr. 7,<br\/>30175 Hanovre <\/td><td>+49 511 53 07 81 45<\/td><td><a href=\"mailto:info@kej-hannover.de\">info@kej-hannover.de<\/a><\/td><td><a href=\"https:\/\/seilgarten-hannover.de\/\" target=\"_blank\" rel=\"noreferrer noopener\">seilgarten-hannover.de<\/a><\/td><\/tr><tr><td>Jardin de cordes Salzgitter<\/td><td>Basse-Saxe<\/td><td>Otto-Hahn-Ring,<br\/>38228 Salzgitter-Lebenstedt<\/td><td><\/td><td><a href=\"mailto:info@seilgarten-salzgitter.de\">info@seilgarten-salzgitter.de<\/a><\/td><td><a href=\"https:\/\/seilgarten-salzgitter.de\/\" target=\"_blank\" rel=\"noreferrer noopener\">seilgarten-salzgitter.de<\/a><\/td><\/tr><tr><td>Parcours aventure \u00e0 D\u00fclmen<\/td><td>Rh\u00e9nanie-du-Nord-Westphalie<\/td><td>L\u00fcdinghauser Str. 101,<br\/>48249 D\u00fclmen<\/td><td>+49 2861 8040920<\/td><td><a href=\"mailto:kbw-borken@bistum-muenster.de\">kbw-borken@bistum-muenster.de<\/a><\/td><td><a href=\"https:\/\/www.hochseilgarten-duelmen.de\/\" target=\"_blank\" rel=\"noreferrer noopener\">hochseilgarten-duelmen.de<\/a><\/td><\/tr><tr><td>Parcours aventure Recklinghausen<\/td><td>Rh\u00e9nanie-du-Nord-Westphalie<\/td><td>L\u00fclfstra\u00dfe 69,<br\/>45665 Recklinghausen<\/td><td>+49 2361 979 86 38<\/td><td><a href=\"mailto:info@hochseilgarten-re.de\">info@hochseilgarten-re.de<\/a><\/td><td><a href=\"https:\/\/www.bauspielfarm-re.de\/der-hochseilgarten\/\" target=\"_blank\" rel=\"noreferrer noopener\">bauspielfarm-re.de<\/a><\/td><\/tr><tr><td>Parcours d&rsquo;accrobranche Erlebniswerkstatt Saar<\/td><td>Parcours d&rsquo;accrobranche Erlebniswerkstatt Saar<\/td><td>1, rue de l&rsquo;\u00c9glise,<br\/>54441 Taben-Rodt<\/td><td>+49 6582 914044<\/td><td><a href=\"mailto:info@erlebniswerkstatt-saar.de\">info@erlebniswerkstatt-saar.de<\/a><\/td><td><a href=\"https:\/\/www.erlebniswerkstatt-saar.de\/\" target=\"_blank\" rel=\"noreferrer noopener\">erlebniswerkstatt-saar.de<\/a><\/td><\/tr><tr><td>Parcours d&rsquo;accrobranche de Malente<\/td><td>Schleswig-Holstein<\/td><td>Vues sur le v\u00e9lo,<br\/>23714 Malente<\/td><td>+49 4523 403605<\/td><td><a href=\"mailto:info@bottervogel.de\">info@bottervogel.de<\/a><\/td><td><a href=\"https:\/\/www.bottervogel.de\/hochseilgarten\/\" target=\"_blank\" rel=\"noreferrer noopener\">bottervogel.de<\/a><\/td><\/tr><\/tbody><\/table><figcaption class=\"wp-element-caption\">Parcs d&rsquo;escalade pour la p\u00e9dagogie par l&rsquo;exp\u00e9rience en Allemagne<\/figcaption><\/figure>\n\n<h3 class=\"wp-block-heading\">Carte des parcs d&rsquo;escalade pour l&rsquo;escalade en \u00e9quipe en Allemagne<\/h3>\n\n<p>La carte suivante vous pr\u00e9sente clairement les parcs d&rsquo;escalade pour la p\u00e9dagogie de l&rsquo;aventure et le team building. De nombreuses t\u00e2ches et exercices \u00e0 diff\u00e9rentes hauteurs et diff\u00e9rents types de s\u00e9curit\u00e9 permettent au groupe et \u00e0 chaque participant de d\u00e9passer ses limites et de s&rsquo;amuser. <\/p>\n\n<iframe loading=\"lazy\" src=\"https:\/\/www.google.com\/maps\/d\/u\/0\/embed?mid=1a_Gd-DbKUdqnwO235X34d5LiL_PKvrg&#038;ehbc=2E312F\" width=\"1024\" height=\"480\"><\/iframe>\n\n<h2 class=\"wp-block-heading\">Vid\u00e9o de pr\u00e9sentation : Apprendre entre ciel et terre<\/h2>\n\n<figure class=\"wp-block-embed is-type-video is-provider-youtube wp-block-embed-youtube wp-embed-aspect-16-9 wp-has-aspect-ratio\"><div class=\"wp-block-embed__wrapper\">\n<iframe loading=\"lazy\" hcb-fetch-image-from=\"https:\/\/youtu.be\/I6JjRSPllBs?si=2eiYIMHo2IOdxPur\" title=\"Lernen zwischen Himmel und Erde\" width=\"720\" height=\"405\" src=\"https:\/\/www.youtube.com\/embed\/I6JjRSPllBs?feature=oembed\" frameborder=\"0\" allow=\"accelerometer; autoplay; clipboard-write; encrypted-media; gyroscope; picture-in-picture; web-share\" referrerpolicy=\"strict-origin-when-cross-origin\" allowfullscreen><\/iframe>\n<\/div><\/figure>\n<style>.wp-block-kadence-advancedheading.kt-adv-heading2756_cb2892-32, .wp-block-kadence-advancedheading.kt-adv-heading2756_cb2892-32[data-kb-block=\"kb-adv-heading2756_cb2892-32\"]{font-style:normal;}.wp-block-kadence-advancedheading.kt-adv-heading2756_cb2892-32 mark.kt-highlight, .wp-block-kadence-advancedheading.kt-adv-heading2756_cb2892-32[data-kb-block=\"kb-adv-heading2756_cb2892-32\"] mark.kt-highlight{font-style:normal;color:#f76a0c;-webkit-box-decoration-break:clone;box-decoration-break:clone;padding-top:0px;padding-right:0px;padding-bottom:0px;padding-left:0px;}.wp-block-kadence-advancedheading.kt-adv-heading2756_cb2892-32 img.kb-inline-image, .wp-block-kadence-advancedheading.kt-adv-heading2756_cb2892-32[data-kb-block=\"kb-adv-heading2756_cb2892-32\"] img.kb-inline-image{width:150px;vertical-align:baseline;}<\/style>\n<h3 class=\"kt-adv-heading2756_cb2892-32 wp-block-kadence-advancedheading\" data-kb-block=\"kb-adv-heading2756_cb2892-32\">Conditions pr\u00e9alables \u00e0 la p\u00e9dagogie par l&rsquo;exp\u00e9rience dans les parcs d&rsquo;escalade<\/h3>\n\n<h2 class=\"wp-block-heading\">D\u00e9claration de consentement<\/h2>\n\n<p>L\u2019utilisation de l\u2019\u00e9quipement de s\u00e9curit\u00e9 mis \u00e0 disposition et la pr\u00e9sence \u00e0 l\u2019initiation \u00e0 la s\u00e9curit\u00e9 sont des conditions pr\u00e9alables aux activit\u00e9s. Une d\u00e9claration de consentement (sign\u00e9e par les repr\u00e9sentants l\u00e9gaux pour les mineurs) doit g\u00e9n\u00e9ralement \u00eatre fournie au pr\u00e9alable. Les autres conditions du parc d\u2019escalade concernant l\u2019\u00e2ge minimum, la taille minimale et le poids maximum doivent bien s\u00fbr \u00eatre respect\u00e9es.  <\/p>\n<style>.wp-block-kadence-advancedheading.kt-adv-heading2756_18368a-c2, .wp-block-kadence-advancedheading.kt-adv-heading2756_18368a-c2[data-kb-block=\"kb-adv-heading2756_18368a-c2\"]{font-style:normal;}.wp-block-kadence-advancedheading.kt-adv-heading2756_18368a-c2 mark.kt-highlight, .wp-block-kadence-advancedheading.kt-adv-heading2756_18368a-c2[data-kb-block=\"kb-adv-heading2756_18368a-c2\"] mark.kt-highlight{font-style:normal;color:#f76a0c;-webkit-box-decoration-break:clone;box-decoration-break:clone;padding-top:0px;padding-right:0px;padding-bottom:0px;padding-left:0px;}.wp-block-kadence-advancedheading.kt-adv-heading2756_18368a-c2 img.kb-inline-image, .wp-block-kadence-advancedheading.kt-adv-heading2756_18368a-c2[data-kb-block=\"kb-adv-heading2756_18368a-c2\"] img.kb-inline-image{width:150px;vertical-align:baseline;}<\/style>\n<h2 class=\"kt-adv-heading2756_18368a-c2 wp-block-kadence-advancedheading\" data-kb-block=\"kb-adv-heading2756_18368a-c2\">G\u00e9rer la peur du vide dans les parcs d&rsquo;escalade et les parcours d&rsquo;accrobranche<\/h2>\n<style>.wp-block-kadence-advancedheading.kt-adv-heading2756_1fb3d7-a0, .wp-block-kadence-advancedheading.kt-adv-heading2756_1fb3d7-a0[data-kb-block=\"kb-adv-heading2756_1fb3d7-a0\"]{font-style:normal;}.wp-block-kadence-advancedheading.kt-adv-heading2756_1fb3d7-a0 mark.kt-highlight, .wp-block-kadence-advancedheading.kt-adv-heading2756_1fb3d7-a0[data-kb-block=\"kb-adv-heading2756_1fb3d7-a0\"] mark.kt-highlight{font-style:normal;color:#f76a0c;-webkit-box-decoration-break:clone;box-decoration-break:clone;padding-top:0px;padding-right:0px;padding-bottom:0px;padding-left:0px;}.wp-block-kadence-advancedheading.kt-adv-heading2756_1fb3d7-a0 img.kb-inline-image, .wp-block-kadence-advancedheading.kt-adv-heading2756_1fb3d7-a0[data-kb-block=\"kb-adv-heading2756_1fb3d7-a0\"] img.kb-inline-image{width:150px;vertical-align:baseline;}<\/style>\n<h3 class=\"kt-adv-heading2756_1fb3d7-a0 wp-block-kadence-advancedheading\" data-kb-block=\"kb-adv-heading2756_1fb3d7-a0\">Comprendre et g\u00e9rer le vertige<\/h3>\n\n<p>Le vertige, ou acrophobie, est une peur tr\u00e8s r\u00e9pandue qui peut \u00eatre particuli\u00e8rement ressentie dans les parcs d&rsquo;escalade. Il est important de comprendre que le vertige peut \u00eatre surmont\u00e9, en particulier dans un environnement contr\u00f4l\u00e9 comme un parc d&rsquo;escalade, o\u00f9 la s\u00e9curit\u00e9 est primordiale.<\/p>\n<style>.wp-block-kadence-advancedheading.kt-adv-heading2756_cdfbc0-17, .wp-block-kadence-advancedheading.kt-adv-heading2756_cdfbc0-17[data-kb-block=\"kb-adv-heading2756_cdfbc0-17\"]{font-style:normal;}.wp-block-kadence-advancedheading.kt-adv-heading2756_cdfbc0-17 mark.kt-highlight, .wp-block-kadence-advancedheading.kt-adv-heading2756_cdfbc0-17[data-kb-block=\"kb-adv-heading2756_cdfbc0-17\"] mark.kt-highlight{font-style:normal;color:#f76a0c;-webkit-box-decoration-break:clone;box-decoration-break:clone;padding-top:0px;padding-right:0px;padding-bottom:0px;padding-left:0px;}.wp-block-kadence-advancedheading.kt-adv-heading2756_cdfbc0-17 img.kb-inline-image, .wp-block-kadence-advancedheading.kt-adv-heading2756_cdfbc0-17[data-kb-block=\"kb-adv-heading2756_cdfbc0-17\"] img.kb-inline-image{width:150px;vertical-align:baseline;}<\/style>\n<h3 class=\"kt-adv-heading2756_cdfbc0-17 wp-block-kadence-advancedheading\" data-kb-block=\"kb-adv-heading2756_cdfbc0-17\">Le vertige dans les parcs d&rsquo;escalade : une approche pas \u00e0 pas<\/h3>\n\n<p>Commencez par des parcours plus bas et plus faciles pour vous habituer progressivement \u00e0 la hauteur. Les parcs d&rsquo;escalade proposent souvent diff\u00e9rents niveaux de difficult\u00e9 qui vous permettent de surmonter votre peur \u00e0 votre propre rythme. Les moniteurs des parcs d&rsquo;escalade sont form\u00e9s pour vous aider et vous apporter leur soutien lorsque vous en avez besoin.<\/p>\n<style>.wp-block-kadence-advancedheading.kt-adv-heading2756_3dd746-4f, .wp-block-kadence-advancedheading.kt-adv-heading2756_3dd746-4f[data-kb-block=\"kb-adv-heading2756_3dd746-4f\"]{font-style:normal;}.wp-block-kadence-advancedheading.kt-adv-heading2756_3dd746-4f mark.kt-highlight, .wp-block-kadence-advancedheading.kt-adv-heading2756_3dd746-4f[data-kb-block=\"kb-adv-heading2756_3dd746-4f\"] mark.kt-highlight{font-style:normal;color:#f76a0c;-webkit-box-decoration-break:clone;box-decoration-break:clone;padding-top:0px;padding-right:0px;padding-bottom:0px;padding-left:0px;}.wp-block-kadence-advancedheading.kt-adv-heading2756_3dd746-4f img.kb-inline-image, .wp-block-kadence-advancedheading.kt-adv-heading2756_3dd746-4f[data-kb-block=\"kb-adv-heading2756_3dd746-4f\"] img.kb-inline-image{width:150px;vertical-align:baseline;}<\/style>\n<h3 class=\"kt-adv-heading2756_3dd746-4f wp-block-kadence-advancedheading\" data-kb-block=\"kb-adv-heading2756_3dd746-4f\">Formateurs et assistants dans les parcs d&rsquo;escalade : un soutien indispensable<\/h3>\n\n<p><strong>Le r\u00f4le des moniteurs et des sauveteurs dans les parcs d&rsquo;escalade :<\/strong><br\/>Les moniteurs et les sauveteurs dans les parcs d&rsquo;escalade ne sont pas seulement responsables de votre s\u00e9curit\u00e9, mais aussi de vous faire vivre une exp\u00e9rience positive et enrichissante. Ils sont sp\u00e9cialement form\u00e9s pour donner des instructions, v\u00e9rifier l&rsquo;\u00e9quipement de s\u00e9curit\u00e9 et fournir un soutien et des encouragements si n\u00e9cessaire.<\/p>\n\n<p><strong>S\u00e9curit\u00e9 et encadrement dans les parcs d&rsquo;escalade :<\/strong><br\/>La <a href=\"https:\/\/walderlebnispfade.de\/fr\/securite-dans-les-parcs-descalade-et-les-parcours-daccrobranche\/\" data-type=\"post\" data-id=\"2761\">s\u00e9curit\u00e9 <\/a>dans les parcs d&rsquo;escalade est garantie par des normes strictes et une surveillance constante par du personnel professionnel. Avant de commencer \u00e0 grimper, vous recevrez une formation approfondie pour vous assurer que vous utilisez correctement l&rsquo;\u00e9quipement et que vous comprenez les r\u00e8gles de s\u00e9curit\u00e9.<\/p>\n<style>.wp-block-kadence-advancedheading.kt-adv-heading2756_6a560f-3f, .wp-block-kadence-advancedheading.kt-adv-heading2756_6a560f-3f[data-kb-block=\"kb-adv-heading2756_6a560f-3f\"]{font-style:normal;}.wp-block-kadence-advancedheading.kt-adv-heading2756_6a560f-3f mark.kt-highlight, .wp-block-kadence-advancedheading.kt-adv-heading2756_6a560f-3f[data-kb-block=\"kb-adv-heading2756_6a560f-3f\"] mark.kt-highlight{font-style:normal;color:#f76a0c;-webkit-box-decoration-break:clone;box-decoration-break:clone;padding-top:0px;padding-right:0px;padding-bottom:0px;padding-left:0px;}.wp-block-kadence-advancedheading.kt-adv-heading2756_6a560f-3f img.kb-inline-image, .wp-block-kadence-advancedheading.kt-adv-heading2756_6a560f-3f[data-kb-block=\"kb-adv-heading2756_6a560f-3f\"] img.kb-inline-image{width:150px;vertical-align:baseline;}<\/style>\n<h2 class=\"kt-adv-heading2756_6a560f-3f wp-block-kadence-advancedheading\" data-kb-block=\"kb-adv-heading2756_6a560f-3f\">Conclusion : les parcs d&rsquo;escalade comme plateforme de croissance et de communaut\u00e9<\/h2>\n\n<p>Les parcs d&rsquo;escalade et les parcours d&rsquo;accrobranche offrent bien plus qu&rsquo;une simple activit\u00e9 physique. Ce sont des environnements uniques dans lesquels vous pouvez d\u00e9velopper d&rsquo;importantes comp\u00e9tences de vie, surmonter vos peurs et exp\u00e9rimenter un fort sentiment de communaut\u00e9. Que vous grimpiez seul, avec des amis ou dans le cadre d&rsquo;un \u00e9v\u00e9nement d&rsquo;\u00e9quipe, les exp\u00e9riences que vous vivez dans un parc d&rsquo;escalade peuvent changer votre vie.<\/p>\n\n<p>Profitez de l&rsquo;occasion pour relever de nouveaux d\u00e9fis, repousser vos limites et cr\u00e9er des souvenirs inoubliables. Une visite dans un parc d&rsquo;escalade n&rsquo;offre pas seulement du plaisir et de l&rsquo;aventure, mais aussi la possibilit\u00e9 de grandir et d&rsquo;apprendre dans un environnement de soutien. Emballez votre esprit d&rsquo;aventure et d\u00e9couvrez les nombreuses possibilit\u00e9s offertes par les parcs d&rsquo;escalade et les parcs d&rsquo;accrobranche en mati\u00e8re de d\u00e9veloppement personnel et de travail d&rsquo;\u00e9quipe.<\/p>\n<style>.kadence-column2756_7cede2-8e > .kt-inside-inner-col{display:flex;}.kadence-column2756_7cede2-8e > .kt-inside-inner-col{padding-top:var(--global-kb-spacing-xs, 1rem);padding-right:var(--global-kb-spacing-xs, 1rem);padding-bottom:var(--global-kb-spacing-xs, 1rem);padding-left:var(--global-kb-spacing-xs, 1rem);}.kadence-column2756_7cede2-8e > .kt-inside-inner-col{box-shadow:0px 0px 14px 0px rgba(0, 0, 0, 0.2);}.kadence-column2756_7cede2-8e > .kt-inside-inner-col,.kadence-column2756_7cede2-8e > .kt-inside-inner-col:before{border-top-left-radius:0px;border-top-right-radius:0px;border-bottom-right-radius:0px;border-bottom-left-radius:0px;}.kadence-column2756_7cede2-8e > .kt-inside-inner-col{column-gap:var(--global-kb-gap-sm, 1rem);}.kadence-column2756_7cede2-8e > .kt-inside-inner-col{flex-direction:column;align-items:center;}.kadence-column2756_7cede2-8e > .kt-inside-inner-col > .kb-image-is-ratio-size{align-self:stretch;}.kadence-column2756_7cede2-8e > .kt-inside-inner-col > .wp-block-kadence-advancedgallery{align-self:stretch;}.kadence-column2756_7cede2-8e > .kt-inside-inner-col > .aligncenter{width:100%;}.kadence-column2756_7cede2-8e > .kt-inside-inner-col{background-color:var(--global-palette8, #F7FAFC);}.kadence-column2756_7cede2-8e > .kt-inside-inner-col:before{opacity:0.3;}.kadence-column2756_7cede2-8e{position:relative;}@media all and (max-width: 1024px){.kadence-column2756_7cede2-8e > .kt-inside-inner-col{flex-direction:column;justify-content:center;align-items:center;}}@media all and (max-width: 767px){.kadence-column2756_7cede2-8e > .kt-inside-inner-col{flex-direction:column;justify-content:center;align-items:center;}}<\/style>\n<div class=\"wp-block-kadence-column kadence-column2756_7cede2-8e\"><div class=\"kt-inside-inner-col\">\n<p class=\"has-text-align-center\">Vous avez aim\u00e9 mon article sur la p\u00e9dagogie par l\u2019exp\u00e9rience ? N\u2019h\u00e9sitez pas \u00e0 me laisser une \u00e9valuation ! <br\/>  Vous nous aidez ainsi que d&rsquo;autres amoureux de la nature. Merci beaucoup \ud83d\ude42 !<\/p>\n\n\n\n<div class=\"wp-block-yet-another-stars-rating-visitor-votes aligncenter yasr-vv-block\"><\/div>\n\n\n\n<p>Dans la <a href=\"https:\/\/walderlebnispfade.de\/fr\/experiences-en-foret\/\" data-type=\"page\" data-id=\"228\">recherche d&rsquo;exp\u00e9riences<\/a>, vous trouverez \u00e9galement toutes les autres cat\u00e9gories.<\/p>\n<\/div><\/div>\n\n<hr class=\"wp-block-separator has-alpha-channel-opacity\" style=\"margin-top:var(--wp--preset--spacing--50);margin-bottom:var(--wp--preset--spacing--50)\"\/>\n<div style=\"padding-top:var(--wp--preset--spacing--30);padding-bottom:var(--wp--preset--spacing--30);padding-left:var(--wp--preset--spacing--30);padding-right:var(--wp--preset--spacing--30);\" class=\"wp-block-post-author has-background has-theme-palette-7-background-color has-medium-font-size\"><div class=\"wp-block-post-author__avatar\"><img alt='Moni' src='https:\/\/walderlebnispfade.de\/wp-content\/uploads\/2025\/01\/cropped-Moni-Profil-96x96.jpg' srcset='https:\/\/walderlebnispfade.de\/wp-content\/uploads\/2025\/01\/cropped-Moni-Profil-192x192.jpg 2x' class='avatar avatar-96 photo' height='96' width='96' \/><\/div><div class=\"wp-block-post-author__content\"><p class=\"wp-block-post-author__byline\">\u00dcber die Autorin<\/p><p class=\"wp-block-post-author__name\">Moni<\/p><p class=\"wp-block-post-author__bio\">Ich bin seit vielen Jahren begeisterter Outdoor-Fan und m\u00f6chte meine Erfahrungen \u00fcber tolle Erlebnisse in Deutschland und Europa der letzten Jahre hier mit Dir teilen. \r\n\r\nEgal ob Klettern, Wandern oder einfach nur die Natur genie\u00dfen, es gibt so viele tolle M\u00f6glichkeiten seine Zeit im Freien zu verbringen. Sicher ist auch f\u00fcr Dich etwas in der Sammlung unserer Walderlebnisse dabei.<\/p><\/div><\/div>\n<hr class=\"wp-block-separator has-alpha-channel-opacity\" style=\"margin-top:var(--wp--preset--spacing--50);margin-bottom:var(--wp--preset--spacing--50)\"\/>\n<style>.wp-block-kadence-advancedheading.kt-adv-heading2756_0af669-35, .wp-block-kadence-advancedheading.kt-adv-heading2756_0af669-35[data-kb-block=\"kb-adv-heading2756_0af669-35\"]{font-style:normal;}.wp-block-kadence-advancedheading.kt-adv-heading2756_0af669-35 mark.kt-highlight, .wp-block-kadence-advancedheading.kt-adv-heading2756_0af669-35[data-kb-block=\"kb-adv-heading2756_0af669-35\"] mark.kt-highlight{font-style:normal;color:#f76a0c;-webkit-box-decoration-break:clone;box-decoration-break:clone;padding-top:0px;padding-right:0px;padding-bottom:0px;padding-left:0px;}.wp-block-kadence-advancedheading.kt-adv-heading2756_0af669-35 img.kb-inline-image, .wp-block-kadence-advancedheading.kt-adv-heading2756_0af669-35[data-kb-block=\"kb-adv-heading2756_0af669-35\"] img.kb-inline-image{width:150px;vertical-align:baseline;}<\/style>\n<h2 class=\"kt-adv-heading2756_0af669-35 wp-block-kadence-advancedheading\" data-kb-block=\"kb-adv-heading2756_0af669-35\">FAQ \u2013 Foire aux questions<\/h2>\n<div id=\"rank-math-faq\" class=\"rank-math-block\">\n<div class=\"rank-math-list \">\n<div id=\"faq-question-1722359108780\" class=\"rank-math-list-item\">\n<h3 class=\"rank-math-question \">Qu&rsquo;est-ce que la p\u00e9dagogie par l&rsquo;exp\u00e9rience ?<\/h3>\n<div class=\"rank-math-answer \">\n\n<p>L&rsquo;\u00e9ducation par l&rsquo;exp\u00e9rience est un concept p\u00e9dagogique qui d\u00e9veloppe les comp\u00e9tences sociales, la confiance en soi et l&rsquo;esprit d&rsquo;\u00e9quipe \u00e0 travers des exp\u00e9riences pratiques et des aventures dans la nature. Les objectifs comprennent le renforcement de la confiance en soi, la promotion du travail d&rsquo;\u00e9quipe et de la communication, l&rsquo;am\u00e9lioration des capacit\u00e9s de r\u00e9solution de probl\u00e8mes et le d\u00e9veloppement du sens des responsabilit\u00e9s. <\/p>\n\n<\/div>\n<\/div>\n<div id=\"faq-question-1722359117833\" class=\"rank-math-list-item\">\n<h3 class=\"rank-math-question \">Comment la p\u00e9dagogie par l&rsquo;exp\u00e9rience est-elle mise en \u0153uvre dans les parcs d&rsquo;escalade ?<\/h3>\n<div class=\"rank-math-answer \">\n\n<p>Dans les parcs d&rsquo;escalade, l&rsquo;\u00e9ducation par l&rsquo;exp\u00e9rience est mise en \u0153uvre par le biais d&rsquo;activit\u00e9s guid\u00e9es telles que l&rsquo;escalade, les parcours de cordes, les t\u00e2ches d&rsquo;\u00e9quipe et les exercices de r\u00e9solution de probl\u00e8mes, qui visent \u00e0 d\u00e9velopper les comp\u00e9tences personnelles et sociales. La dur\u00e9e des programmes peut varier, de quelques heures \u00e0 plusieurs jours, en fonction des objectifs et des besoins sp\u00e9cifiques du groupe. <\/p>\n\n<\/div>\n<\/div>\n<div id=\"faq-question-1722359132836\" class=\"rank-math-list-item\">\n<h3 class=\"rank-math-question \">Quels sont les groupes d&rsquo;\u00e2ge qui b\u00e9n\u00e9ficient des programmes d&rsquo;\u00e9ducation par l&rsquo;exp\u00e9rience dans les parcs d&rsquo;escalade ?<\/h3>\n<div class=\"rank-math-answer \">\n\n<p>Les programmes d&rsquo;\u00e9ducation par l&rsquo;exp\u00e9rience dans les parcs d&rsquo;escalade sont adapt\u00e9s \u00e0 tous les groupes d&rsquo;\u00e2ge, des enfants et des adolescents aux adultes. Les programmes sont adapt\u00e9s \u00e0 l&rsquo;\u00e2ge et aux capacit\u00e9s de chacun. Des comp\u00e9tences telles que la confiance en soi, la r\u00e9silience, la coop\u00e9ration, la r\u00e9solution de probl\u00e8mes et la prise de conscience de sa propre responsabilit\u00e9 peuvent \u00eatre d\u00e9velopp\u00e9es gr\u00e2ce \u00e0 ces activit\u00e9s.  <\/p>\n\n<\/div>\n<\/div>\n<div id=\"faq-question-1722359187034\" class=\"rank-math-list-item\">\n<h3 class=\"rank-math-question \">Quels sont les avantages des programmes d&rsquo;\u00e9ducation par l&rsquo;exp\u00e9rience dans les parcs d&rsquo;escalade pour les \u00e9coles ?<\/h3>\n<div class=\"rank-math-answer \">\n\n<p>Pour les \u00e9coles, ces programmes offrent un compl\u00e9ment pr\u00e9cieux \u00e0 l&rsquo;enseignement classique en favorisant l&rsquo;apprentissage pratique et en permettant aux \u00e9l\u00e8ves de d\u00e9velopper leurs comp\u00e9tences sociales dans un environnement naturel.<\/p>\n\n<\/div>\n<\/div>\n<\/div>\n<\/div>\n<p><\/p>\n","protected":false},"excerpt":{"rendered":"<p>Vous \u00eates \u00e0 la recherche d&rsquo;une aventure qui sollicite non seulement votre corps, mais aussi votre esprit ? Les parcs d\u2019escalade et les parcours d\u2019accrobranche offrent plus que de simples&#8230;<\/p>\n","protected":false},"author":2,"featured_media":5702,"comment_status":"open","ping_status":"open","sticky":false,"template":"","format":"standard","meta":{"_kad_blocks_custom_css":"","_kad_blocks_head_custom_js":"","_kad_blocks_body_custom_js":"","_kad_blocks_footer_custom_js":"","_kad_post_transparent":"","_kad_post_title":"","_kad_post_layout":"","_kad_post_sidebar_id":"","_kad_post_content_style":"","_kad_post_vertical_padding":"","_kad_post_feature":"","_kad_post_feature_position":"","_kad_post_header":false,"_kad_post_footer":false,"_kad_post_classname":"","yasr_overall_rating":0,"yasr_post_is_review":"","yasr_auto_insert_disabled":"","yasr_review_type":"BlogPosting","footnotes":""},"categories":[56],"tags":[],"class_list":["post-3997","post","type-post","status-publish","format-standard","has-post-thumbnail","hentry","category-infos-fr"],"yasr_visitor_votes":{"stars_attributes":{"read_only":false,"span_bottom":false},"number_of_votes":0,"sum_votes":0},"taxonomy_info":{"category":[{"value":56,"label":"Infos"}]},"featured_image_src_large":["https:\/\/walderlebnispfade.de\/wp-content\/uploads\/2024\/04\/Erlebnispaedagogik.jpg",1024,576,false],"author_info":{"display_name":"Moni","author_link":"https:\/\/walderlebnispfade.de\/fr\/author\/moni\/"},"comment_info":0,"category_info":[{"term_id":56,"name":"Infos","slug":"infos-fr","term_group":0,"term_taxonomy_id":56,"taxonomy":"category","description":"","parent":0,"count":11,"filter":"raw","cat_ID":56,"category_count":11,"category_description":"","cat_name":"Infos","category_nicename":"infos-fr","category_parent":0}],"tag_info":false,"_links":{"self":[{"href":"https:\/\/walderlebnispfade.de\/fr\/wp-json\/wp\/v2\/posts\/3997","targetHints":{"allow":["GET"]}}],"collection":[{"href":"https:\/\/walderlebnispfade.de\/fr\/wp-json\/wp\/v2\/posts"}],"about":[{"href":"https:\/\/walderlebnispfade.de\/fr\/wp-json\/wp\/v2\/types\/post"}],"author":[{"embeddable":true,"href":"https:\/\/walderlebnispfade.de\/fr\/wp-json\/wp\/v2\/users\/2"}],"replies":[{"embeddable":true,"href":"https:\/\/walderlebnispfade.de\/fr\/wp-json\/wp\/v2\/comments?post=3997"}],"version-history":[{"count":7,"href":"https:\/\/walderlebnispfade.de\/fr\/wp-json\/wp\/v2\/posts\/3997\/revisions"}],"predecessor-version":[{"id":7882,"href":"https:\/\/walderlebnispfade.de\/fr\/wp-json\/wp\/v2\/posts\/3997\/revisions\/7882"}],"wp:featuredmedia":[{"embeddable":true,"href":"https:\/\/walderlebnispfade.de\/fr\/wp-json\/wp\/v2\/media\/5702"}],"wp:attachment":[{"href":"https:\/\/walderlebnispfade.de\/fr\/wp-json\/wp\/v2\/media?parent=3997"}],"wp:term":[{"taxonomy":"category","embeddable":true,"href":"https:\/\/walderlebnispfade.de\/fr\/wp-json\/wp\/v2\/categories?post=3997"},{"taxonomy":"post_tag","embeddable":true,"href":"https:\/\/walderlebnispfade.de\/fr\/wp-json\/wp\/v2\/tags?post=3997"}],"curies":[{"name":"wp","href":"https:\/\/api.w.org\/{rel}","templated":true}]}}