{"id":49,"date":"2024-03-02T23:58:47","date_gmt":"2024-03-02T22:58:47","guid":{"rendered":"https:\/\/walderlebnispfade.de\/geschichte-der-kletterparks\/"},"modified":"2026-04-21T21:25:06","modified_gmt":"2026-04-21T19:25:06","slug":"geschichte-der-kletterparks","status":"publish","type":"post","link":"https:\/\/walderlebnispfade.de\/fr\/geschichte-der-kletterparks\/","title":{"rendered":"L&rsquo;histoire des parcs d&rsquo;escalade en Allemagne et en Europe"},"content":{"rendered":"\n<p><strong>L&rsquo;histoire des parcs d&rsquo;escalade et des parcours acrobatiques en hauteur en Europe est une histoire pleine d&rsquo;aventure, d&rsquo;innovation et d&rsquo;\u00e9volution p\u00e9dagogique. Ce qui \u00e9tait \u00e0 l&rsquo;origine une m\u00e9thode d&rsquo;entra\u00eenement militaire est devenu un loisir populaire qui attire et d\u00e9fie les personnes de tous \u00e2ges. Ces installations ne sont pas seulement des lieux de sensations fortes et de d\u00e9fis physiques, mais aussi des espaces de croissance personnelle, de travail en \u00e9quipe et de d\u00e9couverte de la nature.<\/strong><\/p>\n<style>.kb-table-of-content-nav.kb-table-of-content-id28_d79315-5c .kb-table-of-content-wrap{padding-top:var(--global-kb-spacing-sm, 1.5rem);padding-right:var(--global-kb-spacing-sm, 1.5rem);padding-bottom:var(--global-kb-spacing-sm, 1.5rem);padding-left:var(--global-kb-spacing-sm, 1.5rem);background-color:var(--global-palette8, #F7FAFC);box-shadow:inset 0px 0px 14px 0px rgba(0, 0, 0, 0.2);}.kb-table-of-content-nav.kb-table-of-content-id28_d79315-5c .kb-table-of-contents-title-wrap{padding-top:0px;padding-right:0px;padding-bottom:0px;padding-left:0px;}.kb-table-of-content-nav.kb-table-of-content-id28_d79315-5c .kb-table-of-contents-title{font-weight:regular;font-style:normal;}.kb-table-of-content-nav.kb-table-of-content-id28_d79315-5c .kb-table-of-content-wrap .kb-table-of-content-list{font-weight:regular;font-style:normal;margin-top:var(--global-kb-spacing-sm, 1.5rem);margin-right:0px;margin-bottom:0px;margin-left:0px;}.kb-table-of-content-nav.kb-table-of-content-id28_d79315-5c .kb-toggle-icon-style-basiccircle .kb-table-of-contents-icon-trigger:after, .kb-table-of-content-nav.kb-table-of-content-id28_d79315-5c .kb-toggle-icon-style-basiccircle .kb-table-of-contents-icon-trigger:before, .kb-table-of-content-nav.kb-table-of-content-id28_d79315-5c .kb-toggle-icon-style-arrowcircle .kb-table-of-contents-icon-trigger:after, .kb-table-of-content-nav.kb-table-of-content-id28_d79315-5c .kb-toggle-icon-style-arrowcircle .kb-table-of-contents-icon-trigger:before, .kb-table-of-content-nav.kb-table-of-content-id28_d79315-5c .kb-toggle-icon-style-xclosecircle .kb-table-of-contents-icon-trigger:after, .kb-table-of-content-nav.kb-table-of-content-id28_d79315-5c .kb-toggle-icon-style-xclosecircle .kb-table-of-contents-icon-trigger:before{background-color:var(--global-palette8, #F7FAFC);}<\/style>\n<h2 class=\"wp-block-heading\"><strong>Les racines historiques : de la France \u00e0 la Grande-Bretagne<\/strong><\/h2>\n\n<p>L&rsquo;histoire des parcs d&rsquo;escalade commence en France au XIXe si\u00e8cle. Les premi\u00e8res for\u00eats d&rsquo;escalade, apparues vers 1875, \u00e9taient principalement destin\u00e9es \u00e0 l&rsquo;exercice physique. Ces premi\u00e8res installations \u00e9taient loin des conceptions aventureuses d&rsquo;aujourd&rsquo;hui et se concentraient sur des d\u00e9fis d&rsquo;escalade de base. Pendant la Seconde Guerre mondiale, ces installations ont trouv\u00e9 un nouveau r\u00f4le au Royaume-Uni dans le cadre de l&rsquo;entra\u00eenement militaire, afin d&rsquo;am\u00e9liorer la condition physique et l&rsquo;habilet\u00e9 des soldats.<\/p>\n\n<h2 class=\"wp-block-heading\"><strong>Kurt Hahn et la r\u00e9volution p\u00e9dagogique<\/strong><\/h2>\n\n<p>Un tournant d\u00e9cisif dans l&rsquo;histoire des parcs d&rsquo;escalade a \u00e9t\u00e9 pris par <a href=\"https:\/\/de.wikipedia.org\/wiki\/Kurt_Hahn\" target=\"_blank\" rel=\"noreferrer noopener\">Kurt Hahn<\/a>, un p\u00e9dagogue allemand qui a introduit le concept des jardins d&rsquo;aventure dans la pratique p\u00e9dagogique en Angleterre dans les ann\u00e9es 1940. En cr\u00e9ant les Outward Bound Schools, Hahn a pos\u00e9 la premi\u00e8re pierre de l&rsquo;utilisation des jardins d&rsquo;aventure comme outils de d\u00e9veloppement personnel et de formation d&rsquo;\u00e9quipe. Cette id\u00e9e s&rsquo;est rapidement r\u00e9pandue au-del\u00e0 des fronti\u00e8res de l&rsquo;Europe et a \u00e9t\u00e9 particuli\u00e8rement appr\u00e9ci\u00e9e aux \u00c9tats-Unis, o\u00f9 elle est devenue un \u00e9l\u00e9ment central de l&rsquo;\u00e9ducation en plein air dans les ann\u00e9es 1960.<\/p>\n\n<p><strong>Vous pouvez lire \u00e0 ce sujet dans <a href=\"https:\/\/de.wikipedia.org\/wiki\/Kurt_Hahn\" target=\"_blank\" data-type=\"link\" data-id=\"https:\/\/de.wikipedia.org\/wiki\/Kurt_Hahn\" rel=\"noreferrer noopener\">Wikipedia <\/a>:  <\/strong><\/p>\n\n<p>\u00ab\u00a0Dans ses <em>sept lois de Salem<\/em>, Kurt Hahn a formul\u00e9 son concept global d&rsquo;\u00e9ducation, qui devait apporter aux \u00e9l\u00e8ves des institutions qu&rsquo;il avait fond\u00e9es bien plus que des connaissances acad\u00e9miques. Aujourd&rsquo;hui encore, ces pr\u00e9ceptes constituent la base de l&rsquo;\u00e9ducation dispens\u00e9e dans les internats de <a href=\"https:\/\/de.wikipedia.org\/wiki\/Schule_Schloss_Salem\" target=\"_blank\" rel=\"noopener\">l&rsquo;\u00e9cole du ch\u00e2teau de Salem<\/a> et <a href=\"https:\/\/de.wikipedia.org\/wiki\/Gordonstoun\" target=\"_blank\" rel=\"noopener\">de Gordonstoun<\/a>, ainsi que dans les <a href=\"https:\/\/de.wikipedia.org\/wiki\/United_World_Colleges\" target=\"_blank\" rel=\"noopener\">United World Colleges<\/a> (UWC) : <\/p>\n\n<ol class=\"wp-block-list\">\n<li>Donnez aux enfants l&rsquo;occasion de se d\u00e9couvrir eux-m\u00eames.<\/li>\n\n\n\n<li>Faites vivre aux enfants le triomphe et la d\u00e9faite.<\/li>\n\n\n\n<li>Donnez aux enfants l&rsquo;occasion de se d\u00e9vouer \u00e0 la cause commune.<\/li>\n\n\n\n<li>Pr\u00e9voyez des moments de silence.<\/li>\n\n\n\n<li>Exerce l&rsquo;imagination.<\/li>\n\n\n\n<li>Laissez la comp\u00e9tition jouer un r\u00f4le important, mais pas pr\u00e9dominant.<\/li>\n\n\n\n<li>D\u00e9livrez les fils et les filles de parents riches et puissants du sentiment \u00ab \u00e9nervant \u00bb (= d\u00e9connect\u00e9 et aveugle \u00e0 la r\u00e9alit\u00e9) d&rsquo;\u00eatre privil\u00e9gi\u00e9s \u00bb.<\/li>\n<\/ol>\n\n<blockquote class=\"wp-block-quote is-layout-flow wp-block-quote-is-layout-flow\">\n<p>\u00ab\u00a0En escalade comme dans la vie, nous trouvons souvent le plus grand succ\u00e8s au-del\u00e0 de notre zone de confort\u00a0\u00bb.<\/p>\n<cite>Moni<\/cite><\/blockquote>\n\n<h2 class=\"wp-block-heading\"><strong>De l&rsquo;utilisation militaire aux loisirs civils<\/strong><\/h2>\n\n<p>Avec la fin de la guerre froide et l&rsquo;\u00e9volution des besoins de la soci\u00e9t\u00e9, l&rsquo;histoire des parcs d&rsquo;escalade a commenc\u00e9 \u00e0 s&rsquo;\u00e9loigner de ses racines militaires et \u00e0 s&rsquo;ouvrir \u00e0 un public plus large. Les ann\u00e9es 90 ont marqu\u00e9 le d\u00e9but d&rsquo;une nouvelle \u00e8re dans l&rsquo;histoire des parcs d&rsquo;escalade et des parcours acrobatiques en hauteur, qui sont d\u00e9sormais davantage con\u00e7us comme des installations de loisirs pour le grand public. Cette \u00e9volution a \u00e9t\u00e9 encore acc\u00e9l\u00e9r\u00e9e par la tendance croissante aux activit\u00e9s de plein air et le d\u00e9sir de nouvelles options de loisirs passionnantes.<\/p>\n<style>.kb-image28_693e74-c2 .kb-image-has-overlay:after{opacity:0.3;}<\/style>\n<div class=\"wp-block-kadence-image kb-image28_693e74-c2\"><figure class=\"aligncenter size-full\"><img loading=\"lazy\" decoding=\"async\" width=\"1024\" height=\"576\" src=\"https:\/\/walderlebnispfade.de\/wp-content\/uploads\/2024\/03\/Geschichte_der_Kletterparks.jpg\" alt=\"Geschichte der Kletterparks\" class=\"kb-img wp-image-6036\" srcset=\"https:\/\/walderlebnispfade.de\/wp-content\/uploads\/2024\/03\/Geschichte_der_Kletterparks.jpg 1024w, https:\/\/walderlebnispfade.de\/wp-content\/uploads\/2024\/03\/Geschichte_der_Kletterparks-300x169.jpg 300w, https:\/\/walderlebnispfade.de\/wp-content\/uploads\/2024\/03\/Geschichte_der_Kletterparks-768x432.jpg 768w\" sizes=\"auto, (max-width: 1024px) 100vw, 1024px\" \/><\/figure><\/div>\n\n<h2 class=\"wp-block-heading\"><strong>Le r\u00f4le de la technologie et de la s\u00e9curit\u00e9<\/strong><\/h2>\n\n<p>Avec la popularit\u00e9 croissante des parcs d&rsquo;escalade, les exigences en mati\u00e8re de <a href=\"https:\/\/walderlebnispfade.de\/fr\/securite-dans-les-parcs-descalade-et-les-parcours-daccrobranche\/\" data-type=\"post\" data-id=\"2761\">s\u00e9curit\u00e9 <\/a>et de technologie ont \u00e9galement augment\u00e9. L&rsquo;introduction de syst\u00e8mes d&rsquo;assurage innovants, tels que le syst\u00e8me d&rsquo;assurage continu, a r\u00e9volutionn\u00e9 le secteur en am\u00e9liorant consid\u00e9rablement la s\u00e9curit\u00e9 des participants tout en rendant l&rsquo;exp\u00e9rience de l&rsquo;escalade plus authentique et plus stimulante. Des organisations telles que l&rsquo;<a href=\"https:\/\/www.erca.uk\/index.php\/de\/\" target=\"_blank\" rel=\"noopener\">European Ropes Course Association (ERCA)<\/a> et l&rsquo;<a href=\"https:\/\/iapa.cc\/\" data-type=\"link\" data-id=\"https:\/\/iapa.cc\/\" target=\"_blank\" rel=\"noopener\">International Adventure Park Association (IAPA)<\/a> jouent un r\u00f4le crucial dans le d\u00e9veloppement de normes et de programmes de formation qui garantissent la qualit\u00e9 et la s\u00e9curit\u00e9 des installations.<\/p>\n\n<h2 class=\"wp-block-heading\"><strong>La diversit\u00e9 des parcs d&rsquo;escalade et des parcours acrobatiques en hauteur actuels<\/strong><\/h2>\n\n<p>Aujourd&rsquo;hui, l&rsquo;Europe offre une impressionnante diversit\u00e9 de parcs d&rsquo;escalade et de parcours acrobatiques en hauteur, allant des parcs d&rsquo;aventure urbains aux vastes parcours forestiers. Ces installations proposent un large \u00e9ventail de d\u00e9fis, des parcours simples pour les d\u00e9butants et les enfants aux itin\u00e9raires exigeants pour les grimpeurs exp\u00e9riment\u00e9s. Outre le d\u00e9fi physique, de nombreux parcs accordent une grande importance \u00e0 l&rsquo;int\u00e9gration dans l&rsquo;environnement naturel et \u00e0 la protection de l&rsquo;environnement, en utilisant des m\u00e9thodes de construction et des mat\u00e9riaux durables et en modifiant le moins possible le paysage naturel.  <\/p>\n\n<h2 class=\"wp-block-heading\"><strong>Concepts p\u00e9dagogiques et formation d&rsquo;\u00e9quipe<\/strong><\/h2>\n\n<p>Outre l&rsquo;aspect r\u00e9cr\u00e9atif, les concepts p\u00e9dagogiques jouent un r\u00f4le central dans les parcs d&rsquo;escalade modernes. De nombreuses installations proposent des <a href=\"https:\/\/walderlebnispfade.de\/fr\/pedagogie-de-laventure-dans-les-parcs-descalade\/\" data-type=\"post\" data-id=\"2756\">programmes sp\u00e9ciaux<\/a> pour les \u00e9coles, les entreprises et d&rsquo;autres groupes, ax\u00e9s sur le travail d&rsquo;\u00e9quipe, la communication et le d\u00e9veloppement personnel. Ces programmes utilisent les d\u00e9fis et les exp\u00e9riences uniques qu&rsquo;offrent les parcs d&rsquo;escalade pour enseigner des comp\u00e9tences de vie essentielles et renforcer la confiance en soi des participants.<\/p>\n\n<h3 class=\"wp-block-heading\">Vid\u00e9o de pr\u00e9sentation : Pour le vertige : th\u00e9rapie dans un parcours d&rsquo;accrobranche<\/h3>\n\n<figure class=\"wp-block-embed is-type-video is-provider-youtube wp-block-embed-youtube wp-embed-aspect-16-9 wp-has-aspect-ratio\"><div class=\"wp-block-embed__wrapper\">\n<iframe loading=\"lazy\" hcb-fetch-image-from=\"https:\/\/youtu.be\/564mEtVmmgU?si=3Hnjv2bEpakcq2Jw\" title=\"Bei H\u00f6henangst: Therapie im Hochseilgarten\" width=\"720\" height=\"405\" src=\"https:\/\/www.youtube.com\/embed\/564mEtVmmgU?feature=oembed\" frameborder=\"0\" allow=\"accelerometer; autoplay; clipboard-write; encrypted-media; gyroscope; picture-in-picture; web-share\" referrerpolicy=\"strict-origin-when-cross-origin\" allowfullscreen><\/iframe>\n<\/div><\/figure>\n\n<h3 class=\"wp-block-heading\"><strong>Perspectives d&rsquo;avenir et tendances<\/strong><\/h3>\n\n<p>L&rsquo;avenir des parcs d&rsquo;escalade et des parcours acrobatiques en hauteur s&rsquo;annonce prometteur, avec des innovations constantes et de nouveaux concepts qui rendent l&rsquo;exp\u00e9rience encore plus immersive, s\u00fbre et accessible. Des tendances telles que la r\u00e9alit\u00e9 virtuelle (VR) et la r\u00e9alit\u00e9 augment\u00e9e (AR) pourraient continuer \u00e0 brouiller les fronti\u00e8res entre l&rsquo;exp\u00e9rience d&rsquo;aventure physique et num\u00e9rique, tandis que les approches durables et \u00e9cologiques prennent de plus en plus d&rsquo;importance.<\/p>\n\n<h2 class=\"wp-block-heading\"><strong>Conclusion : plus qu&rsquo;une simple aventure<\/strong><\/h2>\n\n<p>Les <a href=\"https:\/\/walderlebnispfade.de\/fr\/experiences-en-foret\/\" data-type=\"page\" data-id=\"228\">parcs d&rsquo;escalade et les parcours acrobatiques en hauteur<\/a> en Europe sont pass\u00e9s de leurs modestes d\u00e9buts \u00e0 des installations complexes, vari\u00e9es et p\u00e9dagogiques. Ils offrent non seulement des aventures passionnantes et des d\u00e9fis physiques, mais aussi de pr\u00e9cieuses exp\u00e9riences d&rsquo;apprentissage et la possibilit\u00e9 de d\u00e9couvrir la nature sous une nouvelle perspective. Avec leur riche histoire, leurs innovations constantes et leur engagement en faveur de la s\u00e9curit\u00e9 et de l&rsquo;\u00e9ducation, les parcs d&rsquo;escalade et les parcours acrobatiques en hauteur restent une composante essentielle du paysage europ\u00e9en des loisirs.<\/p>\n<style>.kadence-column28_df4567-ce > .kt-inside-inner-col{display:flex;}.kadence-column28_df4567-ce > .kt-inside-inner-col{padding-top:var(--global-kb-spacing-xs, 1rem);padding-right:var(--global-kb-spacing-xs, 1rem);padding-bottom:var(--global-kb-spacing-xs, 1rem);padding-left:var(--global-kb-spacing-xs, 1rem);}.kadence-column28_df4567-ce > .kt-inside-inner-col{box-shadow:0px 0px 14px 0px rgba(0, 0, 0, 0.2);}.kadence-column28_df4567-ce > .kt-inside-inner-col,.kadence-column28_df4567-ce > .kt-inside-inner-col:before{border-top-left-radius:0px;border-top-right-radius:0px;border-bottom-right-radius:0px;border-bottom-left-radius:0px;}.kadence-column28_df4567-ce > .kt-inside-inner-col{column-gap:var(--global-kb-gap-sm, 1rem);}.kadence-column28_df4567-ce > .kt-inside-inner-col{flex-direction:column;align-items:center;}.kadence-column28_df4567-ce > .kt-inside-inner-col > .kb-image-is-ratio-size{align-self:stretch;}.kadence-column28_df4567-ce > .kt-inside-inner-col > .wp-block-kadence-advancedgallery{align-self:stretch;}.kadence-column28_df4567-ce > .kt-inside-inner-col > .aligncenter{width:100%;}.kadence-column28_df4567-ce > .kt-inside-inner-col{background-color:var(--global-palette8, #F7FAFC);}.kadence-column28_df4567-ce > .kt-inside-inner-col:before{opacity:0.3;}.kadence-column28_df4567-ce{position:relative;}@media all and (max-width: 1024px){.kadence-column28_df4567-ce > .kt-inside-inner-col{flex-direction:column;justify-content:center;align-items:center;}}@media all and (max-width: 767px){.kadence-column28_df4567-ce > .kt-inside-inner-col{flex-direction:column;justify-content:center;align-items:center;}}<\/style>\n<div class=\"wp-block-kadence-column kadence-column28_df4567-ce\"><div class=\"kt-inside-inner-col\">\n<p class=\"has-text-align-center\">Mon article sur l&rsquo;histoire des parcs d&rsquo;escalade vous a plu ? Alors n&rsquo;h\u00e9sitez pas \u00e0 me laisser une \u00e9valuation.  <br\/>Vous nous aidez, nous et les autres amoureux de la nature. Merci beaucoup \ud83d\ude42 !<\/p>\n\n\n\n<div class=\"wp-block-yet-another-stars-rating-visitor-votes aligncenter yasr-vv-block\"><\/div>\n\n\n\n<p>Dans la <a href=\"https:\/\/walderlebnispfade.de\/fr\/experiences-en-foret\/\" data-type=\"page\" data-id=\"228\">recherche d&rsquo;exp\u00e9riences<\/a>, vous trouverez \u00e9galement toutes les autres cat\u00e9gories.<\/p>\n<\/div><\/div>\n\n<h3 class=\"wp-block-heading\">Aper\u00e7u chronologique de l&rsquo;histoire des jardins d&rsquo;escalade<\/h3>\n\n<figure class=\"wp-block-table\"><table><tbody><tr><td><strong>1875<\/strong><\/td><td><strong>Les d\u00e9buts en France<\/strong><\/td><\/tr><tr><td><\/td><td>Les premi\u00e8res for\u00eats d&rsquo;escalade sont construites en France, principalement pour l&rsquo;exercice physique.<\/td><\/tr><tr><td><strong>1941<\/strong><\/td><td><strong>Kurt Hahn et la r\u00e9volution p\u00e9dagogique<\/strong><\/td><\/tr><tr><td><\/td><td>Kurt Hahn fonde les Outward Bound Schools en Angleterre et int\u00e8gre les jardins d&rsquo;aventure dans le cadre du programme p\u00e9dagogique.<\/td><\/tr><tr><td><strong>Les ann\u00e9es 1960<\/strong><\/td><td><strong>Diffusion aux \u00c9tats-Unis<\/strong><\/td><\/tr><tr><td><\/td><td>Les jardins d&rsquo;aventure deviennent un \u00e9l\u00e9ment central de l&rsquo;\u00e9ducation en plein air aux \u00c9tats-Unis.<\/td><\/tr><tr><td><strong>Les ann\u00e9es 1990<\/strong><\/td><td><strong>Passage \u00e0 l&rsquo;usage civil<\/strong><\/td><\/tr><tr><td><\/td><td>Les parcs d&rsquo;escalade et les parcours d&rsquo;accrobranche s&rsquo;ouvrent \u00e0 un public plus large et sont de plus en plus con\u00e7us comme des installations de loisirs.<\/td><\/tr><tr><td><strong>Les ann\u00e9es 2000<\/strong><\/td><td><strong>D\u00e9veloppement touristique et \u00e9ducatif<\/strong><\/td><\/tr><tr><td><\/td><td>\u00c9mergence de <a href=\"https:\/\/walderlebnispfade.de\/fr\/experiences-en-foret\/\" data-type=\"page\" data-id=\"228\">for\u00eats d&rsquo;escalade et de parcs d&rsquo;aventure<\/a> avec un accent sur l&rsquo;utilisation touristique et les programmes \u00e9ducatifs.<\/td><\/tr><tr><td><strong>1998<\/strong><\/td><td><strong>Cr\u00e9ation de l&rsquo;ERCA<\/strong><\/td><\/tr><tr><td><\/td><td>L&rsquo;<a href=\"https:\/\/www.erca.uk\/index.php\/de\/\" target=\"_blank\" rel=\"noreferrer noopener\">European Ropes Course Association (ERCA)<\/a> est cr\u00e9\u00e9e pour d\u00e9velopper des normes de s\u00e9curit\u00e9 et de qualit\u00e9. L&rsquo;ERCA repr\u00e9sente les entra\u00eeneurs europ\u00e9ens, les constructeurs de jardins de cordes et les organisations qui g\u00e8rent des jardins de cordes temporaires, mobiles et fixes. Le conseil d&rsquo;administration et les groupes de travail repr\u00e9sentent les int\u00e9r\u00eats de tous les membres et encouragent le d\u00e9veloppement professionnel des jardins d&rsquo;aventure.  <\/td><\/tr><tr><td><strong>2007<\/strong><\/td><td><strong>Cr\u00e9ation de l&rsquo;IAPA<\/strong><\/td><\/tr><tr><td><\/td><td>L&rsquo;<a href=\"https:\/\/iapa.cc\/\" target=\"_blank\" rel=\"noreferrer noopener\">International Adventure Park Association (IAPA)<\/a> est cr\u00e9\u00e9e pour promouvoir le d\u00e9veloppement et la s\u00e9curit\u00e9 des parcs d&rsquo;aventure dans le monde entier. L&rsquo;IAPA est l&rsquo;association fa\u00eeti\u00e8re des parcs d&rsquo;aventure et des parcours acrobatiques en hauteur.<\/td><\/tr><tr><td><strong>2010<\/strong><\/td><td><strong>Innovations et s\u00e9curit\u00e9<\/strong><\/td><\/tr><tr><td><\/td><td>Introduction de <a href=\"https:\/\/walderlebnispfade.de\/fr\/securite-dans-les-parcs-descalade-et-les-parcours-daccrobranche\/\" data-type=\"post\" data-id=\"2761\">syst\u00e8mes de s\u00e9curit\u00e9 innovants<\/a> et de normes qui am\u00e9liorent la s\u00e9curit\u00e9 et l&rsquo;exp\u00e9rience dans les parcs d&rsquo;escalade.<\/td><\/tr><\/tbody><\/table><figcaption class=\"wp-element-caption\">Aper\u00e7u du d\u00e9veloppement des jardins d&rsquo;escalade et des parcours d&rsquo;accrobranche<\/figcaption><\/figure>\n\n<hr class=\"wp-block-separator has-alpha-channel-opacity\" style=\"margin-top:var(--wp--preset--spacing--50);margin-bottom:var(--wp--preset--spacing--50)\"\/>\n<div style=\"padding-top:var(--wp--preset--spacing--30);padding-bottom:var(--wp--preset--spacing--30);padding-left:var(--wp--preset--spacing--30);padding-right:var(--wp--preset--spacing--30);\" class=\"wp-block-post-author has-background has-theme-palette-7-background-color has-medium-font-size\"><div class=\"wp-block-post-author__avatar\"><img alt='Moni' src='https:\/\/walderlebnispfade.de\/wp-content\/uploads\/2025\/01\/cropped-Moni-Profil-96x96.jpg' srcset='https:\/\/walderlebnispfade.de\/wp-content\/uploads\/2025\/01\/cropped-Moni-Profil-192x192.jpg 2x' class='avatar avatar-96 photo' height='96' width='96' \/><\/div><div class=\"wp-block-post-author__content\"><p class=\"wp-block-post-author__byline\">\u00dcber die Autorin<\/p><p class=\"wp-block-post-author__name\">Moni<\/p><p class=\"wp-block-post-author__bio\">Ich bin seit vielen Jahren begeisterter Outdoor-Fan und m\u00f6chte meine Erfahrungen \u00fcber tolle Erlebnisse in Deutschland und Europa der letzten Jahre hier mit Dir teilen. \r\n\r\nEgal ob Klettern, Wandern oder einfach nur die Natur genie\u00dfen, es gibt so viele tolle M\u00f6glichkeiten seine Zeit im Freien zu verbringen. Sicher ist auch f\u00fcr Dich etwas in der Sammlung unserer Walderlebnisse dabei.<\/p><\/div><\/div>\n<hr class=\"wp-block-separator has-alpha-channel-opacity\" style=\"margin-top:var(--wp--preset--spacing--50);margin-bottom:var(--wp--preset--spacing--50)\"\/>\n\n<p><\/p>\n","protected":false},"excerpt":{"rendered":"<p>L&rsquo;histoire des parcs d&rsquo;escalade et des parcours acrobatiques en hauteur en Europe est une histoire pleine d&rsquo;aventure, d&rsquo;innovation et d&rsquo;\u00e9volution p\u00e9dagogique. Ce qui \u00e9tait \u00e0 l&rsquo;origine une m\u00e9thode d&rsquo;entra\u00eenement militaire&#8230;<\/p>\n","protected":false},"author":2,"featured_media":295,"comment_status":"closed","ping_status":"closed","sticky":false,"template":"","format":"standard","meta":{"_kad_blocks_custom_css":"","_kad_blocks_head_custom_js":"","_kad_blocks_body_custom_js":"","_kad_blocks_footer_custom_js":"","_kad_post_transparent":"","_kad_post_title":"","_kad_post_layout":"","_kad_post_sidebar_id":"","_kad_post_content_style":"","_kad_post_vertical_padding":"","_kad_post_feature":"","_kad_post_feature_position":"","_kad_post_header":false,"_kad_post_footer":false,"_kad_post_classname":"","yasr_overall_rating":0,"yasr_post_is_review":"","yasr_auto_insert_disabled":"","yasr_review_type":"","footnotes":""},"categories":[56],"tags":[],"class_list":["post-49","post","type-post","status-publish","format-standard","has-post-thumbnail","hentry","category-infos-fr"],"yasr_visitor_votes":{"stars_attributes":{"read_only":false,"span_bottom":false},"number_of_votes":0,"sum_votes":0},"taxonomy_info":{"category":[{"value":56,"label":"Infos"}]},"featured_image_src_large":["https:\/\/walderlebnispfade.de\/wp-content\/uploads\/2024\/03\/Baumwipfel.jpg",1024,683,false],"author_info":{"display_name":"Moni","author_link":"https:\/\/walderlebnispfade.de\/fr\/author\/moni\/"},"comment_info":0,"category_info":[{"term_id":56,"name":"Infos","slug":"infos-fr","term_group":0,"term_taxonomy_id":56,"taxonomy":"category","description":"","parent":0,"count":11,"filter":"raw","cat_ID":56,"category_count":11,"category_description":"","cat_name":"Infos","category_nicename":"infos-fr","category_parent":0}],"tag_info":false,"_links":{"self":[{"href":"https:\/\/walderlebnispfade.de\/fr\/wp-json\/wp\/v2\/posts\/49","targetHints":{"allow":["GET"]}}],"collection":[{"href":"https:\/\/walderlebnispfade.de\/fr\/wp-json\/wp\/v2\/posts"}],"about":[{"href":"https:\/\/walderlebnispfade.de\/fr\/wp-json\/wp\/v2\/types\/post"}],"author":[{"embeddable":true,"href":"https:\/\/walderlebnispfade.de\/fr\/wp-json\/wp\/v2\/users\/2"}],"replies":[{"embeddable":true,"href":"https:\/\/walderlebnispfade.de\/fr\/wp-json\/wp\/v2\/comments?post=49"}],"version-history":[{"count":13,"href":"https:\/\/walderlebnispfade.de\/fr\/wp-json\/wp\/v2\/posts\/49\/revisions"}],"predecessor-version":[{"id":7839,"href":"https:\/\/walderlebnispfade.de\/fr\/wp-json\/wp\/v2\/posts\/49\/revisions\/7839"}],"wp:featuredmedia":[{"embeddable":true,"href":"https:\/\/walderlebnispfade.de\/fr\/wp-json\/wp\/v2\/media\/295"}],"wp:attachment":[{"href":"https:\/\/walderlebnispfade.de\/fr\/wp-json\/wp\/v2\/media?parent=49"}],"wp:term":[{"taxonomy":"category","embeddable":true,"href":"https:\/\/walderlebnispfade.de\/fr\/wp-json\/wp\/v2\/categories?post=49"},{"taxonomy":"post_tag","embeddable":true,"href":"https:\/\/walderlebnispfade.de\/fr\/wp-json\/wp\/v2\/tags?post=49"}],"curies":[{"name":"wp","href":"https:\/\/api.w.org\/{rel}","templated":true}]}}