{"id":6220,"date":"2025-02-01T20:44:00","date_gmt":"2025-02-01T19:44:00","guid":{"rendered":"https:\/\/walderlebnispfade.de\/rapport-dexperience-du-parc-descalade-de-sayn\/"},"modified":"2025-10-30T16:58:42","modified_gmt":"2025-10-30T15:58:42","slug":"rapport-dexperience-du-parc-descalade-de-sayn","status":"publish","type":"post","link":"https:\/\/walderlebnispfade.de\/fr\/rapport-dexperience-du-parc-descalade-de-sayn\/","title":{"rendered":"Rapport d&rsquo;exp\u00e9rience du parc d&rsquo;escalade de Sayn"},"content":{"rendered":"\n<p>En septembre, nous avons d\u00e9cid\u00e9 \u00e0 la derni\u00e8re minute de passer des vacances bien-\u00eatre \u00e0 l&rsquo;<a href=\"https:\/\/www.zugbruecke.de\/\" data-type=\"link\" data-id=\"https:\/\/www.zugbruecke.de\/\" target=\"_blank\" rel=\"noreferrer noopener\">h\u00f4tel Zugbr\u00fccke<\/a> de Grenzau. La petite ville de Grenzau est situ\u00e9e en haut de la vall\u00e9e du Brexbach. Le Freiraum Kletterwald Sayn se trouve tout en bas de la vall\u00e9e. Nous avons donc profit\u00e9 de l&rsquo;occasion pour faire de l&rsquo;escalade et de la randonn\u00e9e.    J&rsquo;aimerais partager notre exp\u00e9rience avec vous.<\/p>\n\n<p>La vall\u00e9e de Brexbach abrite \u00e9galement l&rsquo;un des plus grands camps scouts d&rsquo;Allemagne, qui accueille pr\u00e8s de 10.000 visiteurs par an. Il y a 27 terrains de camping de diff\u00e9rentes tailles avec des foyers fixes ainsi que trois maisons fixes pour des groupes de 10 \u00e0 25 personnes. J&rsquo;imagine que cela rend le parc d&rsquo;escalade extr\u00eamement fr\u00e9quent\u00e9 pendant les vacances d&rsquo;\u00e9t\u00e9.  <\/p>\n<style>.kb-image6111_897307-6a .kb-image-has-overlay:after{opacity:0.3;}<\/style>\n<div class=\"wp-block-kadence-image kb-image6111_897307-6a\"><figure class=\"aligncenter size-large\"><img loading=\"lazy\" decoding=\"async\" width=\"1024\" height=\"667\" src=\"https:\/\/walderlebnispfade.de\/wp-content\/uploads\/2025\/02\/Kletterpark_Sayn-19-1024x667.jpg\" alt=\"\" class=\"kb-img wp-image-6184\" srcset=\"https:\/\/walderlebnispfade.de\/wp-content\/uploads\/2025\/02\/Kletterpark_Sayn-19-1024x667.jpg 1024w, https:\/\/walderlebnispfade.de\/wp-content\/uploads\/2025\/02\/Kletterpark_Sayn-19-300x195.jpg 300w, https:\/\/walderlebnispfade.de\/wp-content\/uploads\/2025\/02\/Kletterpark_Sayn-19-768x500.jpg 768w, https:\/\/walderlebnispfade.de\/wp-content\/uploads\/2025\/02\/Kletterpark_Sayn-19.jpg 1280w\" sizes=\"auto, (max-width: 1024px) 100vw, 1024px\" \/><figcaption>Vue sur la vall\u00e9e du Brexbach et la plaine du Rhin<\/figcaption><\/figure><\/div>\n\n<p>La for\u00eat d&rsquo;escalade de Sayn est g\u00e9r\u00e9e par le groupe Freiraum, qui g\u00e8re \u00e9galement les for\u00eats d&rsquo;escalade de Hennef, Freisch\u00fctz et Vulkanpark. Vous pouvez r\u00e9server trois ou cinq heures d&rsquo;escalade. Il existe \u00e9galement un forfait sp\u00e9cial pour les anniversaires d&rsquo;enfants. Si vous le souhaitez, vous pouvez r\u00e9server une table dans l&rsquo;aire de pique-nique pour les personnes qui vous accompagnent.   <\/p>\n\n<h2 class=\"wp-block-heading\">G\u00e9n\u00e9ralit\u00e9s sur le parc d&rsquo;escalade de Sayn<\/h2>\n\n<p>Le parc d&rsquo;escalade est situ\u00e9 au milieu de la for\u00eat, vous devez donc parcourir quelques centaines de m\u00e8tres \u00e0 pied pour vous rendre au parc apr\u00e8s \u00eatre venu en voiture. Pour quelqu&rsquo;un qui veut faire de l&rsquo;escalade, cela ne devrait pas poser de probl\u00e8me. Important : vous devez<g id=\"gid_0\"> <g id=\"gid_1\">r\u00e9server<\/g><\/g> vos<g id=\"gid_0\"> places<\/g> en ligne avant d&rsquo;arriver. Vous pouvez payer sur place en esp\u00e8ces, par carte EC ou carte de cr\u00e9dit. Une cl\u00e9 de casier est disponible pour 5\u20ac de caution.   <\/p>\n\n<p>Apr\u00e8s avoir pay\u00e9 et rang\u00e9 notre sac \u00e0 dos, nous sommes pass\u00e9s \u00e0 l&rsquo;initiation. Le personnel \u00e9tait tr\u00e8s aimable et ne s&rsquo;est pas laiss\u00e9 d\u00e9stabiliser par quelques enfants particuli\u00e8rement turbulents. L&rsquo;aide apport\u00e9e pour attacher la ceinture de s\u00e9curit\u00e9 et l&rsquo;explication du syst\u00e8me de s\u00e9curit\u00e9 Smart-Belay \u00e9taient professionnelles. Comme un seul mousqueton peut \u00eatre ouvert \u00e0 la fois avec ce syst\u00e8me d&rsquo;assurage moderne, il est pratiquement impossible de d\u00e9crocher compl\u00e8tement les cordes d&rsquo;assurage par inadvertance.   <\/p>\n\n<p>Les principales techniques ont \u00e9t\u00e9 expliqu\u00e9es et d\u00e9montr\u00e9es lors d&rsquo;un court cours d&rsquo;entra\u00eenement. Ensuite, chacun peut explorer la for\u00eat d&rsquo;escalade \u00e0 sa guise. Les conditions d&rsquo;acc\u00e8s concernant l&rsquo;\u00e2ge, la taille et la hauteur de prise n\u00e9cessaire ainsi que le niveau de difficult\u00e9 de chaque parcours sont bien d\u00e9crits. Les guides circulent en permanence dans le parc et veillent au respect des r\u00e8gles. Lors de notre visite, un groupe n&rsquo;a pas respect\u00e9 les feux de signalisation de la tyrolienne du Canyon Express, malgr\u00e9 les instructions et une signal\u00e9tique claire. Pour cette personne, l&rsquo;escalade \u00e9tait alors termin\u00e9e.     <\/p>\n\n<h3 class=\"wp-block-heading\">Heures d&rsquo;ouverture 2025<\/h3>\n<style>.kb-image6111_30a9b1-a9 .kb-image-has-overlay:after{opacity:0.3;}<\/style>\n<div class=\"wp-block-kadence-image kb-image6111_30a9b1-a9\"><figure class=\"aligncenter size-large\"><img loading=\"lazy\" decoding=\"async\" width=\"1024\" height=\"791\" src=\"https:\/\/walderlebnispfade.de\/wp-content\/uploads\/2025\/02\/Oeffnungszeiten_Sayn_2025-1024x791.jpg\" alt=\"Heures d'ouverture de la for\u00eat d'escalade de Sayn en 2025\" class=\"kb-img wp-image-6192\" srcset=\"https:\/\/walderlebnispfade.de\/wp-content\/uploads\/2025\/02\/Oeffnungszeiten_Sayn_2025-1024x791.jpg 1024w, https:\/\/walderlebnispfade.de\/wp-content\/uploads\/2025\/02\/Oeffnungszeiten_Sayn_2025-300x232.jpg 300w, https:\/\/walderlebnispfade.de\/wp-content\/uploads\/2025\/02\/Oeffnungszeiten_Sayn_2025-768x594.jpg 768w, https:\/\/walderlebnispfade.de\/wp-content\/uploads\/2025\/02\/Oeffnungszeiten_Sayn_2025.jpg 1136w\" sizes=\"auto, (max-width: 1024px) 100vw, 1024px\" \/><figcaption>Source : Freiraum Kletterwald Sayn<\/figcaption><\/figure><\/div>\n\n<h2 class=\"wp-block-heading\">Les cours de la for\u00eat d&rsquo;escalade de Sayn<\/h2>\n\n<p>La for\u00eat d&rsquo;escalade propose des parcours pour tous les \u00e2ges et tous les niveaux de difficult\u00e9. Pour les tout-petits, il y a le pays Takka-Tukka avec le parcours pour les tout-petits. \u00c0 partir d&rsquo;une taille de 1 m\u00e8tre, il est possible d&rsquo;y grimper avec un simple harnais. Certains parcours pour d\u00e9butants sont \u00e9galement bien adapt\u00e9s aux enfants \u00e0 partir de six ans. Cependant, la hauteur minimale de prise des enfants doit \u00eatre de 1,60 m et ils doivent \u00eatre \u00e0 l&rsquo;aise avec le syst\u00e8me Smart-Belay. Il existe au total 5 parcours pour d\u00e9butants d&rsquo;une hauteur maximale de 5 m\u00e8tres :     <\/p>\n\n<ul class=\"wp-block-list\">\n<li>Hunsr\u00fcck (tr\u00e8s facile, 1m de hauteur)<\/li>\n\n\n\n<li>Eifel (tr\u00e8s facile, 1m de hauteur)<\/li>\n\n\n\n<li>Ardennes (facile, 3m de hauteur)<\/li>\n\n\n\n<li>Erzgebirge (tr\u00e8s facile, 3-4m de hauteur)<\/li>\n\n\n\n<li>Fichtelgebirge (tr\u00e8s facile, 3-4m de hauteur)<\/li>\n<\/ul>\n\n<p>Les parcours d&rsquo;ascension, d&rsquo;une hauteur allant jusqu&rsquo;\u00e0 10 m\u00e8tres, se r\u00e9partissent comme suit :<\/p>\n\n<ul class=\"wp-block-list\">\n<li>Pyr\u00e9n\u00e9es (moyenne, 3-5m d&rsquo;altitude)<\/li>\n\n\n\n<li>Alpes (moyenne, 4-6m d&rsquo;altitude)<\/li>\n\n\n\n<li>Born\u00e9o (facile, 3-10m de hauteur)<\/li>\n<\/ul>\n\n<p>Si cela ne suffit pas, vous pouvez tester et d\u00e9passer vos limites sur les parcours de survol :<\/p>\n\n<ul class=\"wp-block-list\">\n<li>Kilimanjaro (difficult\u00e9 moyenne, 4-11m d&rsquo;altitude)<\/li>\n\n\n\n<li>Montagnes Rocheuses (difficile 3-15m de hauteur)<\/li>\n\n\n\n<li>Andes (tr\u00e8s difficile, 4-12m de hauteur)<\/li>\n\n\n\n<li>Himalaya (extr\u00eamement difficile, 7-20m d&rsquo;altitude)<\/li>\n<\/ul>\n\n<p>Comme cours sp\u00e9ciaux, le Kletterwald Sayn propose les parcours Canyon-Express (moyen, 6-15m de hauteur) et Eiger-Express (moyen, 6-18m de hauteur) avec leurs longues tyroliennes. En outre, il y a le parcours partenaire de Zweigebirge (moyen, hauteur 10m) avec des obstacles sp\u00e9ciaux. Ceux-ci ne peuvent \u00eatre franchis qu&rsquo;en \u00e9quipe.  <\/p>\n<style>.kb-row-layout-id6111_e7fe6e-db > .kt-row-column-wrap{align-content:start;}:where(.kb-row-layout-id6111_e7fe6e-db > .kt-row-column-wrap) > .wp-block-kadence-column{justify-content:start;}.kb-row-layout-id6111_e7fe6e-db > .kt-row-column-wrap{column-gap:var(--global-kb-gap-md, 2rem);row-gap:var(--global-kb-gap-md, 2rem);max-width:var( --global-content-width, 1280px );padding-left:var(--global-content-edge-padding);padding-right:var(--global-content-edge-padding);padding-top:var(--global-kb-spacing-sm, 1.5rem);padding-bottom:var(--global-kb-spacing-sm, 1.5rem);grid-template-columns:minmax(0, 1fr);}.kb-row-layout-id6111_e7fe6e-db > .kt-row-layout-overlay{opacity:0.30;}@media all and (max-width: 1024px){.kb-row-layout-id6111_e7fe6e-db > .kt-row-column-wrap{grid-template-columns:minmax(0, 1fr);}}@media all and (max-width: 767px){.kb-row-layout-id6111_e7fe6e-db > .kt-row-column-wrap{grid-template-columns:minmax(0, 1fr);}}<\/style><div class=\"kb-row-layout-wrap kb-row-layout-id6111_e7fe6e-db alignnone wp-block-kadence-rowlayout\"><div class=\"kt-row-column-wrap kt-has-1-columns kt-row-layout-equal kt-tab-layout-inherit kt-mobile-layout-row kt-row-valign-top kb-theme-content-width\">\n<style>.kadence-column6111_9a36ae-1d > .kt-inside-inner-col,.kadence-column6111_9a36ae-1d > .kt-inside-inner-col:before{border-top-left-radius:0px;border-top-right-radius:0px;border-bottom-right-radius:0px;border-bottom-left-radius:0px;}.kadence-column6111_9a36ae-1d > .kt-inside-inner-col{column-gap:var(--global-kb-gap-sm, 1rem);}.kadence-column6111_9a36ae-1d > .kt-inside-inner-col{flex-direction:column;}.kadence-column6111_9a36ae-1d > .kt-inside-inner-col > .aligncenter{width:100%;}.kadence-column6111_9a36ae-1d > .kt-inside-inner-col:before{opacity:0.3;}.kadence-column6111_9a36ae-1d{position:relative;}@media all and (max-width: 1024px){.kadence-column6111_9a36ae-1d > .kt-inside-inner-col{flex-direction:column;justify-content:center;}}@media all and (max-width: 767px){.kadence-column6111_9a36ae-1d > .kt-inside-inner-col{flex-direction:column;justify-content:center;}}<\/style>\n<div class=\"wp-block-kadence-column kadence-column6111_9a36ae-1d\"><div class=\"kt-inside-inner-col\">\n<div class=\"tb-image-slider\" data-toolset-blocks-image-slider=\"b024a6c204b1301da2efb34d1e10dec7\"><div class=\"tb-image-slider--carousel tb-image-slider--crop glide\" data-glide-number-slides=\"3\"><div class=\"glide__view\"><img decoding=\"async\" width=\"960\" height=\"1280\" loading=\"lazy\" class=\"wp-image-6176\" src=\"https:\/\/walderlebnispfade.de\/wp-content\/uploads\/2025\/02\/Kletterpark_Sayn-17.jpg\" alt=\"Bild eines Parcours des Kletterwaldes Sayn\" data-id=\"6176\" tabindex=\"0\" srcset=\"https:\/\/walderlebnispfade.de\/wp-content\/uploads\/2025\/02\/Kletterpark_Sayn-17.jpg 960w, https:\/\/walderlebnispfade.de\/wp-content\/uploads\/2025\/02\/Kletterpark_Sayn-17-225x300.jpg 225w, https:\/\/walderlebnispfade.de\/wp-content\/uploads\/2025\/02\/Kletterpark_Sayn-17-768x1024.jpg 768w\" sizes=\"auto, (max-width: 960px) 100vw, 960px\" \/><div class=\"glide__arrows\" data-glide-el=\"controls\"><button class=\"glide__arrow glide__arrow--left\" data-glide-dir=\"&lt;\"><span class=\"tb-slider-left-arrow\"><\/span><\/button><button class=\"glide__arrow glide__arrow--right\" data-glide-dir=\"&gt;\"><span class=\"tb-slider-right-arrow\"><\/span><\/button><\/div><\/div><div class=\"glide__track\" data-glide-el=\"track\"><ul class=\"glide__slides\"><li class=\"glide__slide\"><img decoding=\"async\" width=\"960\" height=\"1280\" loading=\"lazy\" class=\"wp-image-6176\" src=\"https:\/\/walderlebnispfade.de\/wp-content\/uploads\/2025\/02\/Kletterpark_Sayn-17.jpg\" alt=\"Bild eines Parcours des Kletterwaldes Sayn\" data-id=\"6176\" tabindex=\"0\" srcset=\"https:\/\/walderlebnispfade.de\/wp-content\/uploads\/2025\/02\/Kletterpark_Sayn-17.jpg 960w, https:\/\/walderlebnispfade.de\/wp-content\/uploads\/2025\/02\/Kletterpark_Sayn-17-225x300.jpg 225w, https:\/\/walderlebnispfade.de\/wp-content\/uploads\/2025\/02\/Kletterpark_Sayn-17-768x1024.jpg 768w\" sizes=\"auto, (max-width: 960px) 100vw, 960px\" \/><\/li><li class=\"glide__slide\"><img decoding=\"async\" width=\"960\" height=\"1280\" loading=\"lazy\" class=\"wp-image-6164\" src=\"https:\/\/walderlebnispfade.de\/wp-content\/uploads\/2025\/02\/Kletterpark_Sayn-14.jpg\" alt=\"Bild eines Parcours des Kletterwaldes Bendorf Sayn\" data-id=\"6164\" tabindex=\"0\" srcset=\"https:\/\/walderlebnispfade.de\/wp-content\/uploads\/2025\/02\/Kletterpark_Sayn-14.jpg 960w, https:\/\/walderlebnispfade.de\/wp-content\/uploads\/2025\/02\/Kletterpark_Sayn-14-225x300.jpg 225w, https:\/\/walderlebnispfade.de\/wp-content\/uploads\/2025\/02\/Kletterpark_Sayn-14-768x1024.jpg 768w\" sizes=\"auto, (max-width: 960px) 100vw, 960px\" \/><\/li><li class=\"glide__slide\"><img decoding=\"async\" width=\"960\" height=\"1280\" loading=\"lazy\" class=\"wp-image-6132\" src=\"https:\/\/walderlebnispfade.de\/wp-content\/uploads\/2025\/02\/Kletterpark_Sayn-6.jpg\" alt=\"\" data-id=\"6132\" tabindex=\"0\" srcset=\"https:\/\/walderlebnispfade.de\/wp-content\/uploads\/2025\/02\/Kletterpark_Sayn-6.jpg 960w, https:\/\/walderlebnispfade.de\/wp-content\/uploads\/2025\/02\/Kletterpark_Sayn-6-225x300.jpg 225w, https:\/\/walderlebnispfade.de\/wp-content\/uploads\/2025\/02\/Kletterpark_Sayn-6-768x1024.jpg 768w\" sizes=\"auto, (max-width: 960px) 100vw, 960px\" \/><\/li><li class=\"glide__slide\"><img decoding=\"async\" width=\"960\" height=\"1280\" loading=\"lazy\" class=\"wp-image-6156\" src=\"https:\/\/walderlebnispfade.de\/wp-content\/uploads\/2025\/02\/Kletterpark_Sayn-12.jpg\" alt=\"Bild eines Parcours des Kletterwaldes Sayn\" data-id=\"6156\" tabindex=\"0\" srcset=\"https:\/\/walderlebnispfade.de\/wp-content\/uploads\/2025\/02\/Kletterpark_Sayn-12.jpg 960w, https:\/\/walderlebnispfade.de\/wp-content\/uploads\/2025\/02\/Kletterpark_Sayn-12-225x300.jpg 225w, https:\/\/walderlebnispfade.de\/wp-content\/uploads\/2025\/02\/Kletterpark_Sayn-12-768x1024.jpg 768w\" sizes=\"auto, (max-width: 960px) 100vw, 960px\" \/><\/li><li class=\"glide__slide\"><img decoding=\"async\" width=\"960\" height=\"1280\" loading=\"lazy\" class=\"wp-image-6160\" src=\"https:\/\/walderlebnispfade.de\/wp-content\/uploads\/2025\/02\/Kletterpark_Sayn-13.jpg\" alt=\"Bild eines Parcours des Kletterparks Sayn\" data-id=\"6160\" tabindex=\"0\" srcset=\"https:\/\/walderlebnispfade.de\/wp-content\/uploads\/2025\/02\/Kletterpark_Sayn-13.jpg 960w, https:\/\/walderlebnispfade.de\/wp-content\/uploads\/2025\/02\/Kletterpark_Sayn-13-225x300.jpg 225w, https:\/\/walderlebnispfade.de\/wp-content\/uploads\/2025\/02\/Kletterpark_Sayn-13-768x1024.jpg 768w\" sizes=\"auto, (max-width: 960px) 100vw, 960px\" \/><\/li><li class=\"glide__slide\"><img decoding=\"async\" width=\"918\" height=\"1280\" loading=\"lazy\" class=\"wp-image-6116\" src=\"https:\/\/walderlebnispfade.de\/wp-content\/uploads\/2025\/02\/Kletterpark_Sayn-2.jpg\" alt=\"Bild mit den Wegeweisern zu den Parcours im Kletterpark.\" data-id=\"6116\" tabindex=\"0\" srcset=\"https:\/\/walderlebnispfade.de\/wp-content\/uploads\/2025\/02\/Kletterpark_Sayn-2.jpg 918w, https:\/\/walderlebnispfade.de\/wp-content\/uploads\/2025\/02\/Kletterpark_Sayn-2-215x300.jpg 215w, https:\/\/walderlebnispfade.de\/wp-content\/uploads\/2025\/02\/Kletterpark_Sayn-2-734x1024.jpg 734w, https:\/\/walderlebnispfade.de\/wp-content\/uploads\/2025\/02\/Kletterpark_Sayn-2-768x1071.jpg 768w\" sizes=\"auto, (max-width: 918px) 100vw, 918px\" \/><\/li><\/ul><\/div><\/div><\/div>\n<\/div><\/div>\n\n<\/div><\/div>\n<h2 class=\"wp-block-heading\">Conclusion sur le parc d&rsquo;escalade de Sayn<\/h2>\n\n<p>Si vous avez besoin d&rsquo;une pause, vous pouvez vous reposer sur l&rsquo;aire de pique-nique et regarder les autres grimper tout en d\u00e9gustant une boisson fra\u00eeche et un snack. Il y a un kiosque, mais il est \u00e9galement possible de se restaurer soi-m\u00eame. Nous avons grimp\u00e9 six voies au total et nous nous sommes beaucoup amus\u00e9s. Nous avons \u00e9t\u00e9 particuli\u00e8rement impressionn\u00e9s par la diversit\u00e9 des stations : Des ponts suspendus, des filets branlants, des tyroliennes et des \u00e9l\u00e9ments d&rsquo;\u00e9quilibre nous ont permis de varier les plaisirs. La mont\u00e9e d&rsquo;adr\u00e9naline \u00e9tait garantie lorsque nous nous sommes essay\u00e9s aux parcours en hauteur \u2013 avec une vue fantastique en r\u00e9compense. Pendant tout notre s\u00e9jour, nous n&rsquo;avons rien remarqu\u00e9 de n\u00e9gatif et nous pouvons recommander sans r\u00e9serve le Kletterwald Sayn. Si vous cherchez d&rsquo;autres aventures, consultez notre <a href=\"https:\/\/walderlebnispfade.de\/fr\/experiences-en-foret\/\" data-type=\"page\" data-id=\"228\">recherche d&rsquo;exp\u00e9riences<\/a>.      <\/p>\n\n<h3 class=\"wp-block-heading\">Vid\u00e9o du parc d&rsquo;escalade Sayn pr\u00e8s de Bendorf \/ Neuwied<\/h3>\n\n<figure class=\"wp-block-embed is-type-video is-provider-youtube wp-block-embed-youtube wp-embed-aspect-16-9 wp-has-aspect-ratio\"><div class=\"wp-block-embed__wrapper\">\n<iframe loading=\"lazy\" hcb-fetch-image-from=\"https:\/\/youtu.be\/3-QzzvTGPko?si=6vW34VOPdAVdfI0u\" title=\"Erlebnisbericht Kletterwald Bendorf Sayn\" width=\"720\" height=\"405\" src=\"https:\/\/www.youtube.com\/embed\/3-QzzvTGPko?feature=oembed\" frameborder=\"0\" allow=\"accelerometer; autoplay; clipboard-write; encrypted-media; gyroscope; picture-in-picture; web-share\" referrerpolicy=\"strict-origin-when-cross-origin\" allowfullscreen><\/iframe>\n<\/div><\/figure>\n\n<h2 class=\"wp-block-heading\">Coordonn\u00e9es de Freiraum Kletterwald Sayn<\/h2>\n\n<p>Kletterwald Sayn<br\/>Im Brexbachtal<br\/>56170 Bendorf \/ Sayn<br\/>T\u00e9l. : 02622-9869260<br\/>E-mail : info@freiraum-erlebnis.de<\/p>\n\n<figure class=\"wp-block-embed is-type-wp-embed is-provider-freiraum-kletterwald-sayn wp-block-embed-freiraum-kletterwald-sayn\"><div class=\"wp-block-embed__wrapper\">\n<blockquote hcb-fetch-image-from=\"https:\/\/kletterwald-sayn.de\/\" class=\"wp-embedded-content\" data-secret=\"VmUdC8ifjc\"><a href=\"https:\/\/kletterwald-sayn.de\/\" target=\"_blank\" rel=\"noopener\">Der Kletterwald<\/a><\/blockquote><iframe loading=\"lazy\" class=\"wp-embedded-content\" sandbox=\"allow-scripts\" security=\"restricted\" style=\"position: absolute; visibility: hidden;\" title=\"&#8222;Der Kletterwald&#8220; &#8212; Freiraum Kletterwald Sayn\" src=\"https:\/\/kletterwald-sayn.de\/embed\/#?secret=JN6Pzl0uNV#?secret=VmUdC8ifjc\" data-secret=\"VmUdC8ifjc\" width=\"600\" height=\"338\" frameborder=\"0\" marginwidth=\"0\" marginheight=\"0\" scrolling=\"no\"><\/iframe>\n<\/div><\/figure>\n\n<p><\/p>\n","protected":false},"excerpt":{"rendered":"<p>En septembre, nous avons d\u00e9cid\u00e9 \u00e0 la derni\u00e8re minute de passer des vacances bien-\u00eatre \u00e0 l&rsquo;h\u00f4tel Zugbr\u00fccke de Grenzau. La petite ville de Grenzau est situ\u00e9e en haut de la&#8230;<\/p>\n","protected":false},"author":2,"featured_media":6202,"comment_status":"open","ping_status":"open","sticky":false,"template":"","format":"standard","meta":{"_kad_blocks_custom_css":"","_kad_blocks_head_custom_js":"","_kad_blocks_body_custom_js":"","_kad_blocks_footer_custom_js":"","_kad_post_transparent":"","_kad_post_title":"","_kad_post_layout":"","_kad_post_sidebar_id":"","_kad_post_content_style":"","_kad_post_vertical_padding":"","_kad_post_feature":"","_kad_post_feature_position":"","_kad_post_header":false,"_kad_post_footer":false,"_kad_post_classname":"","yasr_overall_rating":0,"yasr_post_is_review":"","yasr_auto_insert_disabled":"","yasr_review_type":"","footnotes":""},"categories":[117],"tags":[212],"class_list":["post-6220","post","type-post","status-publish","format-standard","has-post-thumbnail","hentry","category-erlebnisberichte-fr","tag-temoignage"],"yasr_visitor_votes":{"stars_attributes":{"read_only":false,"span_bottom":false},"number_of_votes":0,"sum_votes":0},"taxonomy_info":{"category":[{"value":117,"label":"R\u00e9cits d&#039;exp\u00e9riences"}],"post_tag":[{"value":212,"label":"T\u00e9moignage"}]},"featured_image_src_large":["https:\/\/walderlebnispfade.de\/wp-content\/uploads\/2025\/02\/Kletterwald_Sayn_Header-1024x576.jpg",1024,576,true],"author_info":{"display_name":"Moni","author_link":"https:\/\/walderlebnispfade.de\/fr\/author\/moni\/"},"comment_info":0,"category_info":[{"term_id":117,"name":"R\u00e9cits d&#039;exp\u00e9riences","slug":"erlebnisberichte-fr","term_group":0,"term_taxonomy_id":117,"taxonomy":"category","description":"","parent":0,"count":1,"filter":"raw","cat_ID":117,"category_count":1,"category_description":"","cat_name":"R\u00e9cits d&#039;exp\u00e9riences","category_nicename":"erlebnisberichte-fr","category_parent":0}],"tag_info":[{"term_id":212,"name":"T\u00e9moignage","slug":"temoignage","term_group":0,"term_taxonomy_id":212,"taxonomy":"post_tag","description":"","parent":0,"count":1,"filter":"raw"}],"_links":{"self":[{"href":"https:\/\/walderlebnispfade.de\/fr\/wp-json\/wp\/v2\/posts\/6220","targetHints":{"allow":["GET"]}}],"collection":[{"href":"https:\/\/walderlebnispfade.de\/fr\/wp-json\/wp\/v2\/posts"}],"about":[{"href":"https:\/\/walderlebnispfade.de\/fr\/wp-json\/wp\/v2\/types\/post"}],"author":[{"embeddable":true,"href":"https:\/\/walderlebnispfade.de\/fr\/wp-json\/wp\/v2\/users\/2"}],"replies":[{"embeddable":true,"href":"https:\/\/walderlebnispfade.de\/fr\/wp-json\/wp\/v2\/comments?post=6220"}],"version-history":[{"count":5,"href":"https:\/\/walderlebnispfade.de\/fr\/wp-json\/wp\/v2\/posts\/6220\/revisions"}],"predecessor-version":[{"id":7304,"href":"https:\/\/walderlebnispfade.de\/fr\/wp-json\/wp\/v2\/posts\/6220\/revisions\/7304"}],"wp:featuredmedia":[{"embeddable":true,"href":"https:\/\/walderlebnispfade.de\/fr\/wp-json\/wp\/v2\/media\/6202"}],"wp:attachment":[{"href":"https:\/\/walderlebnispfade.de\/fr\/wp-json\/wp\/v2\/media?parent=6220"}],"wp:term":[{"taxonomy":"category","embeddable":true,"href":"https:\/\/walderlebnispfade.de\/fr\/wp-json\/wp\/v2\/categories?post=6220"},{"taxonomy":"post_tag","embeddable":true,"href":"https:\/\/walderlebnispfade.de\/fr\/wp-json\/wp\/v2\/tags?post=6220"}],"curies":[{"name":"wp","href":"https:\/\/api.w.org\/{rel}","templated":true}]}}