{"id":6226,"date":"2024-07-26T13:52:43","date_gmt":"2024-07-26T11:52:43","guid":{"rendered":"https:\/\/walderlebnispfade.de\/sentiers-de-la-cime-des-arbres-en-europe\/"},"modified":"2025-10-30T17:12:04","modified_gmt":"2025-10-30T16:12:04","slug":"sentiers-de-la-cime-des-arbres-en-europe","status":"publish","type":"post","link":"https:\/\/walderlebnispfade.de\/fr\/sentiers-de-la-cime-des-arbres-en-europe\/","title":{"rendered":"Sentiers de la cime des arbres en Europe"},"content":{"rendered":"<style>.kb-row-layout-id5843_3e774b-e5 > .kt-row-column-wrap{align-content:start;}:where(.kb-row-layout-id5843_3e774b-e5 > .kt-row-column-wrap) > .wp-block-kadence-column{justify-content:start;}.kb-row-layout-id5843_3e774b-e5 > .kt-row-column-wrap{column-gap:var(--global-kb-gap-md, 2rem);row-gap:var(--global-kb-gap-md, 2rem);padding-top:var(--global-kb-spacing-sm, 1.5rem);padding-bottom:var(--global-kb-spacing-sm, 1.5rem);grid-template-columns:minmax(0, 1fr);}.kb-row-layout-id5843_3e774b-e5 > .kt-row-layout-overlay{opacity:0.30;}@media all and (max-width: 1024px){.kb-row-layout-id5843_3e774b-e5 > .kt-row-column-wrap{grid-template-columns:minmax(0, 1fr);}}@media all and (max-width: 767px){.kb-row-layout-id5843_3e774b-e5 > .kt-row-column-wrap{grid-template-columns:minmax(0, 1fr);}}<\/style><div class=\"kb-row-layout-wrap kb-row-layout-id5843_3e774b-e5 alignnone wp-block-kadence-rowlayout\"><div class=\"kt-row-column-wrap kt-has-1-columns kt-row-layout-equal kt-tab-layout-inherit kt-mobile-layout-row kt-row-valign-top\">\n<style>.kadence-column5843_bd8d8f-f7 > .kt-inside-inner-col,.kadence-column5843_bd8d8f-f7 > .kt-inside-inner-col:before{border-top-left-radius:0px;border-top-right-radius:0px;border-bottom-right-radius:0px;border-bottom-left-radius:0px;}.kadence-column5843_bd8d8f-f7 > .kt-inside-inner-col{column-gap:var(--global-kb-gap-sm, 1rem);}.kadence-column5843_bd8d8f-f7 > .kt-inside-inner-col{flex-direction:column;}.kadence-column5843_bd8d8f-f7 > .kt-inside-inner-col > .aligncenter{width:100%;}.kadence-column5843_bd8d8f-f7 > .kt-inside-inner-col:before{opacity:0.3;}.kadence-column5843_bd8d8f-f7{position:relative;}@media all and (max-width: 1024px){.kadence-column5843_bd8d8f-f7 > .kt-inside-inner-col{flex-direction:column;justify-content:center;}}@media all and (max-width: 767px){.kadence-column5843_bd8d8f-f7 > .kt-inside-inner-col{flex-direction:column;justify-content:center;}}<\/style>\n<div class=\"wp-block-kadence-column kadence-column5843_bd8d8f-f7\"><div class=\"kt-inside-inner-col\"><style>.kadence-column5843_5fa9e4-58 > .kt-inside-inner-col,.kadence-column5843_5fa9e4-58 > .kt-inside-inner-col:before{border-top-left-radius:0px;border-top-right-radius:0px;border-bottom-right-radius:0px;border-bottom-left-radius:0px;}.kadence-column5843_5fa9e4-58 > .kt-inside-inner-col{column-gap:var(--global-kb-gap-sm, 1rem);}.kadence-column5843_5fa9e4-58 > .kt-inside-inner-col{flex-direction:column;}.kadence-column5843_5fa9e4-58 > .kt-inside-inner-col > .aligncenter{width:100%;}.kadence-column5843_5fa9e4-58 > .kt-inside-inner-col:before{opacity:0.3;}.kadence-column5843_5fa9e4-58{position:relative;}@media all and (max-width: 1024px){.kadence-column5843_5fa9e4-58 > .kt-inside-inner-col{flex-direction:column;justify-content:center;}}@media all and (max-width: 767px){.kadence-column5843_5fa9e4-58 > .kt-inside-inner-col{flex-direction:column;justify-content:center;}}<\/style>\n<div class=\"wp-block-kadence-column kadence-column5843_5fa9e4-58\"><div class=\"kt-inside-inner-col\"><style>.wp-block-kadence-advancedheading.kt-adv-heading5843_4c499d-b7, .wp-block-kadence-advancedheading.kt-adv-heading5843_4c499d-b7[data-kb-block=\"kb-adv-heading5843_4c499d-b7\"]{font-style:normal;}.wp-block-kadence-advancedheading.kt-adv-heading5843_4c499d-b7 mark.kt-highlight, .wp-block-kadence-advancedheading.kt-adv-heading5843_4c499d-b7[data-kb-block=\"kb-adv-heading5843_4c499d-b7\"] mark.kt-highlight{font-style:normal;color:#f76a0c;-webkit-box-decoration-break:clone;box-decoration-break:clone;padding-top:0px;padding-right:0px;padding-bottom:0px;padding-left:0px;}.wp-block-kadence-advancedheading.kt-adv-heading5843_4c499d-b7 img.kb-inline-image, .wp-block-kadence-advancedheading.kt-adv-heading5843_4c499d-b7[data-kb-block=\"kb-adv-heading5843_4c499d-b7\"] img.kb-inline-image{width:150px;vertical-align:baseline;}<\/style>\n<h2 class=\"kt-adv-heading5843_4c499d-b7 wp-block-kadence-advancedheading\" data-kb-block=\"kb-adv-heading5843_4c499d-b7\"><strong>D\u00e9couvrez les cimes des arbres en Europe \u2013 votre aper\u00e7u ultime de tous les sentiers de cimes connus<\/strong><\/h2>\n\n\n\n<p>Bienvenue dans notre aper\u00e7u complet des sentiers de la canop\u00e9e les plus fascinants d&rsquo;Europe ! Dans cet article, nous avons compil\u00e9 une liste d\u00e9taill\u00e9e de tous les sentiers de la canop\u00e9e connus, class\u00e9s par pays et par \u00c9tat. De plus, nous vous proposons une carte g\u00e9n\u00e9rale pratique qui vous aidera \u00e0 trouver rapidement et facilement l&#8217;emplacement des sentiers de la canop\u00e9e. Que vous souhaitiez partir \u00e0 l&rsquo;aventure dans les for\u00eats d&rsquo;Allemagne, profiter d&rsquo;une vue imprenable dans les Alpes autrichiennes ou explorer la majestueuse canop\u00e9e de Scandinavie, notre liste a de quoi satisfaire tous les amoureux de la nature et de l&rsquo;aventure.   <\/p>\n\n\n<style>.kb-table-of-content-nav.kb-table-of-content-id5843_484a32-67 .kb-table-of-content-wrap{padding-top:var(--global-kb-spacing-sm, 1.5rem);padding-right:var(--global-kb-spacing-sm, 1.5rem);padding-bottom:var(--global-kb-spacing-sm, 1.5rem);padding-left:var(--global-kb-spacing-sm, 1.5rem);background-color:var(--global-palette8, #F7FAFC);box-shadow:inset 0px 0px 14px 0px rgba(0, 0, 0, 0.2);}.kb-table-of-content-nav.kb-table-of-content-id5843_484a32-67 .kb-table-of-contents-title-wrap{padding-top:0px;padding-right:0px;padding-bottom:0px;padding-left:0px;}.kb-table-of-content-nav.kb-table-of-content-id5843_484a32-67 .kb-table-of-contents-title{font-weight:regular;font-style:normal;}.kb-table-of-content-nav.kb-table-of-content-id5843_484a32-67 .kb-table-of-content-wrap .kb-table-of-content-list{font-weight:regular;font-style:normal;margin-top:var(--global-kb-spacing-sm, 1.5rem);margin-right:0px;margin-bottom:0px;margin-left:0px;}.kb-table-of-content-nav.kb-table-of-content-id5843_484a32-67 .kb-toggle-icon-style-basiccircle .kb-table-of-contents-icon-trigger:after, .kb-table-of-content-nav.kb-table-of-content-id5843_484a32-67 .kb-toggle-icon-style-basiccircle .kb-table-of-contents-icon-trigger:before, .kb-table-of-content-nav.kb-table-of-content-id5843_484a32-67 .kb-toggle-icon-style-arrowcircle .kb-table-of-contents-icon-trigger:after, .kb-table-of-content-nav.kb-table-of-content-id5843_484a32-67 .kb-toggle-icon-style-arrowcircle .kb-table-of-contents-icon-trigger:before, .kb-table-of-content-nav.kb-table-of-content-id5843_484a32-67 .kb-toggle-icon-style-xclosecircle .kb-table-of-contents-icon-trigger:after, .kb-table-of-content-nav.kb-table-of-content-id5843_484a32-67 .kb-toggle-icon-style-xclosecircle .kb-table-of-contents-icon-trigger:before{background-color:var(--global-palette8, #F7FAFC);}<\/style><\/div><\/div>\n<\/div><\/div>\n\n<\/div><\/div><style>.kb-row-layout-id5843_afb712-e5 > .kt-row-column-wrap{align-content:start;}:where(.kb-row-layout-id5843_afb712-e5 > .kt-row-column-wrap) > .wp-block-kadence-column{justify-content:start;}.kb-row-layout-id5843_afb712-e5 > .kt-row-column-wrap{column-gap:var(--global-kb-gap-md, 2rem);row-gap:var(--global-kb-gap-md, 2rem);padding-top:var(--global-kb-spacing-sm, 1.5rem);padding-bottom:var(--global-kb-spacing-sm, 1.5rem);grid-template-columns:minmax(0, 1fr);}.kb-row-layout-id5843_afb712-e5 > .kt-row-layout-overlay{opacity:0.30;}@media all and (max-width: 1024px){.kb-row-layout-id5843_afb712-e5 > .kt-row-column-wrap{grid-template-columns:minmax(0, 1fr);}}@media all and (max-width: 767px){.kb-row-layout-id5843_afb712-e5 > .kt-row-column-wrap{grid-template-columns:minmax(0, 1fr);}}<\/style><div class=\"kb-row-layout-wrap kb-row-layout-id5843_afb712-e5 alignnone wp-block-kadence-rowlayout\"><div class=\"kt-row-column-wrap kt-has-1-columns kt-row-layout-equal kt-tab-layout-inherit kt-mobile-layout-row kt-row-valign-top\">\n<style>.kadence-column5843_87c7fb-d3 > .kt-inside-inner-col,.kadence-column5843_87c7fb-d3 > .kt-inside-inner-col:before{border-top-left-radius:0px;border-top-right-radius:0px;border-bottom-right-radius:0px;border-bottom-left-radius:0px;}.kadence-column5843_87c7fb-d3 > .kt-inside-inner-col{column-gap:var(--global-kb-gap-sm, 1rem);}.kadence-column5843_87c7fb-d3 > .kt-inside-inner-col{flex-direction:column;}.kadence-column5843_87c7fb-d3 > .kt-inside-inner-col > .aligncenter{width:100%;}.kadence-column5843_87c7fb-d3 > .kt-inside-inner-col:before{opacity:0.3;}.kadence-column5843_87c7fb-d3{position:relative;}@media all and (max-width: 1024px){.kadence-column5843_87c7fb-d3 > .kt-inside-inner-col{flex-direction:column;justify-content:center;}}@media all and (max-width: 767px){.kadence-column5843_87c7fb-d3 > .kt-inside-inner-col{flex-direction:column;justify-content:center;}}<\/style>\n<div class=\"wp-block-kadence-column kadence-column5843_87c7fb-d3\"><div class=\"kt-inside-inner-col\"><style>.kadence-column5843_145cc4-02 > .kt-inside-inner-col,.kadence-column5843_145cc4-02 > .kt-inside-inner-col:before{border-top-left-radius:0px;border-top-right-radius:0px;border-bottom-right-radius:0px;border-bottom-left-radius:0px;}.kadence-column5843_145cc4-02 > .kt-inside-inner-col{column-gap:var(--global-kb-gap-sm, 1rem);}.kadence-column5843_145cc4-02 > .kt-inside-inner-col{flex-direction:column;}.kadence-column5843_145cc4-02 > .kt-inside-inner-col > .aligncenter{width:100%;}.kadence-column5843_145cc4-02 > .kt-inside-inner-col:before{opacity:0.3;}.kadence-column5843_145cc4-02{position:relative;}@media all and (max-width: 1024px){.kadence-column5843_145cc4-02 > .kt-inside-inner-col{flex-direction:column;justify-content:center;}}@media all and (max-width: 767px){.kadence-column5843_145cc4-02 > .kt-inside-inner-col{flex-direction:column;justify-content:center;}}<\/style>\n<div class=\"wp-block-kadence-column kadence-column5843_145cc4-02\"><div class=\"kt-inside-inner-col\"><style>.wp-block-kadence-advancedheading.kt-adv-heading5843_debcdf-5c, .wp-block-kadence-advancedheading.kt-adv-heading5843_debcdf-5c[data-kb-block=\"kb-adv-heading5843_debcdf-5c\"]{font-style:normal;}.wp-block-kadence-advancedheading.kt-adv-heading5843_debcdf-5c mark.kt-highlight, .wp-block-kadence-advancedheading.kt-adv-heading5843_debcdf-5c[data-kb-block=\"kb-adv-heading5843_debcdf-5c\"] mark.kt-highlight{font-style:normal;color:#f76a0c;-webkit-box-decoration-break:clone;box-decoration-break:clone;padding-top:0px;padding-right:0px;padding-bottom:0px;padding-left:0px;}.wp-block-kadence-advancedheading.kt-adv-heading5843_debcdf-5c img.kb-inline-image, .wp-block-kadence-advancedheading.kt-adv-heading5843_debcdf-5c[data-kb-block=\"kb-adv-heading5843_debcdf-5c\"] img.kb-inline-image{width:150px;vertical-align:baseline;}<\/style>\n<h3 class=\"kt-adv-heading5843_debcdf-5c wp-block-kadence-advancedheading\" data-kb-block=\"kb-adv-heading5843_debcdf-5c\"><strong>Ce qui rend les sentiers de la cime des arbres si particuliers<\/strong><\/h3>\n\n\n\n<p>Les sentiers de la cime des arbres, \u00e9galement appel\u00e9s sentiers de la canop\u00e9e ou sentiers de la cime des arbres, sont des constructions uniques qui vous permettent de d\u00e9couvrir la for\u00eat sous une toute nouvelle perspective. Ces sentiers sur\u00e9lev\u00e9s vous conduisent \u00e0 travers la canop\u00e9e et vous offrent des vues \u00e0 couper le souffle que vous n&rsquo;auriez pas pu voir autrement. Tout en marchant sur les passerelles en bois ou en acier, vous pouvez appr\u00e9cier la beaut\u00e9 et la tranquillit\u00e9 de la nature.  <\/p>\n\n\n\n<p>Les stations d&rsquo;information int\u00e9gr\u00e9es, qui vous permettent d&rsquo;acqu\u00e9rir des connaissances passionnantes sur la flore et la faune locales, constituent un point fort particulier de nombreux sentiers des cimes foresti\u00e8res. Il y a souvent aussi des \u00e9l\u00e9ments interactifs et des modules d&rsquo;aventure qui sont particuli\u00e8rement int\u00e9ressants pour les familles avec enfants. Les constructions sont con\u00e7ues pour convenir \u00e0 tous les \u00e2ges et \u00e0 tous les niveaux de forme physique et offrent \u00e0 la fois des promenades relaxantes et de petites aventures.  <\/p>\n\n\n\n<p>Les sentiers de la cime des arbres ne sont pas seulement une merveilleuse fa\u00e7on d&rsquo;explorer la nature, ils favorisent \u00e9galement une prise de conscience de l&rsquo;environnement et de la pr\u00e9servation de nos for\u00eats. Ils offrent une occasion unique de voir de pr\u00e8s les merveilles de la nature sans les d\u00e9ranger. <\/p>\n\n\n\n<p><strong>D\u00e9couvrez d\u00e8s maintenant notre aper\u00e7u complet et planifiez votre prochaine excursion au sommet des arbres en Europe !<\/strong><\/p>\n\n\n\n<h3 class=\"wp-block-heading\" id=\"kartenansicht-der-baumhaeuser-in-deutschland\">Vue cartographique des sentiers de la canop\u00e9e en Europe<\/h3>\n\n\n\n<p>Sur la carte, vous pouvez filtrer par pays en affichant la barre de menu de gauche. Pour cela, il suffit de cliquer sur l&rsquo;ic\u00f4ne en haut \u00e0 gauche. <\/p>\n\n\n<style>.kadence-column5843_56510a-3e > .kt-inside-inner-col{display:flex;}.kadence-column5843_56510a-3e > .kt-inside-inner-col,.kadence-column5843_56510a-3e > .kt-inside-inner-col:before{border-top-left-radius:0px;border-top-right-radius:0px;border-bottom-right-radius:0px;border-bottom-left-radius:0px;}.kadence-column5843_56510a-3e > .kt-inside-inner-col{column-gap:var(--global-kb-gap-sm, 1rem);}.kadence-column5843_56510a-3e > .kt-inside-inner-col{flex-direction:column;align-items:center;}.kadence-column5843_56510a-3e > .kt-inside-inner-col > .kb-image-is-ratio-size{align-self:stretch;}.kadence-column5843_56510a-3e > .kt-inside-inner-col > .wp-block-kadence-advancedgallery{align-self:stretch;}.kadence-column5843_56510a-3e > .kt-inside-inner-col > .aligncenter{width:100%;}.kadence-column5843_56510a-3e > .kt-inside-inner-col:before{opacity:0.3;}.kadence-column5843_56510a-3e{position:relative;}@media all and (max-width: 1024px){.kadence-column5843_56510a-3e > .kt-inside-inner-col{flex-direction:column;justify-content:center;align-items:center;}}@media all and (max-width: 767px){.kadence-column5843_56510a-3e > .kt-inside-inner-col{flex-direction:column;justify-content:center;align-items:center;}}<\/style>\n<div class=\"wp-block-kadence-column kadence-column5843_56510a-3e\"><div class=\"kt-inside-inner-col\">\n<iframe loading=\"lazy\" src=\"https:\/\/www.google.com\/maps\/d\/u\/0\/embed?mid=1nc0v8Fm2n_7k1cQuv7Wul4aromBliGg&#038;ehbc=2E312F&#038;noprof=1\" width=\"1024\" height=\"480\"><\/iframe>\n<\/div><\/div>\n<\/div><\/div>\n<\/div><\/div>\n\n<\/div><\/div><style>.kb-row-layout-id5843_dcc550-97 > .kt-row-column-wrap{align-content:start;}:where(.kb-row-layout-id5843_dcc550-97 > .kt-row-column-wrap) > .wp-block-kadence-column{justify-content:start;}.kb-row-layout-id5843_dcc550-97 > .kt-row-column-wrap{column-gap:var(--global-kb-gap-md, 2rem);row-gap:var(--global-kb-gap-md, 2rem);padding-top:var(--global-kb-spacing-sm, 1.5rem);padding-bottom:var(--global-kb-spacing-sm, 1.5rem);grid-template-columns:minmax(0, 1fr);}.kb-row-layout-id5843_dcc550-97 > .kt-row-layout-overlay{opacity:0.30;}@media all and (max-width: 1024px){.kb-row-layout-id5843_dcc550-97 > .kt-row-column-wrap{grid-template-columns:minmax(0, 1fr);}}@media all and (max-width: 767px){.kb-row-layout-id5843_dcc550-97 > .kt-row-column-wrap{grid-template-columns:minmax(0, 1fr);}}<\/style><div class=\"kb-row-layout-wrap kb-row-layout-id5843_dcc550-97 alignnone wp-block-kadence-rowlayout\"><div class=\"kt-row-column-wrap kt-has-1-columns kt-row-layout-equal kt-tab-layout-inherit kt-mobile-layout-row kt-row-valign-top\">\n<style>.kadence-column5843_c354e2-a3 > .kt-inside-inner-col{display:flex;}.kadence-column5843_c354e2-a3 > .kt-inside-inner-col{padding-top:var(--global-kb-spacing-xs, 1rem);padding-right:var(--global-kb-spacing-xs, 1rem);padding-bottom:var(--global-kb-spacing-xs, 1rem);padding-left:var(--global-kb-spacing-xs, 1rem);}.kadence-column5843_c354e2-a3 > .kt-inside-inner-col{box-shadow:0px 0px 14px 0px rgba(0, 0, 0, 0.2);}.kadence-column5843_c354e2-a3 > .kt-inside-inner-col,.kadence-column5843_c354e2-a3 > .kt-inside-inner-col:before{border-top-left-radius:0px;border-top-right-radius:0px;border-bottom-right-radius:0px;border-bottom-left-radius:0px;}.kadence-column5843_c354e2-a3 > .kt-inside-inner-col{column-gap:var(--global-kb-gap-sm, 1rem);}.kadence-column5843_c354e2-a3 > .kt-inside-inner-col{flex-direction:column;align-items:center;}.kadence-column5843_c354e2-a3 > .kt-inside-inner-col > .kb-image-is-ratio-size{align-self:stretch;}.kadence-column5843_c354e2-a3 > .kt-inside-inner-col > .wp-block-kadence-advancedgallery{align-self:stretch;}.kadence-column5843_c354e2-a3 > .kt-inside-inner-col > .aligncenter{width:100%;}.kadence-column5843_c354e2-a3 > .kt-inside-inner-col{background-color:var(--global-palette8, #F7FAFC);}.kadence-column5843_c354e2-a3 > .kt-inside-inner-col:before{opacity:0.3;}.kadence-column5843_c354e2-a3{position:relative;}@media all and (max-width: 1024px){.kadence-column5843_c354e2-a3 > .kt-inside-inner-col{flex-direction:column;justify-content:center;align-items:center;}}@media all and (max-width: 767px){.kadence-column5843_c354e2-a3 > .kt-inside-inner-col{flex-direction:column;justify-content:center;align-items:center;}}<\/style>\n<div class=\"wp-block-kadence-column kadence-column5843_c354e2-a3\"><div class=\"kt-inside-inner-col\">\n<p>Veuillez \u00e9valuer cet aper\u00e7u des sentiers de la cime des arbres en Europe. Vous nous aidez ainsi que les autres amoureux de la nature. Merci beaucoup \ud83d\ude42 !  <\/p>\n\n\n\n<div class=\"wp-block-yet-another-stars-rating-visitor-votes aligncenter yasr-vv-block\"><\/div>\n<\/div><\/div>\n\n<\/div><\/div><style>.kb-row-layout-id5843_aa95aa-30 > .kt-row-column-wrap{align-content:start;}:where(.kb-row-layout-id5843_aa95aa-30 > .kt-row-column-wrap) > .wp-block-kadence-column{justify-content:start;}.kb-row-layout-id5843_aa95aa-30 > .kt-row-column-wrap{column-gap:var(--global-kb-gap-md, 2rem);row-gap:var(--global-kb-gap-md, 2rem);padding-top:var(--global-kb-spacing-sm, 1.5rem);padding-bottom:var(--global-kb-spacing-sm, 1.5rem);grid-template-columns:minmax(0, calc(50% - ((var(--global-kb-gap-md, 2rem) * 1 )\/2)))minmax(0, calc(50% - ((var(--global-kb-gap-md, 2rem) * 1 )\/2)));}.kb-row-layout-id5843_aa95aa-30 > .kt-row-layout-overlay{opacity:0.30;}@media all and (max-width: 1024px){.kb-row-layout-id5843_aa95aa-30 > .kt-row-column-wrap{grid-template-columns:minmax(0, 2fr) minmax(0, 1fr);}}@media all and (max-width: 767px){.kb-row-layout-id5843_aa95aa-30 > .kt-row-column-wrap{grid-template-columns:minmax(0, 1fr);}}<\/style><div class=\"kb-row-layout-wrap kb-row-layout-id5843_aa95aa-30 alignnone wp-block-kadence-rowlayout\"><div class=\"kt-row-column-wrap kt-has-2-columns kt-row-layout-left-golden kt-tab-layout-inherit kt-mobile-layout-row kt-row-valign-top\">\n<style>.kadence-column5843_5f80e5-24 > .kt-inside-inner-col,.kadence-column5843_5f80e5-24 > .kt-inside-inner-col:before{border-top-left-radius:0px;border-top-right-radius:0px;border-bottom-right-radius:0px;border-bottom-left-radius:0px;}.kadence-column5843_5f80e5-24 > .kt-inside-inner-col{column-gap:var(--global-kb-gap-sm, 1rem);}.kadence-column5843_5f80e5-24 > .kt-inside-inner-col{flex-direction:column;}.kadence-column5843_5f80e5-24 > .kt-inside-inner-col > .aligncenter{width:100%;}.kadence-column5843_5f80e5-24 > .kt-inside-inner-col:before{opacity:0.3;}.kadence-column5843_5f80e5-24{position:relative;}@media all and (max-width: 1024px){.kadence-column5843_5f80e5-24 > .kt-inside-inner-col{flex-direction:column;justify-content:center;}}@media all and (max-width: 767px){.kadence-column5843_5f80e5-24 > .kt-inside-inner-col{flex-direction:column;justify-content:center;}}<\/style>\n<div class=\"wp-block-kadence-column kadence-column5843_5f80e5-24\"><div class=\"kt-inside-inner-col\"><style>.wp-block-kadence-advancedheading.kt-adv-heading5843_8fa725-64, .wp-block-kadence-advancedheading.kt-adv-heading5843_8fa725-64[data-kb-block=\"kb-adv-heading5843_8fa725-64\"]{font-style:normal;}.wp-block-kadence-advancedheading.kt-adv-heading5843_8fa725-64 mark.kt-highlight, .wp-block-kadence-advancedheading.kt-adv-heading5843_8fa725-64[data-kb-block=\"kb-adv-heading5843_8fa725-64\"] mark.kt-highlight{font-style:normal;color:#f76a0c;-webkit-box-decoration-break:clone;box-decoration-break:clone;padding-top:0px;padding-right:0px;padding-bottom:0px;padding-left:0px;}.wp-block-kadence-advancedheading.kt-adv-heading5843_8fa725-64 img.kb-inline-image, .wp-block-kadence-advancedheading.kt-adv-heading5843_8fa725-64[data-kb-block=\"kb-adv-heading5843_8fa725-64\"] img.kb-inline-image{width:150px;vertical-align:baseline;}<\/style>\n<h2 class=\"kt-adv-heading5843_8fa725-64 wp-block-kadence-advancedheading\" data-kb-block=\"kb-adv-heading5843_8fa725-64\">Sentiers de la cime des arbres en Allemagne  <\/h2>\n<\/div><\/div>\n\n\n<style>.kadence-column5843_5b42c0-6a > .kt-inside-inner-col,.kadence-column5843_5b42c0-6a > .kt-inside-inner-col:before{border-top-left-radius:0px;border-top-right-radius:0px;border-bottom-right-radius:0px;border-bottom-left-radius:0px;}.kadence-column5843_5b42c0-6a > .kt-inside-inner-col{column-gap:var(--global-kb-gap-sm, 1rem);}.kadence-column5843_5b42c0-6a > .kt-inside-inner-col{flex-direction:column;}.kadence-column5843_5b42c0-6a > .kt-inside-inner-col > .aligncenter{width:100%;}.kadence-column5843_5b42c0-6a > .kt-inside-inner-col:before{opacity:0.3;}.kadence-column5843_5b42c0-6a{position:relative;}@media all and (max-width: 1024px){.kadence-column5843_5b42c0-6a > .kt-inside-inner-col{flex-direction:column;justify-content:center;}}@media all and (max-width: 767px){.kadence-column5843_5b42c0-6a > .kt-inside-inner-col{flex-direction:column;justify-content:center;}}<\/style>\n<div class=\"wp-block-kadence-column kadence-column5843_5b42c0-6a\"><div class=\"kt-inside-inner-col\"><style>.kb-image5843_494a58-e5.kb-image-is-ratio-size, .kb-image5843_494a58-e5 .kb-image-is-ratio-size{max-width:50px;width:100%;}.wp-block-kadence-column > .kt-inside-inner-col > .kb-image5843_494a58-e5.kb-image-is-ratio-size, .wp-block-kadence-column > .kt-inside-inner-col > .kb-image5843_494a58-e5 .kb-image-is-ratio-size{align-self:unset;}.kb-image5843_494a58-e5{max-width:50px;}.image-is-svg.kb-image5843_494a58-e5{-webkit-flex:0 1 100%;flex:0 1 100%;}.image-is-svg.kb-image5843_494a58-e5 img{width:100%;}.kb-image5843_494a58-e5 .kb-image-has-overlay:after{opacity:0.3;}<\/style>\n<figure class=\"wp-block-kadence-image kb-image5843_494a58-e5 size-full\"><img loading=\"lazy\" decoding=\"async\" width=\"255\" height=\"171\" src=\"https:\/\/walderlebnispfade.de\/wp-content\/uploads\/2024\/07\/Flagge_Deutschland.jpg\" alt=\"Sentiers de la cime des arbres en Allemagne\" class=\"kb-img wp-image-5897\"><\/figure>\n<\/div><\/div>\n\n<\/div><\/div>\n<p>Vous trouverez ci-dessous un aper\u00e7u de 20 parcours int\u00e9ressants et passionnants \u00e0 la cime des arbres en Allemagne. Pour des raisons de clart\u00e9, j&rsquo;ai r\u00e9parti les adresses dans les tableaux par Land. Derri\u00e8re le nom du sentier des cimes, vous trouverez (s&rsquo;il a d\u00e9j\u00e0 \u00e9t\u00e9 cr\u00e9\u00e9) le lien vers la page d\u00e9taill\u00e9e ici sur Walderlebnispfade.de et le site web renvoie directement \u00e0 l&rsquo;exploitant. Plus bas, vous trouverez 13 sentiers de cimes d&rsquo;autres pays europ\u00e9ens.   <\/p>\n<style>.wp-block-kadence-advancedheading.kt-adv-heading5843_b6f174-79, .wp-block-kadence-advancedheading.kt-adv-heading5843_b6f174-79[data-kb-block=\"kb-adv-heading5843_b6f174-79\"]{font-style:normal;}.wp-block-kadence-advancedheading.kt-adv-heading5843_b6f174-79 mark.kt-highlight, .wp-block-kadence-advancedheading.kt-adv-heading5843_b6f174-79[data-kb-block=\"kb-adv-heading5843_b6f174-79\"] mark.kt-highlight{font-style:normal;color:#f76a0c;-webkit-box-decoration-break:clone;box-decoration-break:clone;padding-top:0px;padding-right:0px;padding-bottom:0px;padding-left:0px;}.wp-block-kadence-advancedheading.kt-adv-heading5843_b6f174-79 img.kb-inline-image, .wp-block-kadence-advancedheading.kt-adv-heading5843_b6f174-79[data-kb-block=\"kb-adv-heading5843_b6f174-79\"] img.kb-inline-image{width:150px;vertical-align:baseline;}<\/style>\n<h3 class=\"kt-adv-heading5843_b6f174-79 wp-block-kadence-advancedheading\" data-kb-block=\"kb-adv-heading5843_b6f174-79\">Sentiers de la cime des arbres dans le Bade-Wurtemberg<\/h3>\n\n<figure class=\"wp-block-table has-small-font-size\"><table><thead><tr><th>Nom du chemin<\/th><th>Adresse<\/th><th>T\u00e9l\u00e9phone<\/th><th>Mail<\/th><th>Site web<\/th><th>Mois d&rsquo;ouverture<\/th><\/tr><\/thead><tbody><tr><td><strong><a href=\"https:\/\/walderlebnispfade.de\/fr\/erlebnisse\/sommet-des-arbres-de-la-foret-noire\/\" data-type=\"erlebnisse\" data-id=\"6604\">For\u00eat-Noire<\/a><\/strong><\/td><td>Peter-Liebig-Weg 16,<br\/>75323 Bad Wildbad<\/td><td>+49 7081 925 0940<\/td><td><a href=\"mailto:info@baumwipfelpfad-schwarzwald.de\">info@baumwipfelpfad-schwarzwald.de<\/a><\/td><td><a href=\"https:\/\/treetop-walks.com\/schwarzwald\/\" target=\"_blank\" rel=\"noreferrer noopener\">treetop-walks.com<\/a><\/td><td>Toute l&rsquo;ann\u00e9e<\/td><\/tr><tr><td><strong><a href=\"https:\/\/walderlebnispfade.de\/fr\/erlebnisse\/sentier-de-la-canopee-a-waldkirch\/\" data-type=\"erlebnisse\" data-id=\"6631\">Waldkirch<\/a><\/strong><\/td><td>Erwin-Sick-Stra\u00dfe,<br\/>79183 Waldkirch<\/td><td>+49 151 504 048 67<\/td><td><a href=\"mailto:info@baumkronenweg-waldkirch.de\">info@baumkronenweg-waldkirch.de<\/a><\/td><td><a href=\"https:\/\/www.baumkronenweg-waldkirch.de\/\" target=\"_blank\" rel=\"noreferrer noopener\">baumkronenweg-waldkirch.de<\/a><\/td><td>Mars-novembre<\/td><\/tr><\/tbody><\/table><figcaption class=\"wp-element-caption\">Sentiers de la canop\u00e9e en BW<\/figcaption><\/figure>\n<style>.wp-block-kadence-advancedheading.kt-adv-heading5843_629f33-6b, .wp-block-kadence-advancedheading.kt-adv-heading5843_629f33-6b[data-kb-block=\"kb-adv-heading5843_629f33-6b\"]{font-style:normal;}.wp-block-kadence-advancedheading.kt-adv-heading5843_629f33-6b mark.kt-highlight, .wp-block-kadence-advancedheading.kt-adv-heading5843_629f33-6b[data-kb-block=\"kb-adv-heading5843_629f33-6b\"] mark.kt-highlight{font-style:normal;color:#f76a0c;-webkit-box-decoration-break:clone;box-decoration-break:clone;padding-top:0px;padding-right:0px;padding-bottom:0px;padding-left:0px;}.wp-block-kadence-advancedheading.kt-adv-heading5843_629f33-6b img.kb-inline-image, .wp-block-kadence-advancedheading.kt-adv-heading5843_629f33-6b[data-kb-block=\"kb-adv-heading5843_629f33-6b\"] img.kb-inline-image{width:150px;vertical-align:baseline;}<\/style>\n<h3 class=\"kt-adv-heading5843_629f33-6b wp-block-kadence-advancedheading\" data-kb-block=\"kb-adv-heading5843_629f33-6b\">Sentiers de la cime des arbres en Bavi\u00e8re<\/h3>\n\n<figure class=\"wp-block-table has-small-font-size\"><table><thead><tr><th>Nom du chemin<\/th><th>Adresse<\/th><th>T\u00e9l\u00e9phone<\/th><th>Mail<\/th><th>Site web<\/th><th>Mois d&rsquo;ouverture<\/th><\/tr><\/thead><tbody><tr><td><a href=\"https:\/\/walderlebnispfade.de\/fr\/erlebnisse\/sentier-des-cimes-steigerwald\/\" data-type=\"erlebnisse\" data-id=\"269\"><strong>Steigerwald<\/strong><\/a><\/td><td>Radstein 2,<br\/>96157 Ebrach<\/td><td>+49 9553 989 801 02<\/td><td><a href=\"mailto:info-baumwipfelpfad@baysf.de\">info-baumwipfelpfad@baysf.de<\/a><\/td><td><a href=\"https:\/\/www.baumwipfelpfadsteigerwald.de\/\" target=\"_blank\" rel=\"noreferrer noopener\">baumwipfelpfadsteigerwald.de<\/a><\/td><td>Toute l&rsquo;ann\u00e9e<\/td><\/tr><tr><td>For\u00eat bavaroise<\/td><td>B\u00f6hmstra\u00dfe 43,<br\/>94556 Neusch\u00f6nau<\/td><td>+49 8558 738 910<\/td><td><a href=\"mailto:info@baumwipfelpfad.bayern\">info@baumwipfelpfad.bayern<\/a><\/td><td><a href=\"https:\/\/treetop-walks.com\/bayerischer-wald\/\" target=\"_blank\" rel=\"noreferrer noopener\">treetop-walks.com<\/a><\/td><td>Toute l&rsquo;ann\u00e9e<\/td><\/tr><tr><td>St. Englmar<\/td><td>Maibrunn 9a,<br\/>94379 Sankt Englmar<\/td><td>+49 9965 800 87<\/td><td><a href=\"mailto:info@waldwipfelweg.de\">info@waldwipfelweg.de<\/a><\/td><td><a href=\"https:\/\/www.waldwipfelweg.de\/\" target=\"_blank\" rel=\"noreferrer noopener\">waldwipfelweg.de<\/a><\/td><td>Toute l&rsquo;ann\u00e9e<\/td><\/tr><tr><td>Ziegelwies<\/td><td>Tiroler Stra\u00dfe 10,<br\/>87629 F\u00fcssen<\/td><td>+49 8341 900 221 50<\/td><td><a href=\"mailto:info@walderlebniszentrum.eu\">info@walderlebniszentrum.eu<\/a><\/td><td><a href=\"https:\/\/www.walderlebniszentrum.eu\/\" target=\"_blank\" rel=\"noreferrer noopener\">walderlebniszentrum.eu<\/a><\/td><td>Mars-novembre<\/td><\/tr><\/tbody><\/table><figcaption class=\"wp-element-caption\">Sentiers de la canop\u00e9e en BY<\/figcaption><\/figure>\n<style>.wp-block-kadence-advancedheading.kt-adv-heading5843_e14fc5-d5, .wp-block-kadence-advancedheading.kt-adv-heading5843_e14fc5-d5[data-kb-block=\"kb-adv-heading5843_e14fc5-d5\"]{font-style:normal;}.wp-block-kadence-advancedheading.kt-adv-heading5843_e14fc5-d5 mark.kt-highlight, .wp-block-kadence-advancedheading.kt-adv-heading5843_e14fc5-d5[data-kb-block=\"kb-adv-heading5843_e14fc5-d5\"] mark.kt-highlight{font-style:normal;color:#f76a0c;-webkit-box-decoration-break:clone;box-decoration-break:clone;padding-top:0px;padding-right:0px;padding-bottom:0px;padding-left:0px;}.wp-block-kadence-advancedheading.kt-adv-heading5843_e14fc5-d5 img.kb-inline-image, .wp-block-kadence-advancedheading.kt-adv-heading5843_e14fc5-d5[data-kb-block=\"kb-adv-heading5843_e14fc5-d5\"] img.kb-inline-image{width:150px;vertical-align:baseline;}<\/style>\n<h3 class=\"kt-adv-heading5843_e14fc5-d5 wp-block-kadence-advancedheading\" data-kb-block=\"kb-adv-heading5843_e14fc5-d5\">Sentiers de la cime des arbres dans le Brandebourg<\/h3>\n\n<figure class=\"wp-block-table has-small-font-size\"><table><thead><tr><th>Nom du chemin<\/th><th>Adresse<\/th><th>T\u00e9l\u00e9phone<\/th><th>Mail<\/th><th>Site web<\/th><th>Mois d&rsquo;ouverture<\/th><\/tr><\/thead><tbody><tr><td><a href=\"https:\/\/walderlebnispfade.de\/fr\/erlebnisse\/sentier-de-la-cime-des-arbres-beelitz-heilstaetten\/\" data-type=\"erlebnisse\" data-id=\"1591\"><strong>Centres de soins de Beelitz<\/strong><\/a><\/td><td>Rue apr\u00e8s Fichtenwalde 13,<br\/>14547 Beelitz-Heilst\u00e4tten<\/td><td>+49 33204 605 80<\/td><td><a href=\"mailto:info@baumundzeit.de\">info@baumundzeit.de<\/a><\/td><td><a href=\"https:\/\/baumundzeit.de\/\" target=\"_blank\" rel=\"noreferrer noopener\">baumundzeit.de<\/a><\/td><td>Janvier-novembre<\/td><\/tr><\/tbody><\/table><figcaption class=\"wp-element-caption\">Sentiers de la canop\u00e9e en BB<\/figcaption><\/figure>\n<style>.wp-block-kadence-advancedheading.kt-adv-heading5843_10371e-dd, .wp-block-kadence-advancedheading.kt-adv-heading5843_10371e-dd[data-kb-block=\"kb-adv-heading5843_10371e-dd\"]{font-style:normal;}.wp-block-kadence-advancedheading.kt-adv-heading5843_10371e-dd mark.kt-highlight, .wp-block-kadence-advancedheading.kt-adv-heading5843_10371e-dd[data-kb-block=\"kb-adv-heading5843_10371e-dd\"] mark.kt-highlight{font-style:normal;color:#f76a0c;-webkit-box-decoration-break:clone;box-decoration-break:clone;padding-top:0px;padding-right:0px;padding-bottom:0px;padding-left:0px;}.wp-block-kadence-advancedheading.kt-adv-heading5843_10371e-dd img.kb-inline-image, .wp-block-kadence-advancedheading.kt-adv-heading5843_10371e-dd[data-kb-block=\"kb-adv-heading5843_10371e-dd\"] img.kb-inline-image{width:150px;vertical-align:baseline;}<\/style>\n<h3 class=\"kt-adv-heading5843_10371e-dd wp-block-kadence-advancedheading\" data-kb-block=\"kb-adv-heading5843_10371e-dd\">Sentiers de la cime des arbres en Hesse<\/h3>\n\n<figure class=\"wp-block-table has-small-font-size\"><table><thead><tr><th>Nom du chemin<\/th><th>Adresse<\/th><th>T\u00e9l\u00e9phone<\/th><th>Mail<\/th><th>Site web<\/th><th>Mois d&rsquo;ouverture<\/th><\/tr><\/thead><tbody><tr><td>Bad Camberg<\/td><td>Am Vorderwald 1,<br\/>65520 Bad Camberg<\/td><td>+49 6434 602 9761<\/td><td><a href=\"mailto:info@baumwipfelweg-bad-camberg.de\">info@baumwipfelweg-bad-camberg.de<\/a><\/td><td><a href=\"https:\/\/baumwipfelweg-bad-camberg.de\/\" target=\"_blank\" rel=\"noreferrer noopener\">baumwipfelweg-bad-camberg.de<\/a><\/td><td>Mars-novembre<\/td><\/tr><tr><td><a href=\"https:\/\/walderlebnispfade.de\/fr\/erlebnisse\/sentier-de-la-cime-des-arbres-edersee\/\" data-type=\"erlebnisse\" data-id=\"94\"><strong>Lac de l&rsquo;Eder<\/strong><\/a><\/td><td>Br\u00fchlfeld 3,<br\/>34549 Edertal-Hemfurth<\/td><td>+49 05623 9737977<\/td><td><a href=\"mailto:info@treetopwalk.de\">info@treetopwalk.de<\/a><\/td><td><a href=\"https:\/\/www.baumkronenweg.de\/\" target=\"_blank\" rel=\"noreferrer noopener\">baumkronenweg.de<\/a><\/td><td>Toute l&rsquo;ann\u00e9e<\/td><\/tr><tr><td><a href=\"https:\/\/walderlebnispfade.de\/fr\/erlebnisse\/sentier-de-la-canopee-du-hoherodskopf\/\" data-type=\"erlebnisse\" data-id=\"6273\"><strong>Hoherodskopf<\/strong><\/a><\/td><td>Am Hoherodskopf 9,<br\/>63679 Schotten<\/td><td>+49 6032 869 9888<\/td><td><a href=\"mailto:info@baumkronenpfad.de\">info@baumkronenpfad.de<\/a><\/td><td><a href=\"https:\/\/www.baumkronenpfad.de\/\" target=\"_blank\" rel=\"noreferrer noopener\">baumkronenpfad.de<\/a><\/td><td>Avril-octobre<\/td><\/tr><\/tbody><\/table><figcaption class=\"wp-element-caption\">Sentiers de la canop\u00e9e en HE<\/figcaption><\/figure>\n\n<blockquote class=\"wp-block-quote is-layout-flow wp-block-quote-is-layout-flow\">\n<p class=\"has-theme-palette-5-color has-theme-palette-8-background-color has-text-color has-background has-link-color wp-elements-8fd9e61d0c5024e6fac2908b9616a408\">Nous vous prions d&rsquo;utiliser les sentiers indiqu\u00e9s afin de ne pas polluer inutilement la for\u00eat et de ne pas laisser de d\u00e9chets derri\u00e8re vous. Nous ne sommes que de passage dans la nature, les petits animaux ont donc toujours la priorit\u00e9 sur les chemins !   <\/p>\n<\/blockquote>\n<style>.wp-block-kadence-advancedheading.kt-adv-heading5843_ffad11-81, .wp-block-kadence-advancedheading.kt-adv-heading5843_ffad11-81[data-kb-block=\"kb-adv-heading5843_ffad11-81\"]{font-style:normal;}.wp-block-kadence-advancedheading.kt-adv-heading5843_ffad11-81 mark.kt-highlight, .wp-block-kadence-advancedheading.kt-adv-heading5843_ffad11-81[data-kb-block=\"kb-adv-heading5843_ffad11-81\"] mark.kt-highlight{font-style:normal;color:#f76a0c;-webkit-box-decoration-break:clone;box-decoration-break:clone;padding-top:0px;padding-right:0px;padding-bottom:0px;padding-left:0px;}.wp-block-kadence-advancedheading.kt-adv-heading5843_ffad11-81 img.kb-inline-image, .wp-block-kadence-advancedheading.kt-adv-heading5843_ffad11-81[data-kb-block=\"kb-adv-heading5843_ffad11-81\"] img.kb-inline-image{width:150px;vertical-align:baseline;}<\/style>\n<h3 class=\"kt-adv-heading5843_ffad11-81 wp-block-kadence-advancedheading\" data-kb-block=\"kb-adv-heading5843_ffad11-81\">Sentiers de la cime des arbres dans le Mecklembourg-Pom\u00e9ranie occidentale<\/h3>\n\n<figure class=\"wp-block-table has-small-font-size\"><table><thead><tr><th>Nom du chemin<\/th><th>Adresse<\/th><th>T\u00e9l\u00e9phone<\/th><th>Mail<\/th><th>Site web<\/th><th>Mois d&rsquo;ouverture<\/th><\/tr><\/thead><tbody><tr><td>Ch\u00eanes d&rsquo;Ivenack<\/td><td>Eichenallee 1,<br\/>17153 Ivenack<\/td><td>+49 39954 453 019<\/td><td><a href=\"mailto:stavenhagen@lfoa-mv.de\">stavenhagen@lfoa-mv.de<\/a><\/td><td><a href=\"https:\/\/www.wald-mv.de\/landingpage\/baumkronenpfad\/\" target=\"_blank\" rel=\"noreferrer noopener\">wald-mv.de<\/a><\/td><td>Avril-octobre<\/td><\/tr><tr><td>R\u00fcgen<\/td><td>Maison foresti\u00e8re Prora 1,<br\/>18609 Ostseebad Binz<\/td><td>+49 38393 662 200<\/td><td><a href=\"mailto:info@nezr.de\">info@nezr.de<\/a><\/td><td><a href=\"https:\/\/treetop-walks.com\/ruegen\/\" target=\"_blank\" rel=\"noreferrer noopener\">treetop-walks.com\/ruegen\/<\/a><\/td><td>Toute l&rsquo;ann\u00e9e<\/td><\/tr><tr><td>Sentier des cimes d&rsquo;Usedom<\/td><td>Am Bahnhof 12,<br\/>17424 Ostseebad Heringsdorf<\/td><td>+49 38378 488 20<\/td><td><a href=\"mailto:info@baumwipfelpfad-usedom.de\">info@baumwipfelpfad-usedom.de<\/a><\/td><td><a href=\"https:\/\/treetop-walks.com\/usedom\/\" target=\"_blank\" rel=\"noreferrer noopener\">treetop-walks.com\/usedom\/<\/a><\/td><td>Toute l&rsquo;ann\u00e9e<\/td><\/tr><\/tbody><\/table><figcaption class=\"wp-element-caption\">Sentiers de la canop\u00e9e en MV<\/figcaption><\/figure>\n<style>.wp-block-kadence-advancedheading.kt-adv-heading5843_08206f-24, .wp-block-kadence-advancedheading.kt-adv-heading5843_08206f-24[data-kb-block=\"kb-adv-heading5843_08206f-24\"]{font-style:normal;}.wp-block-kadence-advancedheading.kt-adv-heading5843_08206f-24 mark.kt-highlight, .wp-block-kadence-advancedheading.kt-adv-heading5843_08206f-24[data-kb-block=\"kb-adv-heading5843_08206f-24\"] mark.kt-highlight{font-style:normal;color:#f76a0c;-webkit-box-decoration-break:clone;box-decoration-break:clone;padding-top:0px;padding-right:0px;padding-bottom:0px;padding-left:0px;}.wp-block-kadence-advancedheading.kt-adv-heading5843_08206f-24 img.kb-inline-image, .wp-block-kadence-advancedheading.kt-adv-heading5843_08206f-24[data-kb-block=\"kb-adv-heading5843_08206f-24\"] img.kb-inline-image{width:150px;vertical-align:baseline;}<\/style>\n<h3 class=\"kt-adv-heading5843_08206f-24 wp-block-kadence-advancedheading\" data-kb-block=\"kb-adv-heading5843_08206f-24\">Sentiers de la cime des arbres en Basse-Saxe<\/h3>\n\n<figure class=\"wp-block-table has-small-font-size\"><table><thead><tr><th>Nom du chemin<\/th><th>Adresse<\/th><th>T\u00e9l\u00e9phone<\/th><th>Mail<\/th><th>Site web<\/th><th>Mois d&rsquo;ouverture<\/th><\/tr><\/thead><tbody><tr><td>Bad Harzburg<\/td><td>Nordh\u00e4user Str. 2b,<br\/>38667 Bad Harzburg<\/td><td>+49 5322 877 7920<\/td><td><a href=\"mailto:info@bwp-harz.de\">info@bwp-harz.de<\/a><\/td><td><a href=\"https:\/\/www.baumwipfelpfad-harz.de\/\" target=\"_blank\" rel=\"noreferrer noopener\">baumwipfelpfad-harz.de<\/a><\/td><td>Toute l&rsquo;ann\u00e9e<\/td><\/tr><tr><td>Bad Iburg<\/td><td>Philipp-Sigismund-Allee,<br\/>49186 Bad Iburg<\/td><td>+49 5403 724 760<\/td><td><a href=\"mailto:info@baumwipfelpfad-badiburg.de\">info@baumwipfelpfad-badiburg.de<\/a><\/td><td><a href=\"https:\/\/www.baumwipfelpfad-badiburg.de\/\" target=\"_blank\" rel=\"noreferrer noopener\">baumwipfelpfad-badiburg.de<\/a><\/td><td>Toute l&rsquo;ann\u00e9e<\/td><\/tr><tr><td>Lande de Lunebourg<\/td><td>Parc \u00e0 gibier 1,<br\/>21271 Nindorf-Hanstedt<\/td><td>+49 4184 893 926<\/td><td><a href=\"mailto:info@heide-himmel.de\">info@heide-himmel.de<\/a><\/td><td><a href=\"https:\/\/heide-himmel.de\/\" target=\"_blank\" rel=\"noreferrer noopener\">heide-himmel.de<\/a><\/td><td>Toute l&rsquo;ann\u00e9e<\/td><\/tr><\/tbody><\/table><figcaption class=\"wp-element-caption\">Sentiers de la canop\u00e9e en NI<\/figcaption><\/figure>\n<style>.wp-block-kadence-advancedheading.kt-adv-heading5843_421545-48, .wp-block-kadence-advancedheading.kt-adv-heading5843_421545-48[data-kb-block=\"kb-adv-heading5843_421545-48\"]{font-style:normal;}.wp-block-kadence-advancedheading.kt-adv-heading5843_421545-48 mark.kt-highlight, .wp-block-kadence-advancedheading.kt-adv-heading5843_421545-48[data-kb-block=\"kb-adv-heading5843_421545-48\"] mark.kt-highlight{font-style:normal;color:#f76a0c;-webkit-box-decoration-break:clone;box-decoration-break:clone;padding-top:0px;padding-right:0px;padding-bottom:0px;padding-left:0px;}.wp-block-kadence-advancedheading.kt-adv-heading5843_421545-48 img.kb-inline-image, .wp-block-kadence-advancedheading.kt-adv-heading5843_421545-48[data-kb-block=\"kb-adv-heading5843_421545-48\"] img.kb-inline-image{width:150px;vertical-align:baseline;}<\/style>\n<h3 class=\"kt-adv-heading5843_421545-48 wp-block-kadence-advancedheading\" data-kb-block=\"kb-adv-heading5843_421545-48\">Sentiers de la cime des arbres en Rh\u00e9nanie-du-Nord-Westphalie<\/h3>\n\n<figure class=\"wp-block-table has-small-font-size\"><table><thead><tr><th>Nom du chemin<\/th><th>Adresse<\/th><th>T\u00e9l\u00e9phone<\/th><th>Mail<\/th><th>Site web<\/th><th>Mois d&rsquo;ouverture<\/th><\/tr><\/thead><tbody><tr><td><a href=\"https:\/\/walderlebnispfade.de\/fr\/erlebnisse\/parc-de-decouverte-de-la-nature-panarbora\/\" data-type=\"erlebnisse\" data-id=\"258\"><strong>Panarbora<\/strong><\/a><\/td><td>Nutscheidstr. 1,<br\/>51545 Waldbr\u00f6l <\/td><td>+49 02291 908 650<\/td><td><a href=\"mailto:info@panarbora.de\">info@panarbora.de<\/a><\/td><td><a href=\"https:\/\/panarbora.de\/\" target=\"_blank\" rel=\"noreferrer noopener\">panarbora.de<\/a><\/td><td>Toute l&rsquo;ann\u00e9e<\/td><\/tr><\/tbody><\/table><figcaption class=\"wp-element-caption\">Sentiers de la canop\u00e9e en Rh\u00e9nanie-du-Nord-Westphalie<\/figcaption><\/figure>\n<style>.wp-block-kadence-advancedheading.kt-adv-heading5843_98c95a-38, .wp-block-kadence-advancedheading.kt-adv-heading5843_98c95a-38[data-kb-block=\"kb-adv-heading5843_98c95a-38\"]{font-style:normal;}.wp-block-kadence-advancedheading.kt-adv-heading5843_98c95a-38 mark.kt-highlight, .wp-block-kadence-advancedheading.kt-adv-heading5843_98c95a-38[data-kb-block=\"kb-adv-heading5843_98c95a-38\"] mark.kt-highlight{font-style:normal;color:#f76a0c;-webkit-box-decoration-break:clone;box-decoration-break:clone;padding-top:0px;padding-right:0px;padding-bottom:0px;padding-left:0px;}.wp-block-kadence-advancedheading.kt-adv-heading5843_98c95a-38 img.kb-inline-image, .wp-block-kadence-advancedheading.kt-adv-heading5843_98c95a-38[data-kb-block=\"kb-adv-heading5843_98c95a-38\"] img.kb-inline-image{width:150px;vertical-align:baseline;}<\/style>\n<h3 class=\"kt-adv-heading5843_98c95a-38 wp-block-kadence-advancedheading\" data-kb-block=\"kb-adv-heading5843_98c95a-38\">Sentiers de la cime des arbres en Rh\u00e9nanie-Palatinat<\/h3>\n\n<figure class=\"wp-block-table has-small-font-size\"><table><thead><tr><th>Nom du chemin<\/th><th>Adresse<\/th><th>T\u00e9l\u00e9phone<\/th><th>Mail<\/th><th>Site web<\/th><th>Mois d&rsquo;ouverture<\/th><\/tr><\/thead><tbody><tr><td>Fischbach<\/td><td>K\u00f6nigsbruch 1,<br\/>66996 Fischbach<\/td><td>+49 6391 919 6222<\/td><td><a href=\"mailto:tourist.info@dahner-felsenland.de\">tourist.info@dahner-felsenland.de<\/a><\/td><td><a href=\"https:\/\/www.dahner-felsenland.net\/vg_dahner_felsenland\/Tourismus\/Ausflugsziele\/Baumwipfelpfad%20%20Fischbach\/\" target=\"_blank\" rel=\"noreferrer noopener\">dahner-felsenland.net<\/a><\/td><td>Actuellement ferm\u00e9<\/td><\/tr><\/tbody><\/table><figcaption class=\"wp-element-caption\">Sentiers de la canop\u00e9e en RLP<\/figcaption><\/figure>\n<style>.wp-block-kadence-advancedheading.kt-adv-heading5843_e557e5-72, .wp-block-kadence-advancedheading.kt-adv-heading5843_e557e5-72[data-kb-block=\"kb-adv-heading5843_e557e5-72\"]{font-style:normal;}.wp-block-kadence-advancedheading.kt-adv-heading5843_e557e5-72 mark.kt-highlight, .wp-block-kadence-advancedheading.kt-adv-heading5843_e557e5-72[data-kb-block=\"kb-adv-heading5843_e557e5-72\"] mark.kt-highlight{font-style:normal;color:#f76a0c;-webkit-box-decoration-break:clone;box-decoration-break:clone;padding-top:0px;padding-right:0px;padding-bottom:0px;padding-left:0px;}.wp-block-kadence-advancedheading.kt-adv-heading5843_e557e5-72 img.kb-inline-image, .wp-block-kadence-advancedheading.kt-adv-heading5843_e557e5-72[data-kb-block=\"kb-adv-heading5843_e557e5-72\"] img.kb-inline-image{width:150px;vertical-align:baseline;}<\/style>\n<h3 class=\"kt-adv-heading5843_e557e5-72 wp-block-kadence-advancedheading\" data-kb-block=\"kb-adv-heading5843_e557e5-72\">Sentiers de la cime des arbres en Sarre<\/h3>\n\n<figure class=\"wp-block-table has-small-font-size\"><table><thead><tr><th>Nom du chemin<\/th><th>Adresse<\/th><th>T\u00e9l\u00e9phone<\/th><th>Mail<\/th><th>Site web<\/th><th>Mois d&rsquo;ouverture<\/th><\/tr><\/thead><tbody><tr><td>Boucle de la Sarre<\/td><td>Cloef-Atrium,<br\/>66693 Mettlach-Orscholz<\/td><td>+49 6865 186 4810<\/td><td><a href=\"mailto:info@baumwipfelpfad-saarschleife.de\">info@baumwipfelpfad-saarschleife.de<\/a><\/td><td><a href=\"https:\/\/treetop-walks.com\/saarschleife\/\" target=\"_blank\" rel=\"noreferrer noopener\">treetop-walks.com\/saarschleife\/<\/a><\/td><td>Toute l&rsquo;ann\u00e9e<\/td><\/tr><\/tbody><\/table><figcaption class=\"wp-element-caption\">Sentiers de la canop\u00e9e en SL<\/figcaption><\/figure>\n<style>.wp-block-kadence-advancedheading.kt-adv-heading5843_761e02-f2, .wp-block-kadence-advancedheading.kt-adv-heading5843_761e02-f2[data-kb-block=\"kb-adv-heading5843_761e02-f2\"]{font-style:normal;}.wp-block-kadence-advancedheading.kt-adv-heading5843_761e02-f2 mark.kt-highlight, .wp-block-kadence-advancedheading.kt-adv-heading5843_761e02-f2[data-kb-block=\"kb-adv-heading5843_761e02-f2\"] mark.kt-highlight{font-style:normal;color:#f76a0c;-webkit-box-decoration-break:clone;box-decoration-break:clone;padding-top:0px;padding-right:0px;padding-bottom:0px;padding-left:0px;}.wp-block-kadence-advancedheading.kt-adv-heading5843_761e02-f2 img.kb-inline-image, .wp-block-kadence-advancedheading.kt-adv-heading5843_761e02-f2[data-kb-block=\"kb-adv-heading5843_761e02-f2\"] img.kb-inline-image{width:150px;vertical-align:baseline;}<\/style>\n<h3 class=\"kt-adv-heading5843_761e02-f2 wp-block-kadence-advancedheading\" data-kb-block=\"kb-adv-heading5843_761e02-f2\">Sentiers de la cime des arbres en Thuringe<\/h3>\n\n<figure class=\"wp-block-table has-small-font-size\"><table><thead><tr><th>Nom du chemin<\/th><th>Adresse<\/th><th>T\u00e9l\u00e9phone<\/th><th>Mail<\/th><th>Site web<\/th><th>Mois d&rsquo;ouverture<\/th><\/tr><\/thead><tbody><tr><td><a href=\"https:\/\/walderlebnispfade.de\/fr\/erlebnisse\/sentier-de-la-canopee-de-hainich\/\" data-type=\"erlebnisse\" data-id=\"6334\"><strong>Hainich<\/strong><\/a><\/td><td>Thiemsburg 1,<br\/>99947 Sch\u00f6nstedt<\/td><td>+49 3603 825843<\/td><td><a href=\"mailto:info@baumkronen-pfad.de\">info@baumkronen-pfad.de<\/a><\/td><td><a href=\"https:\/\/www.baumkronen-pfad.de\/\" target=\"_blank\" rel=\"noreferrer noopener\">baumkronen-pfad.de<\/a><\/td><td>Toute l&rsquo;ann\u00e9e<\/td><\/tr><\/tbody><\/table><figcaption class=\"wp-element-caption\">Sentiers de la canop\u00e9e en TH<\/figcaption><\/figure>\n\n<h2 class=\"wp-block-heading\">Vid\u00e9o de pr\u00e9sentation : Comment construire un parcours dans les arbres | LaSouris<\/h2>\n\n<figure class=\"wp-block-embed aligncenter is-type-video is-provider-youtube wp-block-embed-youtube wp-embed-aspect-16-9 wp-has-aspect-ratio\"><div class=\"wp-block-embed__wrapper\">\n<iframe loading=\"lazy\" hcb-fetch-image-from=\"https:\/\/youtu.be\/dQejytoV6_Q?si=Jm1nVjEFBnDN8UIi\" title=\"Spazieren zwischen Baumkronen  - So wird ein Baumwipfelpfad gebaut | DieMaus | WDR\" width=\"720\" height=\"405\" src=\"https:\/\/www.youtube.com\/embed\/dQejytoV6_Q?feature=oembed\" frameborder=\"0\" allow=\"accelerometer; autoplay; clipboard-write; encrypted-media; gyroscope; picture-in-picture; web-share\" referrerpolicy=\"strict-origin-when-cross-origin\" allowfullscreen><\/iframe>\n<\/div><\/figure>\n\n<hr class=\"wp-block-separator has-alpha-channel-opacity\"\/>\n<style>.kb-row-layout-id5843_77ddcd-23 > .kt-row-column-wrap{align-content:start;}:where(.kb-row-layout-id5843_77ddcd-23 > .kt-row-column-wrap) > .wp-block-kadence-column{justify-content:start;}.kb-row-layout-id5843_77ddcd-23 > .kt-row-column-wrap{column-gap:var(--global-kb-gap-md, 2rem);row-gap:var(--global-kb-gap-md, 2rem);padding-top:var(--global-kb-spacing-sm, 1.5rem);padding-bottom:var(--global-kb-spacing-sm, 1.5rem);grid-template-columns:repeat(2, minmax(0, 1fr));}.kb-row-layout-id5843_77ddcd-23 > .kt-row-layout-overlay{opacity:0.30;}@media all and (max-width: 1024px){.kb-row-layout-id5843_77ddcd-23 > .kt-row-column-wrap{grid-template-columns:repeat(2, minmax(0, 1fr));}}@media all and (max-width: 767px){.kb-row-layout-id5843_77ddcd-23 > .kt-row-column-wrap{grid-template-columns:minmax(0, 1fr);}}<\/style><div class=\"kb-row-layout-wrap kb-row-layout-id5843_77ddcd-23 alignnone wp-block-kadence-rowlayout\"><div class=\"kt-row-column-wrap kt-has-2-columns kt-row-layout-equal kt-tab-layout-inherit kt-mobile-layout-row kt-row-valign-top\">\n<style>.kadence-column5843_151a98-0f > .kt-inside-inner-col,.kadence-column5843_151a98-0f > .kt-inside-inner-col:before{border-top-left-radius:0px;border-top-right-radius:0px;border-bottom-right-radius:0px;border-bottom-left-radius:0px;}.kadence-column5843_151a98-0f > .kt-inside-inner-col{column-gap:var(--global-kb-gap-sm, 1rem);}.kadence-column5843_151a98-0f > .kt-inside-inner-col{flex-direction:column;}.kadence-column5843_151a98-0f > .kt-inside-inner-col > .aligncenter{width:100%;}.kadence-column5843_151a98-0f > .kt-inside-inner-col:before{opacity:0.3;}.kadence-column5843_151a98-0f{position:relative;}@media all and (max-width: 1024px){.kadence-column5843_151a98-0f > .kt-inside-inner-col{flex-direction:column;justify-content:center;}}@media all and (max-width: 767px){.kadence-column5843_151a98-0f > .kt-inside-inner-col{flex-direction:column;justify-content:center;}}<\/style>\n<div class=\"wp-block-kadence-column kadence-column5843_151a98-0f\"><div class=\"kt-inside-inner-col\"><style>.wp-block-kadence-advancedheading.kt-adv-heading5843_a928e6-2f, .wp-block-kadence-advancedheading.kt-adv-heading5843_a928e6-2f[data-kb-block=\"kb-adv-heading5843_a928e6-2f\"]{font-style:normal;}.wp-block-kadence-advancedheading.kt-adv-heading5843_a928e6-2f mark.kt-highlight, .wp-block-kadence-advancedheading.kt-adv-heading5843_a928e6-2f[data-kb-block=\"kb-adv-heading5843_a928e6-2f\"] mark.kt-highlight{font-style:normal;color:#f76a0c;-webkit-box-decoration-break:clone;box-decoration-break:clone;padding-top:0px;padding-right:0px;padding-bottom:0px;padding-left:0px;}.wp-block-kadence-advancedheading.kt-adv-heading5843_a928e6-2f img.kb-inline-image, .wp-block-kadence-advancedheading.kt-adv-heading5843_a928e6-2f[data-kb-block=\"kb-adv-heading5843_a928e6-2f\"] img.kb-inline-image{width:150px;vertical-align:baseline;}<\/style>\n<h2 class=\"kt-adv-heading5843_a928e6-2f wp-block-kadence-advancedheading\" data-kb-block=\"kb-adv-heading5843_a928e6-2f\">Sentiers de la cime des arbres en France<\/h2>\n<\/div><\/div>\n\n\n<style>.kadence-column5843_1878b3-be > .kt-inside-inner-col,.kadence-column5843_1878b3-be > .kt-inside-inner-col:before{border-top-left-radius:0px;border-top-right-radius:0px;border-bottom-right-radius:0px;border-bottom-left-radius:0px;}.kadence-column5843_1878b3-be > .kt-inside-inner-col{column-gap:var(--global-kb-gap-sm, 1rem);}.kadence-column5843_1878b3-be > .kt-inside-inner-col{flex-direction:column;}.kadence-column5843_1878b3-be > .kt-inside-inner-col > .aligncenter{width:100%;}.kadence-column5843_1878b3-be > .kt-inside-inner-col:before{opacity:0.3;}.kadence-column5843_1878b3-be{position:relative;}@media all and (max-width: 1024px){.kadence-column5843_1878b3-be > .kt-inside-inner-col{flex-direction:column;justify-content:center;}}@media all and (max-width: 767px){.kadence-column5843_1878b3-be > .kt-inside-inner-col{flex-direction:column;justify-content:center;}}<\/style>\n<div class=\"wp-block-kadence-column kadence-column5843_1878b3-be\"><div class=\"kt-inside-inner-col\"><style>.kb-image5843_148761-d9.kb-image-is-ratio-size, .kb-image5843_148761-d9 .kb-image-is-ratio-size{max-width:50px;width:100%;}.wp-block-kadence-column > .kt-inside-inner-col > .kb-image5843_148761-d9.kb-image-is-ratio-size, .wp-block-kadence-column > .kt-inside-inner-col > .kb-image5843_148761-d9 .kb-image-is-ratio-size{align-self:unset;}.kb-image5843_148761-d9{max-width:50px;}.image-is-svg.kb-image5843_148761-d9{-webkit-flex:0 1 100%;flex:0 1 100%;}.image-is-svg.kb-image5843_148761-d9 img{width:100%;}.kb-image5843_148761-d9 .kb-image-has-overlay:after{opacity:0.3;}<\/style>\n<figure class=\"wp-block-kadence-image kb-image5843_148761-d9 size-full\"><img loading=\"lazy\" decoding=\"async\" width=\"240\" height=\"179\" src=\"https:\/\/walderlebnispfade.de\/wp-content\/uploads\/2024\/07\/Flagge_Frankreich.jpg\" alt=\"Exp\u00e9riences en for\u00eat en France\" class=\"kb-img wp-image-5901\"><\/figure>\n<\/div><\/div>\n\n<\/div><\/div>\n<figure class=\"wp-block-table has-small-font-size\"><table><thead><tr><th>Nom du chemin<\/th><th>Adresse<\/th><th>T\u00e9l\u00e9phone<\/th><th>Mail<\/th><th>Site web<\/th><th>Mois d&rsquo;ouverture<\/th><\/tr><\/thead><tbody><tr><td>Alsace<\/td><td>Route de Schoenenbourg,<br\/>67160 Drachenbronn<\/td><td>+33 3 69 50 86 00<\/td><td><a href=\"mailto:info@baumwipfelpfad-elsass.de\">info@baumwipfelpfad-elsass.de<\/a><\/td><td><a href=\"https:\/\/treetop-walks.com\/alsace\/de-de\/\" target=\"_blank\" rel=\"noreferrer noopener\">treetop-walks.com\/alsace<\/a><\/td><td>Toute l&rsquo;ann\u00e9e<\/td><\/tr><\/tbody><\/table><figcaption class=\"wp-element-caption\">Sentiers de la canop\u00e9e en France<\/figcaption><\/figure>\n\n<hr class=\"wp-block-separator has-alpha-channel-opacity\"\/>\n<style>.kb-row-layout-id5843_3cef35-10 > .kt-row-column-wrap{align-content:start;}:where(.kb-row-layout-id5843_3cef35-10 > .kt-row-column-wrap) > .wp-block-kadence-column{justify-content:start;}.kb-row-layout-id5843_3cef35-10 > .kt-row-column-wrap{column-gap:var(--global-kb-gap-md, 2rem);row-gap:var(--global-kb-gap-md, 2rem);padding-top:var(--global-kb-spacing-sm, 1.5rem);padding-bottom:var(--global-kb-spacing-sm, 1.5rem);grid-template-columns:repeat(2, minmax(0, 1fr));}.kb-row-layout-id5843_3cef35-10 > .kt-row-layout-overlay{opacity:0.30;}@media all and (max-width: 1024px){.kb-row-layout-id5843_3cef35-10 > .kt-row-column-wrap{grid-template-columns:repeat(2, minmax(0, 1fr));}}@media all and (max-width: 767px){.kb-row-layout-id5843_3cef35-10 > .kt-row-column-wrap{grid-template-columns:minmax(0, 1fr);}}<\/style><div class=\"kb-row-layout-wrap kb-row-layout-id5843_3cef35-10 alignnone wp-block-kadence-rowlayout\"><div class=\"kt-row-column-wrap kt-has-2-columns kt-row-layout-equal kt-tab-layout-inherit kt-mobile-layout-row kt-row-valign-top\">\n<style>.kadence-column5843_e64cb9-16 > .kt-inside-inner-col,.kadence-column5843_e64cb9-16 > .kt-inside-inner-col:before{border-top-left-radius:0px;border-top-right-radius:0px;border-bottom-right-radius:0px;border-bottom-left-radius:0px;}.kadence-column5843_e64cb9-16 > .kt-inside-inner-col{column-gap:var(--global-kb-gap-sm, 1rem);}.kadence-column5843_e64cb9-16 > .kt-inside-inner-col{flex-direction:column;}.kadence-column5843_e64cb9-16 > .kt-inside-inner-col > .aligncenter{width:100%;}.kadence-column5843_e64cb9-16 > .kt-inside-inner-col:before{opacity:0.3;}.kadence-column5843_e64cb9-16{position:relative;}@media all and (max-width: 1024px){.kadence-column5843_e64cb9-16 > .kt-inside-inner-col{flex-direction:column;justify-content:center;}}@media all and (max-width: 767px){.kadence-column5843_e64cb9-16 > .kt-inside-inner-col{flex-direction:column;justify-content:center;}}<\/style>\n<div class=\"wp-block-kadence-column kadence-column5843_e64cb9-16\"><div class=\"kt-inside-inner-col\"><style>.wp-block-kadence-advancedheading.kt-adv-heading5843_8cc021-29, .wp-block-kadence-advancedheading.kt-adv-heading5843_8cc021-29[data-kb-block=\"kb-adv-heading5843_8cc021-29\"]{font-style:normal;}.wp-block-kadence-advancedheading.kt-adv-heading5843_8cc021-29 mark.kt-highlight, .wp-block-kadence-advancedheading.kt-adv-heading5843_8cc021-29[data-kb-block=\"kb-adv-heading5843_8cc021-29\"] mark.kt-highlight{font-style:normal;color:#f76a0c;-webkit-box-decoration-break:clone;box-decoration-break:clone;padding-top:0px;padding-right:0px;padding-bottom:0px;padding-left:0px;}.wp-block-kadence-advancedheading.kt-adv-heading5843_8cc021-29 img.kb-inline-image, .wp-block-kadence-advancedheading.kt-adv-heading5843_8cc021-29[data-kb-block=\"kb-adv-heading5843_8cc021-29\"] img.kb-inline-image{width:150px;vertical-align:baseline;}<\/style>\n<h2 class=\"kt-adv-heading5843_8cc021-29 wp-block-kadence-advancedheading\" data-kb-block=\"kb-adv-heading5843_8cc021-29\">Sentiers de la cime des arbres en Irlande<\/h2>\n<\/div><\/div>\n\n\n<style>.kadence-column5843_ea274d-43 > .kt-inside-inner-col,.kadence-column5843_ea274d-43 > .kt-inside-inner-col:before{border-top-left-radius:0px;border-top-right-radius:0px;border-bottom-right-radius:0px;border-bottom-left-radius:0px;}.kadence-column5843_ea274d-43 > .kt-inside-inner-col{column-gap:var(--global-kb-gap-sm, 1rem);}.kadence-column5843_ea274d-43 > .kt-inside-inner-col{flex-direction:column;}.kadence-column5843_ea274d-43 > .kt-inside-inner-col > .aligncenter{width:100%;}.kadence-column5843_ea274d-43 > .kt-inside-inner-col:before{opacity:0.3;}.kadence-column5843_ea274d-43{position:relative;}@media all and (max-width: 1024px){.kadence-column5843_ea274d-43 > .kt-inside-inner-col{flex-direction:column;justify-content:center;}}@media all and (max-width: 767px){.kadence-column5843_ea274d-43 > .kt-inside-inner-col{flex-direction:column;justify-content:center;}}<\/style>\n<div class=\"wp-block-kadence-column kadence-column5843_ea274d-43\"><div class=\"kt-inside-inner-col\"><style>.kb-image5843_e92ec3-e7.kb-image-is-ratio-size, .kb-image5843_e92ec3-e7 .kb-image-is-ratio-size{max-width:50px;width:100%;}.wp-block-kadence-column > .kt-inside-inner-col > .kb-image5843_e92ec3-e7.kb-image-is-ratio-size, .wp-block-kadence-column > .kt-inside-inner-col > .kb-image5843_e92ec3-e7 .kb-image-is-ratio-size{align-self:unset;}.kb-image5843_e92ec3-e7{max-width:50px;}.image-is-svg.kb-image5843_e92ec3-e7{-webkit-flex:0 1 100%;flex:0 1 100%;}.image-is-svg.kb-image5843_e92ec3-e7 img{width:100%;}.kb-image5843_e92ec3-e7 .kb-image-has-overlay:after{opacity:0.3;}<\/style>\n<figure class=\"wp-block-kadence-image kb-image5843_e92ec3-e7 size-full\"><img loading=\"lazy\" decoding=\"async\" width=\"226\" height=\"143\" src=\"https:\/\/walderlebnispfade.de\/wp-content\/uploads\/2024\/07\/Flagge_Irland.jpg\" alt=\"Exp\u00e9riences en for\u00eat en Irlande\" class=\"kb-img wp-image-5905\"><\/figure>\n<\/div><\/div>\n\n<\/div><\/div>\n<figure class=\"wp-block-table has-small-font-size\"><table><thead><tr><th>Nom du chemin<\/th><th>Adresse<\/th><th>T\u00e9l\u00e9phone<\/th><th>Mail<\/th><th>Site web<\/th><th>Mois d&rsquo;ouverture<\/th><\/tr><\/thead><tbody><tr><td>Avondale<\/td><td>Rathdrum A67,<br\/>P303 Comt\u00e9 de Wicklow<\/td><td>+353 404 46111<\/td><td><a href=\"mailto:enquiry@beyondthetreesavondale.com\">enquiry@beyondthetreesavondale.com<\/a><\/td><td><a href=\"https:\/\/www.beyondthetreesavondale.com\/\" target=\"_blank\" rel=\"noreferrer noopener\">beyondthetreesavondale.com<\/a><\/td><td>Toute l&rsquo;ann\u00e9e<\/td><\/tr><\/tbody><\/table><figcaption class=\"wp-element-caption\">Sentiers de la canop\u00e9e en Irlande<\/figcaption><\/figure>\n\n<hr class=\"wp-block-separator has-alpha-channel-opacity\"\/>\n<style>.kb-row-layout-id5843_80cbc8-e2 > .kt-row-column-wrap{align-content:start;}:where(.kb-row-layout-id5843_80cbc8-e2 > .kt-row-column-wrap) > .wp-block-kadence-column{justify-content:start;}.kb-row-layout-id5843_80cbc8-e2 > .kt-row-column-wrap{column-gap:var(--global-kb-gap-md, 2rem);row-gap:var(--global-kb-gap-md, 2rem);padding-top:var(--global-kb-spacing-sm, 1.5rem);padding-bottom:var(--global-kb-spacing-sm, 1.5rem);grid-template-columns:repeat(2, minmax(0, 1fr));}.kb-row-layout-id5843_80cbc8-e2 > .kt-row-layout-overlay{opacity:0.30;}@media all and (max-width: 1024px){.kb-row-layout-id5843_80cbc8-e2 > .kt-row-column-wrap{grid-template-columns:repeat(2, minmax(0, 1fr));}}@media all and (max-width: 767px){.kb-row-layout-id5843_80cbc8-e2 > .kt-row-column-wrap{grid-template-columns:minmax(0, 1fr);}}<\/style><div class=\"kb-row-layout-wrap kb-row-layout-id5843_80cbc8-e2 alignnone wp-block-kadence-rowlayout\"><div class=\"kt-row-column-wrap kt-has-2-columns kt-row-layout-equal kt-tab-layout-inherit kt-mobile-layout-row kt-row-valign-top\">\n<style>.kadence-column5843_e5d0ef-d5 > .kt-inside-inner-col,.kadence-column5843_e5d0ef-d5 > .kt-inside-inner-col:before{border-top-left-radius:0px;border-top-right-radius:0px;border-bottom-right-radius:0px;border-bottom-left-radius:0px;}.kadence-column5843_e5d0ef-d5 > .kt-inside-inner-col{column-gap:var(--global-kb-gap-sm, 1rem);}.kadence-column5843_e5d0ef-d5 > .kt-inside-inner-col{flex-direction:column;}.kadence-column5843_e5d0ef-d5 > .kt-inside-inner-col > .aligncenter{width:100%;}.kadence-column5843_e5d0ef-d5 > .kt-inside-inner-col:before{opacity:0.3;}.kadence-column5843_e5d0ef-d5{position:relative;}@media all and (max-width: 1024px){.kadence-column5843_e5d0ef-d5 > .kt-inside-inner-col{flex-direction:column;justify-content:center;}}@media all and (max-width: 767px){.kadence-column5843_e5d0ef-d5 > .kt-inside-inner-col{flex-direction:column;justify-content:center;}}<\/style>\n<div class=\"wp-block-kadence-column kadence-column5843_e5d0ef-d5\"><div class=\"kt-inside-inner-col\"><style>.wp-block-kadence-advancedheading.kt-adv-heading5843_60d005-a9, .wp-block-kadence-advancedheading.kt-adv-heading5843_60d005-a9[data-kb-block=\"kb-adv-heading5843_60d005-a9\"]{font-style:normal;}.wp-block-kadence-advancedheading.kt-adv-heading5843_60d005-a9 mark.kt-highlight, .wp-block-kadence-advancedheading.kt-adv-heading5843_60d005-a9[data-kb-block=\"kb-adv-heading5843_60d005-a9\"] mark.kt-highlight{font-style:normal;color:#f76a0c;-webkit-box-decoration-break:clone;box-decoration-break:clone;padding-top:0px;padding-right:0px;padding-bottom:0px;padding-left:0px;}.wp-block-kadence-advancedheading.kt-adv-heading5843_60d005-a9 img.kb-inline-image, .wp-block-kadence-advancedheading.kt-adv-heading5843_60d005-a9[data-kb-block=\"kb-adv-heading5843_60d005-a9\"] img.kb-inline-image{width:150px;vertical-align:baseline;}<\/style>\n<h2 class=\"kt-adv-heading5843_60d005-a9 wp-block-kadence-advancedheading\" data-kb-block=\"kb-adv-heading5843_60d005-a9\">Sentiers de la cime des arbres en Autriche<\/h2>\n<\/div><\/div>\n\n\n<style>.kadence-column5843_a93f99-96 > .kt-inside-inner-col,.kadence-column5843_a93f99-96 > .kt-inside-inner-col:before{border-top-left-radius:0px;border-top-right-radius:0px;border-bottom-right-radius:0px;border-bottom-left-radius:0px;}.kadence-column5843_a93f99-96 > .kt-inside-inner-col{column-gap:var(--global-kb-gap-sm, 1rem);}.kadence-column5843_a93f99-96 > .kt-inside-inner-col{flex-direction:column;}.kadence-column5843_a93f99-96 > .kt-inside-inner-col > .aligncenter{width:100%;}.kadence-column5843_a93f99-96 > .kt-inside-inner-col:before{opacity:0.3;}.kadence-column5843_a93f99-96{position:relative;}@media all and (max-width: 1024px){.kadence-column5843_a93f99-96 > .kt-inside-inner-col{flex-direction:column;justify-content:center;}}@media all and (max-width: 767px){.kadence-column5843_a93f99-96 > .kt-inside-inner-col{flex-direction:column;justify-content:center;}}<\/style>\n<div class=\"wp-block-kadence-column kadence-column5843_a93f99-96\"><div class=\"kt-inside-inner-col\"><style>.kb-image5843_eedb08-0f.kb-image-is-ratio-size, .kb-image5843_eedb08-0f .kb-image-is-ratio-size{max-width:50px;width:100%;}.wp-block-kadence-column > .kt-inside-inner-col > .kb-image5843_eedb08-0f.kb-image-is-ratio-size, .wp-block-kadence-column > .kt-inside-inner-col > .kb-image5843_eedb08-0f .kb-image-is-ratio-size{align-self:unset;}.kb-image5843_eedb08-0f{max-width:50px;}.image-is-svg.kb-image5843_eedb08-0f{-webkit-flex:0 1 100%;flex:0 1 100%;}.image-is-svg.kb-image5843_eedb08-0f img{width:100%;}.kb-image5843_eedb08-0f .kb-image-has-overlay:after{opacity:0.3;}<\/style>\n<figure class=\"wp-block-kadence-image kb-image5843_eedb08-0f size-full\"><img loading=\"lazy\" decoding=\"async\" width=\"223\" height=\"146\" src=\"https:\/\/walderlebnispfade.de\/wp-content\/uploads\/2024\/07\/Flagge_Oesterreich.jpg\" alt=\"Exp\u00e9riences en for\u00eat en Autriche\" class=\"kb-img wp-image-5909\"><\/figure>\n<\/div><\/div>\n\n<\/div><\/div>\n<figure class=\"wp-block-table has-small-font-size\"><table><thead><tr><th>Nom du chemin<\/th><th>Adresse<\/th><th>T\u00e9l\u00e9phone<\/th><th>Mail<\/th><th>Site web<\/th><th>Mois d&rsquo;ouverture<\/th><\/tr><\/thead><tbody><tr><td>Lac de Klopein<\/td><td>Schulstra\u00dfe 8,<br\/>9122 St. Kanzian am Klopeiner See<\/td><td>+43 4239 26005<\/td><td><a href=\"mailto:info@walderlebniswelt.at\">info@walderlebniswelt.at<\/a><\/td><td><a href=\"https:\/\/www.walderlebniswelt.at\/\" target=\"_blank\" rel=\"noreferrer noopener\">walderlebniswelt.at<\/a><\/td><td>Toute l&rsquo;ann\u00e9e<\/td><\/tr><tr><td>Althodis<\/td><td>Althodis,<br\/>7464 Markt-Neuhodis<\/td><td>+43 6645 057 879<\/td><td><a href=\"mailto:office@baumwipfelweg-althodis.at\">office@baumwipfelweg-althodis.at<\/a><\/td><td><a href=\"https:\/\/www.baumwipfelweg-althodis.at\/\" target=\"_blank\" rel=\"noreferrer noopener\">baumwipfelweg-althodis.at<\/a><\/td><td>Actuellement ferm\u00e9<\/td><\/tr><tr><td>Jardin Tulln<\/td><td>Am Wasserpark 1,<br\/>3430 Tulln<\/td><td>+43 2272 68 1 88<\/td><td><a href=\"mailto:office@diegartentulln.at\">office@diegartentulln.at<\/a><\/td><td><a href=\"https:\/\/diegartentulln.at\/\" target=\"_blank\" rel=\"noreferrer noopener\">diegartentulln.at<\/a><\/td><td>Avril-octobre<\/td><\/tr><tr><td>Glemmtal<\/td><td>Talschlussweg 367,<br\/>5754 Hinterglemm<\/td><td>+43 6217 290 29<\/td><td><a href=\"mailto:info@baumzipfelweg.at\">info@baumzipfelweg.at<\/a><\/td><td><a href=\"https:\/\/www.baumzipfelweg.at\/\" target=\"_blank\" rel=\"noreferrer noopener\">baumzipfelweg.at<\/a><\/td><td>Toute l&rsquo;ann\u00e9e<\/td><\/tr><tr><td>Kopfing<\/td><td>Knechtelsdorf 1,<br\/>4794 Kopfing<\/td><td>+43 7763 22 890<\/td><td><a href=\"mailto:office@baumkronenweg.at\">office@baumkronenweg.at<\/a><\/td><td><a href=\"https:\/\/www.baumkronenweg.at\/\" target=\"_blank\" rel=\"noreferrer noopener\">baumkronenweg.at<\/a><\/td><td>Toute l&rsquo;ann\u00e9e<\/td><\/tr><tr><td>Salzkammergut<\/td><td>Sur le Gr\u00fcnberg,<br\/>4810 Gmunden<\/td><td>+43 7612 219 000<\/td><td><a href=\"mailto:info@baumwipfelpfad-salzkammergut.at\">info@baumwipfelpfad-salzkammergut.at<\/a><\/td><td><a href=\"https:\/\/treetop-walks.com\/salzkammergut\/\" target=\"_blank\" rel=\"noreferrer noopener\">treetop-walks.com\/salzkammergut\/<\/a><\/td><td>Mars-novembre<\/td><\/tr><\/tbody><\/table><figcaption class=\"wp-element-caption\">Sentiers de la canop\u00e9e en Autriche<\/figcaption><\/figure>\n\n<hr class=\"wp-block-separator has-alpha-channel-opacity\"\/>\n<style>.kb-row-layout-id5843_040ec8-b1 > .kt-row-column-wrap{align-content:start;}:where(.kb-row-layout-id5843_040ec8-b1 > .kt-row-column-wrap) > .wp-block-kadence-column{justify-content:start;}.kb-row-layout-id5843_040ec8-b1 > .kt-row-column-wrap{column-gap:var(--global-kb-gap-md, 2rem);row-gap:var(--global-kb-gap-md, 2rem);padding-top:var(--global-kb-spacing-sm, 1.5rem);padding-bottom:var(--global-kb-spacing-sm, 1.5rem);grid-template-columns:repeat(2, minmax(0, 1fr));}.kb-row-layout-id5843_040ec8-b1 > .kt-row-layout-overlay{opacity:0.30;}@media all and (max-width: 1024px){.kb-row-layout-id5843_040ec8-b1 > .kt-row-column-wrap{grid-template-columns:repeat(2, minmax(0, 1fr));}}@media all and (max-width: 767px){.kb-row-layout-id5843_040ec8-b1 > .kt-row-column-wrap{grid-template-columns:minmax(0, 1fr);}}<\/style><div class=\"kb-row-layout-wrap kb-row-layout-id5843_040ec8-b1 alignnone wp-block-kadence-rowlayout\"><div class=\"kt-row-column-wrap kt-has-2-columns kt-row-layout-equal kt-tab-layout-inherit kt-mobile-layout-row kt-row-valign-top\">\n<style>.kadence-column5843_37f435-e1 > .kt-inside-inner-col,.kadence-column5843_37f435-e1 > .kt-inside-inner-col:before{border-top-left-radius:0px;border-top-right-radius:0px;border-bottom-right-radius:0px;border-bottom-left-radius:0px;}.kadence-column5843_37f435-e1 > .kt-inside-inner-col{column-gap:var(--global-kb-gap-sm, 1rem);}.kadence-column5843_37f435-e1 > .kt-inside-inner-col{flex-direction:column;}.kadence-column5843_37f435-e1 > .kt-inside-inner-col > .aligncenter{width:100%;}.kadence-column5843_37f435-e1 > .kt-inside-inner-col:before{opacity:0.3;}.kadence-column5843_37f435-e1{position:relative;}@media all and (max-width: 1024px){.kadence-column5843_37f435-e1 > .kt-inside-inner-col{flex-direction:column;justify-content:center;}}@media all and (max-width: 767px){.kadence-column5843_37f435-e1 > .kt-inside-inner-col{flex-direction:column;justify-content:center;}}<\/style>\n<div class=\"wp-block-kadence-column kadence-column5843_37f435-e1\"><div class=\"kt-inside-inner-col\"><style>.wp-block-kadence-advancedheading.kt-adv-heading5843_26df8a-43, .wp-block-kadence-advancedheading.kt-adv-heading5843_26df8a-43[data-kb-block=\"kb-adv-heading5843_26df8a-43\"]{font-style:normal;}.wp-block-kadence-advancedheading.kt-adv-heading5843_26df8a-43 mark.kt-highlight, .wp-block-kadence-advancedheading.kt-adv-heading5843_26df8a-43[data-kb-block=\"kb-adv-heading5843_26df8a-43\"] mark.kt-highlight{font-style:normal;color:#f76a0c;-webkit-box-decoration-break:clone;box-decoration-break:clone;padding-top:0px;padding-right:0px;padding-bottom:0px;padding-left:0px;}.wp-block-kadence-advancedheading.kt-adv-heading5843_26df8a-43 img.kb-inline-image, .wp-block-kadence-advancedheading.kt-adv-heading5843_26df8a-43[data-kb-block=\"kb-adv-heading5843_26df8a-43\"] img.kb-inline-image{width:150px;vertical-align:baseline;}<\/style>\n<h2 class=\"kt-adv-heading5843_26df8a-43 wp-block-kadence-advancedheading\" data-kb-block=\"kb-adv-heading5843_26df8a-43\">Sentiers de la cime des arbres en Suisse<\/h2>\n<\/div><\/div>\n\n\n<style>.kadence-column5843_1cdf8f-c8 > .kt-inside-inner-col,.kadence-column5843_1cdf8f-c8 > .kt-inside-inner-col:before{border-top-left-radius:0px;border-top-right-radius:0px;border-bottom-right-radius:0px;border-bottom-left-radius:0px;}.kadence-column5843_1cdf8f-c8 > .kt-inside-inner-col{column-gap:var(--global-kb-gap-sm, 1rem);}.kadence-column5843_1cdf8f-c8 > .kt-inside-inner-col{flex-direction:column;}.kadence-column5843_1cdf8f-c8 > .kt-inside-inner-col > .aligncenter{width:100%;}.kadence-column5843_1cdf8f-c8 > .kt-inside-inner-col:before{opacity:0.3;}.kadence-column5843_1cdf8f-c8{position:relative;}@media all and (max-width: 1024px){.kadence-column5843_1cdf8f-c8 > .kt-inside-inner-col{flex-direction:column;justify-content:center;}}@media all and (max-width: 767px){.kadence-column5843_1cdf8f-c8 > .kt-inside-inner-col{flex-direction:column;justify-content:center;}}<\/style>\n<div class=\"wp-block-kadence-column kadence-column5843_1cdf8f-c8\"><div class=\"kt-inside-inner-col\"><style>.kb-image5843_a118ba-32.kb-image-is-ratio-size, .kb-image5843_a118ba-32 .kb-image-is-ratio-size{max-width:50px;width:100%;}.wp-block-kadence-column > .kt-inside-inner-col > .kb-image5843_a118ba-32.kb-image-is-ratio-size, .wp-block-kadence-column > .kt-inside-inner-col > .kb-image5843_a118ba-32 .kb-image-is-ratio-size{align-self:unset;}.kb-image5843_a118ba-32{max-width:50px;}.image-is-svg.kb-image5843_a118ba-32{-webkit-flex:0 1 100%;flex:0 1 100%;}.image-is-svg.kb-image5843_a118ba-32 img{width:100%;}.kb-image5843_a118ba-32 .kb-image-has-overlay:after{opacity:0.3;}<\/style>\n<figure class=\"wp-block-kadence-image kb-image5843_a118ba-32 size-full\"><img loading=\"lazy\" decoding=\"async\" width=\"257\" height=\"169\" src=\"https:\/\/walderlebnispfade.de\/wp-content\/uploads\/2024\/07\/Flagge_Schweiz.jpg\" alt=\"Exp\u00e9riences en for\u00eat en Suisse\" class=\"kb-img wp-image-5913\"><\/figure>\n<\/div><\/div>\n\n<\/div><\/div>\n<figure class=\"wp-block-table has-small-font-size\"><table><thead><tr><th>Nom du chemin<\/th><th>Adresse<\/th><th>T\u00e9l\u00e9phone<\/th><th>Mail<\/th><th>Site web<\/th><th>Mois d&rsquo;ouverture<\/th><\/tr><\/thead><tbody><tr><td><strong><a href=\"https:\/\/walderlebnispfade.de\/fr\/erlebnisse\/sentier-des-cimes-du-neckertal\/\" data-type=\"erlebnisse\" data-id=\"6586\">Neckertal<\/a><\/strong><\/td><td>L\u00f6ffelsbergstrasse,<br\/>9122 Mogelsberg<\/td><td>+41 71 552 33 03<\/td><td><a href=\"mailto:info@baumwipfelpfad.ch\">info@baumwipfelpfad.ch<\/a><\/td><td><a href=\"https:\/\/baumwipfelpfad.ch\/\" target=\"_blank\" rel=\"noreferrer noopener\">baumwipfelpfad.ch<\/a><\/td><td>Toute l&rsquo;ann\u00e9e<\/td><\/tr><\/tbody><\/table><figcaption class=\"wp-element-caption\">Sentiers de la canop\u00e9e en Suisse<\/figcaption><\/figure>\n\n<hr class=\"wp-block-separator has-alpha-channel-opacity\"\/>\n<style>.kb-row-layout-id5843_a407c2-9e > .kt-row-column-wrap{align-content:start;}:where(.kb-row-layout-id5843_a407c2-9e > .kt-row-column-wrap) > .wp-block-kadence-column{justify-content:start;}.kb-row-layout-id5843_a407c2-9e > .kt-row-column-wrap{column-gap:var(--global-kb-gap-md, 2rem);row-gap:var(--global-kb-gap-md, 2rem);padding-top:var(--global-kb-spacing-sm, 1.5rem);padding-bottom:var(--global-kb-spacing-sm, 1.5rem);grid-template-columns:repeat(2, minmax(0, 1fr));}.kb-row-layout-id5843_a407c2-9e > .kt-row-layout-overlay{opacity:0.30;}@media all and (max-width: 1024px){.kb-row-layout-id5843_a407c2-9e > .kt-row-column-wrap{grid-template-columns:repeat(2, minmax(0, 1fr));}}@media all and (max-width: 767px){.kb-row-layout-id5843_a407c2-9e > .kt-row-column-wrap{grid-template-columns:minmax(0, 1fr);}}<\/style><div class=\"kb-row-layout-wrap kb-row-layout-id5843_a407c2-9e alignnone wp-block-kadence-rowlayout\"><div class=\"kt-row-column-wrap kt-has-2-columns kt-row-layout-equal kt-tab-layout-inherit kt-mobile-layout-row kt-row-valign-top\">\n<style>.kadence-column5843_4fec9a-9a > .kt-inside-inner-col,.kadence-column5843_4fec9a-9a > .kt-inside-inner-col:before{border-top-left-radius:0px;border-top-right-radius:0px;border-bottom-right-radius:0px;border-bottom-left-radius:0px;}.kadence-column5843_4fec9a-9a > .kt-inside-inner-col{column-gap:var(--global-kb-gap-sm, 1rem);}.kadence-column5843_4fec9a-9a > .kt-inside-inner-col{flex-direction:column;}.kadence-column5843_4fec9a-9a > .kt-inside-inner-col > .aligncenter{width:100%;}.kadence-column5843_4fec9a-9a > .kt-inside-inner-col:before{opacity:0.3;}.kadence-column5843_4fec9a-9a{position:relative;}@media all and (max-width: 1024px){.kadence-column5843_4fec9a-9a > .kt-inside-inner-col{flex-direction:column;justify-content:center;}}@media all and (max-width: 767px){.kadence-column5843_4fec9a-9a > .kt-inside-inner-col{flex-direction:column;justify-content:center;}}<\/style>\n<div class=\"wp-block-kadence-column kadence-column5843_4fec9a-9a\"><div class=\"kt-inside-inner-col\"><style>.wp-block-kadence-advancedheading.kt-adv-heading5843_095322-0a, .wp-block-kadence-advancedheading.kt-adv-heading5843_095322-0a[data-kb-block=\"kb-adv-heading5843_095322-0a\"]{font-style:normal;}.wp-block-kadence-advancedheading.kt-adv-heading5843_095322-0a mark.kt-highlight, .wp-block-kadence-advancedheading.kt-adv-heading5843_095322-0a[data-kb-block=\"kb-adv-heading5843_095322-0a\"] mark.kt-highlight{font-style:normal;color:#f76a0c;-webkit-box-decoration-break:clone;box-decoration-break:clone;padding-top:0px;padding-right:0px;padding-bottom:0px;padding-left:0px;}.wp-block-kadence-advancedheading.kt-adv-heading5843_095322-0a img.kb-inline-image, .wp-block-kadence-advancedheading.kt-adv-heading5843_095322-0a[data-kb-block=\"kb-adv-heading5843_095322-0a\"] img.kb-inline-image{width:150px;vertical-align:baseline;}<\/style>\n<h2 class=\"kt-adv-heading5843_095322-0a wp-block-kadence-advancedheading\" data-kb-block=\"kb-adv-heading5843_095322-0a\">Sentiers de la cime des arbres en Slovaquie<\/h2>\n<\/div><\/div>\n\n\n<style>.kadence-column5843_d609cc-3f > .kt-inside-inner-col,.kadence-column5843_d609cc-3f > .kt-inside-inner-col:before{border-top-left-radius:0px;border-top-right-radius:0px;border-bottom-right-radius:0px;border-bottom-left-radius:0px;}.kadence-column5843_d609cc-3f > .kt-inside-inner-col{column-gap:var(--global-kb-gap-sm, 1rem);}.kadence-column5843_d609cc-3f > .kt-inside-inner-col{flex-direction:column;}.kadence-column5843_d609cc-3f > .kt-inside-inner-col > .aligncenter{width:100%;}.kadence-column5843_d609cc-3f > .kt-inside-inner-col:before{opacity:0.3;}.kadence-column5843_d609cc-3f{position:relative;}@media all and (max-width: 1024px){.kadence-column5843_d609cc-3f > .kt-inside-inner-col{flex-direction:column;justify-content:center;}}@media all and (max-width: 767px){.kadence-column5843_d609cc-3f > .kt-inside-inner-col{flex-direction:column;justify-content:center;}}<\/style>\n<div class=\"wp-block-kadence-column kadence-column5843_d609cc-3f\"><div class=\"kt-inside-inner-col\"><style>.kb-image5843_2940cd-f0.kb-image-is-ratio-size, .kb-image5843_2940cd-f0 .kb-image-is-ratio-size{max-width:50px;width:100%;}.wp-block-kadence-column > .kt-inside-inner-col > .kb-image5843_2940cd-f0.kb-image-is-ratio-size, .wp-block-kadence-column > .kt-inside-inner-col > .kb-image5843_2940cd-f0 .kb-image-is-ratio-size{align-self:unset;}.kb-image5843_2940cd-f0{max-width:50px;}.image-is-svg.kb-image5843_2940cd-f0{-webkit-flex:0 1 100%;flex:0 1 100%;}.image-is-svg.kb-image5843_2940cd-f0 img{width:100%;}.kb-image5843_2940cd-f0 .kb-image-has-overlay:after{opacity:0.3;}<\/style>\n<figure class=\"wp-block-kadence-image kb-image5843_2940cd-f0 size-full\"><img loading=\"lazy\" decoding=\"async\" width=\"255\" height=\"171\" src=\"https:\/\/walderlebnispfade.de\/wp-content\/uploads\/2024\/07\/Flagge_Slowakei.jpg\" alt=\"Exp\u00e9riences en for\u00eat en Slovaquie\" class=\"kb-img wp-image-5917\"><\/figure>\n<\/div><\/div>\n\n<\/div><\/div>\n<figure class=\"wp-block-table has-small-font-size\"><table><thead><tr><th>Nom du chemin<\/th><th>Adresse<\/th><th>T\u00e9l\u00e9phone<\/th><th>Mail<\/th><th>Site web<\/th><th>Mois d&rsquo;ouverture<\/th><\/tr><\/thead><tbody><tr><td><a href=\"https:\/\/walderlebnispfade.de\/fr\/erlebnisse\/sommet-des-arbres-de-bachledka\/\" data-type=\"erlebnisse\" data-id=\"6451\"><strong>Bachledka<\/strong><\/a><\/td><td>Bachledova dolina 702,<br\/>5955 \u017ddiar<\/td><td>+421 52 44 98 101<\/td><td><a href=\"mailto:info@chodnikkorunamistromov.sk\">info@chodnikkorunamistromov.sk<\/a><\/td><td><a href=\"https:\/\/chodnikkorunamistromov.sk\/en\/\" target=\"_blank\" rel=\"noreferrer noopener\">chodnikkorunamistromov.sk<\/a><\/td><td>Toute l&rsquo;ann\u00e9e<\/td><\/tr><\/tbody><\/table><figcaption class=\"wp-element-caption\">Sentiers de la canop\u00e9e en Slovaquie<\/figcaption><\/figure>\n\n<hr class=\"wp-block-separator has-alpha-channel-opacity\"\/>\n<style>.kb-row-layout-id5843_d005ff-b3 > .kt-row-column-wrap{align-content:start;}:where(.kb-row-layout-id5843_d005ff-b3 > .kt-row-column-wrap) > .wp-block-kadence-column{justify-content:start;}.kb-row-layout-id5843_d005ff-b3 > .kt-row-column-wrap{column-gap:var(--global-kb-gap-md, 2rem);row-gap:var(--global-kb-gap-md, 2rem);padding-top:var(--global-kb-spacing-sm, 1.5rem);padding-bottom:var(--global-kb-spacing-sm, 1.5rem);grid-template-columns:repeat(2, minmax(0, 1fr));}.kb-row-layout-id5843_d005ff-b3 > .kt-row-layout-overlay{opacity:0.30;}@media all and (max-width: 1024px){.kb-row-layout-id5843_d005ff-b3 > .kt-row-column-wrap{grid-template-columns:repeat(2, minmax(0, 1fr));}}@media all and (max-width: 767px){.kb-row-layout-id5843_d005ff-b3 > .kt-row-column-wrap{grid-template-columns:minmax(0, 1fr);}}<\/style><div class=\"kb-row-layout-wrap kb-row-layout-id5843_d005ff-b3 alignnone wp-block-kadence-rowlayout\"><div class=\"kt-row-column-wrap kt-has-2-columns kt-row-layout-equal kt-tab-layout-inherit kt-mobile-layout-row kt-row-valign-top\">\n<style>.kadence-column5843_75d208-87 > .kt-inside-inner-col,.kadence-column5843_75d208-87 > .kt-inside-inner-col:before{border-top-left-radius:0px;border-top-right-radius:0px;border-bottom-right-radius:0px;border-bottom-left-radius:0px;}.kadence-column5843_75d208-87 > .kt-inside-inner-col{column-gap:var(--global-kb-gap-sm, 1rem);}.kadence-column5843_75d208-87 > .kt-inside-inner-col{flex-direction:column;}.kadence-column5843_75d208-87 > .kt-inside-inner-col > .aligncenter{width:100%;}.kadence-column5843_75d208-87 > .kt-inside-inner-col:before{opacity:0.3;}.kadence-column5843_75d208-87{position:relative;}@media all and (max-width: 1024px){.kadence-column5843_75d208-87 > .kt-inside-inner-col{flex-direction:column;justify-content:center;}}@media all and (max-width: 767px){.kadence-column5843_75d208-87 > .kt-inside-inner-col{flex-direction:column;justify-content:center;}}<\/style>\n<div class=\"wp-block-kadence-column kadence-column5843_75d208-87\"><div class=\"kt-inside-inner-col\"><style>.wp-block-kadence-advancedheading.kt-adv-heading5843_cfdf9a-78, .wp-block-kadence-advancedheading.kt-adv-heading5843_cfdf9a-78[data-kb-block=\"kb-adv-heading5843_cfdf9a-78\"]{font-style:normal;}.wp-block-kadence-advancedheading.kt-adv-heading5843_cfdf9a-78 mark.kt-highlight, .wp-block-kadence-advancedheading.kt-adv-heading5843_cfdf9a-78[data-kb-block=\"kb-adv-heading5843_cfdf9a-78\"] mark.kt-highlight{font-style:normal;color:#f76a0c;-webkit-box-decoration-break:clone;box-decoration-break:clone;padding-top:0px;padding-right:0px;padding-bottom:0px;padding-left:0px;}.wp-block-kadence-advancedheading.kt-adv-heading5843_cfdf9a-78 img.kb-inline-image, .wp-block-kadence-advancedheading.kt-adv-heading5843_cfdf9a-78[data-kb-block=\"kb-adv-heading5843_cfdf9a-78\"] img.kb-inline-image{width:150px;vertical-align:baseline;}<\/style>\n<h2 class=\"kt-adv-heading5843_cfdf9a-78 wp-block-kadence-advancedheading\" data-kb-block=\"kb-adv-heading5843_cfdf9a-78\">Sentiers de la cime des arbres en Slov\u00e9nie<\/h2>\n<\/div><\/div>\n\n\n<style>.kadence-column5843_06cffd-80 > .kt-inside-inner-col,.kadence-column5843_06cffd-80 > .kt-inside-inner-col:before{border-top-left-radius:0px;border-top-right-radius:0px;border-bottom-right-radius:0px;border-bottom-left-radius:0px;}.kadence-column5843_06cffd-80 > .kt-inside-inner-col{column-gap:var(--global-kb-gap-sm, 1rem);}.kadence-column5843_06cffd-80 > .kt-inside-inner-col{flex-direction:column;}.kadence-column5843_06cffd-80 > .kt-inside-inner-col > .aligncenter{width:100%;}.kadence-column5843_06cffd-80 > .kt-inside-inner-col:before{opacity:0.3;}.kadence-column5843_06cffd-80{position:relative;}@media all and (max-width: 1024px){.kadence-column5843_06cffd-80 > .kt-inside-inner-col{flex-direction:column;justify-content:center;}}@media all and (max-width: 767px){.kadence-column5843_06cffd-80 > .kt-inside-inner-col{flex-direction:column;justify-content:center;}}<\/style>\n<div class=\"wp-block-kadence-column kadence-column5843_06cffd-80\"><div class=\"kt-inside-inner-col\"><style>.kb-image5843_e02c2f-d9.kb-image-is-ratio-size, .kb-image5843_e02c2f-d9 .kb-image-is-ratio-size{max-width:50px;width:100%;}.wp-block-kadence-column > .kt-inside-inner-col > .kb-image5843_e02c2f-d9.kb-image-is-ratio-size, .wp-block-kadence-column > .kt-inside-inner-col > .kb-image5843_e02c2f-d9 .kb-image-is-ratio-size{align-self:unset;}.kb-image5843_e02c2f-d9{max-width:50px;}.image-is-svg.kb-image5843_e02c2f-d9{-webkit-flex:0 1 100%;flex:0 1 100%;}.image-is-svg.kb-image5843_e02c2f-d9 img{width:100%;}.kb-image5843_e02c2f-d9 .kb-image-has-overlay:after{opacity:0.3;}<\/style>\n<figure class=\"wp-block-kadence-image kb-image5843_e02c2f-d9 size-full\"><img loading=\"lazy\" decoding=\"async\" width=\"225\" height=\"153\" src=\"https:\/\/walderlebnispfade.de\/wp-content\/uploads\/2024\/07\/Flagge_Slowenien.jpg\" alt=\"Exp\u00e9riences en for\u00eat en Slov\u00e9nie\" class=\"kb-img wp-image-5921\"><\/figure>\n<\/div><\/div>\n\n<\/div><\/div>\n<figure class=\"wp-block-table has-small-font-size\"><table><thead><tr><th>Nom du chemin<\/th><th>Adresse<\/th><th>T\u00e9l\u00e9phone<\/th><th>Mail<\/th><th>Site web<\/th><th>Mois d&rsquo;ouverture<\/th><\/tr><\/thead><tbody><tr><td><a href=\"https:\/\/walderlebnispfade.de\/fr\/erlebnisse\/sentier-de-la-cime-des-arbres-de-pohorje\/\" data-type=\"erlebnisse\" data-id=\"6572\"><strong>Pohorje<\/strong><\/a><\/td><td>Rogla 111,<br\/>3214 Zre\u010de<\/td><td>+386 3 757 60 60<\/td><td><a href=\"mailto:info@potpohorje.si\">info@potpohorje.si<\/a><\/td><td><a href=\"https:\/\/treetop-walks.com\/pohorje\/de-at\/\" target=\"_blank\" rel=\"noreferrer noopener\">treetop-walks.com\/pohorje\/<\/a><\/td><td>Toute l&rsquo;ann\u00e9e<\/td><\/tr><\/tbody><\/table><figcaption class=\"wp-element-caption\">Sentiers de la canop\u00e9e en Slov\u00e9nie<\/figcaption><\/figure>\n\n<hr class=\"wp-block-separator has-alpha-channel-opacity\"\/>\n<style>.kb-row-layout-id5843_7f28f7-e1 > .kt-row-column-wrap{align-content:start;}:where(.kb-row-layout-id5843_7f28f7-e1 > .kt-row-column-wrap) > .wp-block-kadence-column{justify-content:start;}.kb-row-layout-id5843_7f28f7-e1 > .kt-row-column-wrap{column-gap:var(--global-kb-gap-md, 2rem);row-gap:var(--global-kb-gap-md, 2rem);padding-top:var(--global-kb-spacing-sm, 1.5rem);padding-bottom:var(--global-kb-spacing-sm, 1.5rem);grid-template-columns:repeat(2, minmax(0, 1fr));}.kb-row-layout-id5843_7f28f7-e1 > .kt-row-layout-overlay{opacity:0.30;}@media all and (max-width: 1024px){.kb-row-layout-id5843_7f28f7-e1 > .kt-row-column-wrap{grid-template-columns:repeat(2, minmax(0, 1fr));}}@media all and (max-width: 767px){.kb-row-layout-id5843_7f28f7-e1 > .kt-row-column-wrap{grid-template-columns:minmax(0, 1fr);}}<\/style><div class=\"kb-row-layout-wrap kb-row-layout-id5843_7f28f7-e1 alignnone wp-block-kadence-rowlayout\"><div class=\"kt-row-column-wrap kt-has-2-columns kt-row-layout-equal kt-tab-layout-inherit kt-mobile-layout-row kt-row-valign-top\">\n<style>.kadence-column5843_207c4f-0c > .kt-inside-inner-col,.kadence-column5843_207c4f-0c > .kt-inside-inner-col:before{border-top-left-radius:0px;border-top-right-radius:0px;border-bottom-right-radius:0px;border-bottom-left-radius:0px;}.kadence-column5843_207c4f-0c > .kt-inside-inner-col{column-gap:var(--global-kb-gap-sm, 1rem);}.kadence-column5843_207c4f-0c > .kt-inside-inner-col{flex-direction:column;}.kadence-column5843_207c4f-0c > .kt-inside-inner-col > .aligncenter{width:100%;}.kadence-column5843_207c4f-0c > .kt-inside-inner-col:before{opacity:0.3;}.kadence-column5843_207c4f-0c{position:relative;}@media all and (max-width: 1024px){.kadence-column5843_207c4f-0c > .kt-inside-inner-col{flex-direction:column;justify-content:center;}}@media all and (max-width: 767px){.kadence-column5843_207c4f-0c > .kt-inside-inner-col{flex-direction:column;justify-content:center;}}<\/style>\n<div class=\"wp-block-kadence-column kadence-column5843_207c4f-0c\"><div class=\"kt-inside-inner-col\"><style>.wp-block-kadence-advancedheading.kt-adv-heading5843_c85820-2e, .wp-block-kadence-advancedheading.kt-adv-heading5843_c85820-2e[data-kb-block=\"kb-adv-heading5843_c85820-2e\"]{font-style:normal;}.wp-block-kadence-advancedheading.kt-adv-heading5843_c85820-2e mark.kt-highlight, .wp-block-kadence-advancedheading.kt-adv-heading5843_c85820-2e[data-kb-block=\"kb-adv-heading5843_c85820-2e\"] mark.kt-highlight{font-style:normal;color:#f76a0c;-webkit-box-decoration-break:clone;box-decoration-break:clone;padding-top:0px;padding-right:0px;padding-bottom:0px;padding-left:0px;}.wp-block-kadence-advancedheading.kt-adv-heading5843_c85820-2e img.kb-inline-image, .wp-block-kadence-advancedheading.kt-adv-heading5843_c85820-2e[data-kb-block=\"kb-adv-heading5843_c85820-2e\"] img.kb-inline-image{width:150px;vertical-align:baseline;}<\/style>\n<h2 class=\"kt-adv-heading5843_c85820-2e wp-block-kadence-advancedheading\" data-kb-block=\"kb-adv-heading5843_c85820-2e\">Sentiers de la cime des arbres en R\u00e9publique tch\u00e8que<\/h2>\n<\/div><\/div>\n\n\n<style>.kadence-column5843_f8195d-06 > .kt-inside-inner-col,.kadence-column5843_f8195d-06 > .kt-inside-inner-col:before{border-top-left-radius:0px;border-top-right-radius:0px;border-bottom-right-radius:0px;border-bottom-left-radius:0px;}.kadence-column5843_f8195d-06 > .kt-inside-inner-col{column-gap:var(--global-kb-gap-sm, 1rem);}.kadence-column5843_f8195d-06 > .kt-inside-inner-col{flex-direction:column;}.kadence-column5843_f8195d-06 > .kt-inside-inner-col > .aligncenter{width:100%;}.kadence-column5843_f8195d-06 > .kt-inside-inner-col:before{opacity:0.3;}.kadence-column5843_f8195d-06{position:relative;}@media all and (max-width: 1024px){.kadence-column5843_f8195d-06 > .kt-inside-inner-col{flex-direction:column;justify-content:center;}}@media all and (max-width: 767px){.kadence-column5843_f8195d-06 > .kt-inside-inner-col{flex-direction:column;justify-content:center;}}<\/style>\n<div class=\"wp-block-kadence-column kadence-column5843_f8195d-06\"><div class=\"kt-inside-inner-col\"><style>.kb-image5843_82847d-d0.kb-image-is-ratio-size, .kb-image5843_82847d-d0 .kb-image-is-ratio-size{max-width:50px;width:100%;}.wp-block-kadence-column > .kt-inside-inner-col > .kb-image5843_82847d-d0.kb-image-is-ratio-size, .wp-block-kadence-column > .kt-inside-inner-col > .kb-image5843_82847d-d0 .kb-image-is-ratio-size{align-self:unset;}.kb-image5843_82847d-d0{max-width:50px;}.image-is-svg.kb-image5843_82847d-d0{-webkit-flex:0 1 100%;flex:0 1 100%;}.image-is-svg.kb-image5843_82847d-d0 img{width:100%;}.kb-image5843_82847d-d0 .kb-image-has-overlay:after{opacity:0.3;}<\/style>\n<figure class=\"wp-block-kadence-image kb-image5843_82847d-d0 size-full\"><img loading=\"lazy\" decoding=\"async\" width=\"241\" height=\"173\" src=\"https:\/\/walderlebnispfade.de\/wp-content\/uploads\/2024\/07\/Flagge_Tschechien.jpg\" alt=\"Exp\u00e9riences en for\u00eat en R\u00e9publique tch\u00e8que\" class=\"kb-img wp-image-5925\"><\/figure>\n<\/div><\/div>\n\n<\/div><\/div>\n<figure class=\"wp-block-table has-small-font-size\"><table><thead><tr><th>Nom du chemin<\/th><th>Adresse<\/th><th>T\u00e9l\u00e9phone<\/th><th>Mail<\/th><th>Site web<\/th><th>Mois d&rsquo;ouverture<\/th><\/tr><\/thead><tbody><tr><td><a href=\"https:\/\/walderlebnispfade.de\/fr\/erlebnisse\/sentier-de-la-cime-des-arbres-krkonose\/\" data-type=\"erlebnisse\" data-id=\"6419\"><strong>Krkono\u0161e<\/strong><\/a><\/td><td>350, rue Krkono\u0161sk\u00e1,<br\/>54225 Jansk\u00e9 L\u00e1zn\u011b<\/td><td>+420 499 110 019<\/td><td><a href=\"mailto:info@stezkakrkonose.cz\">info@stezkakrkonose.cz<\/a><\/td><td><a href=\"https:\/\/treetop-walks.com\/krkonose\/de-de\/\" target=\"_blank\" rel=\"noreferrer noopener\">treetop-walks.com\/krkonose\/<\/a><\/td><td>Toute l&rsquo;ann\u00e9e<\/td><\/tr><tr><td><a href=\"https:\/\/walderlebnispfade.de\/fr\/erlebnisse\/sentier-de-la-cime-des-arbres-de-lipno\/\" data-type=\"erlebnisse\" data-id=\"6437\"><strong>Lipno<\/strong><\/a><\/td><td>Lipno nad Vltavou 307,<br\/>38278 Lipno nad Vltavou<\/td><td>+420 388 424 145<\/td><td><a href=\"mailto:info@stezkakorunamistromu.cz\">info@stezkakorunamistromu.cz<\/a><\/td><td><a href=\"https:\/\/www.stezkakorunamistromu.cz\/de\/\" target=\"_blank\" rel=\"noreferrer noopener\">www.stezkakorunamistromu.cz<\/a><\/td><td>Toute l&rsquo;ann\u00e9e<\/td><\/tr><\/tbody><\/table><figcaption class=\"wp-element-caption\">Sentiers de la canop\u00e9e en R\u00e9publique tch\u00e8que<\/figcaption><\/figure>\n\n<hr class=\"wp-block-separator has-alpha-channel-opacity\"\/>\n<style>.kb-image5843_194c85-9e .kb-image-has-overlay:after{opacity:0.3;}<\/style>\n<div class=\"wp-block-kadence-image kb-image5843_194c85-9e\"><figure class=\"aligncenter size-full\"><img loading=\"lazy\" decoding=\"async\" width=\"1024\" height=\"683\" src=\"https:\/\/walderlebnispfade.de\/wp-content\/uploads\/2024\/07\/Baumkronenweg_Winter.jpg\" alt=\"Le sentier de la canop\u00e9e en hiver\" class=\"kb-img wp-image-5991\" srcset=\"https:\/\/walderlebnispfade.de\/wp-content\/uploads\/2024\/07\/Baumkronenweg_Winter.jpg 1024w, https:\/\/walderlebnispfade.de\/wp-content\/uploads\/2024\/07\/Baumkronenweg_Winter-300x200.jpg 300w, https:\/\/walderlebnispfade.de\/wp-content\/uploads\/2024\/07\/Baumkronenweg_Winter-768x512.jpg 768w\" sizes=\"auto, (max-width: 1024px) 100vw, 1024px\" \/><\/figure><\/div>\n<div style=\"line-height:1.7; padding-top:var(--wp--preset--spacing--30);padding-bottom:var(--wp--preset--spacing--30);padding-left:var(--wp--preset--spacing--30);padding-right:var(--wp--preset--spacing--30);\" class=\"wp-block-post-author has-background has-theme-palette-7-background-color has-medium-font-size\"><div class=\"wp-block-post-author__avatar\"><img alt='Moni' src='https:\/\/walderlebnispfade.de\/wp-content\/uploads\/2025\/01\/cropped-Moni-Profil-96x96.jpg' srcset='https:\/\/walderlebnispfade.de\/wp-content\/uploads\/2025\/01\/cropped-Moni-Profil-192x192.jpg 2x' class='avatar avatar-96 photo' height='96' width='96' \/><\/div><div class=\"wp-block-post-author__content\"><p class=\"wp-block-post-author__name\">Moni<\/p><p class=\"wp-block-post-author__bio\">Ich bin seit vielen Jahren begeisterter Outdoor-Fan und m\u00f6chte meine Erfahrungen \u00fcber tolle Erlebnisse in Deutschland und Europa der letzten Jahre hier mit Dir teilen. \r\n\r\nEgal ob Klettern, Wandern oder einfach nur die Natur genie\u00dfen, es gibt so viele tolle M\u00f6glichkeiten seine Zeit im Freien zu verbringen. Sicher ist auch f\u00fcr Dich etwas in der Sammlung unserer Walderlebnisse dabei.<\/p><\/div><\/div><style>.wp-block-kadence-advancedheading.kt-adv-heading5843_4cbc8c-17, .wp-block-kadence-advancedheading.kt-adv-heading5843_4cbc8c-17[data-kb-block=\"kb-adv-heading5843_4cbc8c-17\"]{font-style:normal;}.wp-block-kadence-advancedheading.kt-adv-heading5843_4cbc8c-17 mark.kt-highlight, .wp-block-kadence-advancedheading.kt-adv-heading5843_4cbc8c-17[data-kb-block=\"kb-adv-heading5843_4cbc8c-17\"] mark.kt-highlight{font-style:normal;color:#f76a0c;-webkit-box-decoration-break:clone;box-decoration-break:clone;padding-top:0px;padding-right:0px;padding-bottom:0px;padding-left:0px;}.wp-block-kadence-advancedheading.kt-adv-heading5843_4cbc8c-17 img.kb-inline-image, .wp-block-kadence-advancedheading.kt-adv-heading5843_4cbc8c-17[data-kb-block=\"kb-adv-heading5843_4cbc8c-17\"] img.kb-inline-image{width:150px;vertical-align:baseline;}<\/style>\n<h2 class=\"kt-adv-heading5843_4cbc8c-17 wp-block-kadence-advancedheading\" data-kb-block=\"kb-adv-heading5843_4cbc8c-17\">FAQ \u2013 Foire aux questions<\/h2>\n<div id=\"rank-math-faq\" class=\"rank-math-block\">\n<div class=\"rank-math-list \">\n<div id=\"faq-question-1722348446858\" class=\"rank-math-list-item\">\n<h4 class=\"rank-math-question \">Qu&rsquo;est-ce qu&rsquo;un parcours dans les arbres ?<\/h4>\n<div class=\"rank-math-answer \">\n\n<p>Un sentier des cimes est un r\u00e9seau de sentiers sur\u00e9lev\u00e9s qui traverse la canop\u00e9e d&rsquo;une for\u00eat et offre aux visiteurs la possibilit\u00e9 de d\u00e9couvrir la nature sous une nouvelle perspective. La plupart du temps, des panneaux d&rsquo;information fournissent des connaissances suppl\u00e9mentaires. <\/p>\n\n<\/div>\n<\/div>\n<div id=\"faq-question-1722348639615\" class=\"rank-math-list-item\">\n<h4 class=\"rank-math-question \">O\u00f9 se trouvent les sentiers de la cime des arbres les plus connus en Allemagne ?<\/h4>\n<div class=\"rank-math-answer \">\n\n<p>Les sentiers de la canop\u00e9e les plus connus en Allemagne sont le sentier des cimes de la for\u00eat bavaroise, le sentier des cimes du parc national de Hainich et le sentier des cimes de la For\u00eat-Noire.<\/p>\n\n<\/div>\n<\/div>\n<div id=\"faq-question-1722348655422\" class=\"rank-math-list-item\">\n<h4 class=\"rank-math-question \">Combien de temps dure une visite au sommet d&rsquo;un arbre ?<\/h4>\n<div class=\"rank-math-answer \">\n\n<p>La dur\u00e9e d&rsquo;une visite d\u00e9pend de la longueur du sentier et du rythme de chacun. En r\u00e8gle g\u00e9n\u00e9rale, une visite dure environ 1 \u00e0 2 heures. <\/p>\n\n<\/div>\n<\/div>\n<div id=\"faq-question-1722348670814\" class=\"rank-math-list-item\">\n<h4 class=\"rank-math-question \">Les sentiers de la cime des arbres sont-ils accessibles aux personnes \u00e0 mobilit\u00e9 r\u00e9duite ?<\/h4>\n<div class=\"rank-math-answer \">\n\n<p>De nombreux chemins sont accessibles aux personnes en fauteuil roulant et aux familles avec poussette. Il est toutefois conseill\u00e9 de se renseigner sur les conditions particuli\u00e8res avant la visite. Consultez nos <a href=\"https:\/\/walderlebnispfade.de\/fr\/experiences-en-foret\/\" data-type=\"page\" data-id=\"228\">pages d\u00e9taill\u00e9es <\/a>pour savoir si le chemin est accessible !  <\/p>\n\n<\/div>\n<\/div>\n<div id=\"faq-question-1722348754230\" class=\"rank-math-list-item\">\n<h4 class=\"rank-math-question \">Quelles sont les mesures de s\u00e9curit\u00e9 \u00e0 prendre sur les sentiers de la cime des arbres ?<\/h4>\n<div class=\"rank-math-answer \">\n\n<p>Les sentiers de la canop\u00e9e sont g\u00e9n\u00e9ralement \u00e9quip\u00e9s de rampes et de surfaces antid\u00e9rapantes. De plus, il y a souvent des panneaux d&rsquo;information qui indiquent les r\u00e8gles de comportement et les mesures de s\u00e9curit\u00e9. <\/p>\n\n<\/div>\n<\/div>\n<div id=\"faq-question-1722348777567\" class=\"rank-math-list-item\">\n<h4 class=\"rank-math-question \">Peut-on visiter les sentiers de la cime des arbres toute l&rsquo;ann\u00e9e ?<\/h4>\n<div class=\"rank-math-answer \">\n\n<p>De nombreux sentiers des cimes des arbres sont ouverts toute l&rsquo;ann\u00e9e, mais des conditions m\u00e9t\u00e9orologiques telles que la neige ou la glace peuvent entra\u00eener des fermetures temporaires. Il est conseill\u00e9 de se renseigner sur les heures d&rsquo;ouverture avant de visiter le site. Vous trouverez les coordonn\u00e9es des personnes \u00e0 contacter sur les pages d\u00e9taill\u00e9es correspondantes <a href=\"https:\/\/walderlebnispfade.de\/fr\/experiences-en-foret\/\" data-type=\"page\" data-id=\"228\">ici<\/a>.  <\/p>\n\n<\/div>\n<\/div>\n<div id=\"faq-question-1722348824068\" class=\"rank-math-list-item\">\n<h4 class=\"rank-math-question \">Existe-t-il des visites guid\u00e9es sur les sentiers de la cime des arbres ?<\/h4>\n<div class=\"rank-math-answer \">\n\n<p>Oui, de nombreux sentiers de la cime des arbres proposent des visites guid\u00e9es qui permettent aux visiteurs d&rsquo;en apprendre davantage sur la faune et la flore de la for\u00eat ainsi que sur la construction du sentier.<\/p>\n\n<\/div>\n<\/div>\n<div id=\"faq-question-1722348883821\" class=\"rank-math-list-item\">\n<h4 class=\"rank-math-question \">Les chiens sont-ils autoris\u00e9s sur les sentiers de la cime des arbres ?<\/h4>\n<div class=\"rank-math-answer \">\n\n<p>La r\u00e9glementation concernant les chiens varie selon les sentiers. Certains sentiers autorisent les chiens en laisse, tandis que d&rsquo;autres ne les autorisent pas pour des raisons de s\u00e9curit\u00e9 et de protection de la nature. Vous trouverez des informations \u00e0 ce sujet sur les pages d\u00e9taill\u00e9es correspondantes <a href=\"https:\/\/walderlebnispfade.de\/fr\/experiences-en-foret\/\" data-type=\"page\" data-id=\"228\">ici<\/a>.  <\/p>\n\n<\/div>\n<\/div>\n<div id=\"faq-question-1722348915197\" class=\"rank-math-list-item\">\n<h4 class=\"rank-math-question \">Quelle est la hauteur des sentiers de la cime des arbres ?<\/h4>\n<div class=\"rank-math-answer \">\n\n<p>La hauteur des sentiers de la canop\u00e9e varie, mais se situe g\u00e9n\u00e9ralement entre 10 et 40 m\u00e8tres au-dessus du sol de la for\u00eat, ce qui offre des vues impressionnantes.<\/p>\n\n<\/div>\n<\/div>\n<\/div>\n<\/div>","protected":false},"excerpt":{"rendered":"<p>D\u00e9couvrez les cimes des arbres en Europe \u2013 votre aper\u00e7u ultime de tous les sentiers de cimes connus Bienvenue dans notre aper\u00e7u complet des sentiers de la canop\u00e9e les plus&#8230;<\/p>\n","protected":false},"author":2,"featured_media":5846,"comment_status":"open","ping_status":"open","sticky":false,"template":"","format":"standard","meta":{"_kad_blocks_custom_css":"","_kad_blocks_head_custom_js":"","_kad_blocks_body_custom_js":"","_kad_blocks_footer_custom_js":"","_kad_post_transparent":"","_kad_post_title":"","_kad_post_layout":"","_kad_post_sidebar_id":"","_kad_post_content_style":"","_kad_post_vertical_padding":"","_kad_post_feature":"","_kad_post_feature_position":"","_kad_post_header":false,"_kad_post_footer":false,"_kad_post_classname":"","yasr_overall_rating":0,"yasr_post_is_review":"","yasr_auto_insert_disabled":"","yasr_review_type":"","footnotes":""},"categories":[56],"tags":[],"class_list":["post-6226","post","type-post","status-publish","format-standard","has-post-thumbnail","hentry","category-infos-fr"],"yasr_visitor_votes":{"stars_attributes":{"read_only":false,"span_bottom":false},"number_of_votes":0,"sum_votes":0},"taxonomy_info":{"category":[{"value":56,"label":"Infos"}]},"featured_image_src_large":["https:\/\/walderlebnispfade.de\/wp-content\/uploads\/2024\/07\/Baumwipfelpfad_Blog.jpg",1024,576,false],"author_info":{"display_name":"Moni","author_link":"https:\/\/walderlebnispfade.de\/fr\/author\/moni\/"},"comment_info":0,"category_info":[{"term_id":56,"name":"Infos","slug":"infos-fr","term_group":0,"term_taxonomy_id":56,"taxonomy":"category","description":"","parent":0,"count":11,"filter":"raw","cat_ID":56,"category_count":11,"category_description":"","cat_name":"Infos","category_nicename":"infos-fr","category_parent":0}],"tag_info":false,"_links":{"self":[{"href":"https:\/\/walderlebnispfade.de\/fr\/wp-json\/wp\/v2\/posts\/6226","targetHints":{"allow":["GET"]}}],"collection":[{"href":"https:\/\/walderlebnispfade.de\/fr\/wp-json\/wp\/v2\/posts"}],"about":[{"href":"https:\/\/walderlebnispfade.de\/fr\/wp-json\/wp\/v2\/types\/post"}],"author":[{"embeddable":true,"href":"https:\/\/walderlebnispfade.de\/fr\/wp-json\/wp\/v2\/users\/2"}],"replies":[{"embeddable":true,"href":"https:\/\/walderlebnispfade.de\/fr\/wp-json\/wp\/v2\/comments?post=6226"}],"version-history":[{"count":6,"href":"https:\/\/walderlebnispfade.de\/fr\/wp-json\/wp\/v2\/posts\/6226\/revisions"}],"predecessor-version":[{"id":7311,"href":"https:\/\/walderlebnispfade.de\/fr\/wp-json\/wp\/v2\/posts\/6226\/revisions\/7311"}],"wp:featuredmedia":[{"embeddable":true,"href":"https:\/\/walderlebnispfade.de\/fr\/wp-json\/wp\/v2\/media\/5846"}],"wp:attachment":[{"href":"https:\/\/walderlebnispfade.de\/fr\/wp-json\/wp\/v2\/media?parent=6226"}],"wp:term":[{"taxonomy":"category","embeddable":true,"href":"https:\/\/walderlebnispfade.de\/fr\/wp-json\/wp\/v2\/categories?post=6226"},{"taxonomy":"post_tag","embeddable":true,"href":"https:\/\/walderlebnispfade.de\/fr\/wp-json\/wp\/v2\/tags?post=6226"}],"curies":[{"name":"wp","href":"https:\/\/api.w.org\/{rel}","templated":true}]}}