{"id":6232,"date":"2025-08-15T11:30:51","date_gmt":"2025-08-15T09:30:51","guid":{"rendered":"https:\/\/walderlebnispfade.de\/apercu-des-hotels-de-cabanes-dans-les-arbres\/"},"modified":"2026-04-21T21:33:59","modified_gmt":"2026-04-21T19:33:59","slug":"apercu-des-hotels-de-cabanes-dans-les-arbres","status":"publish","type":"post","link":"https:\/\/walderlebnispfade.de\/fr\/apercu-des-hotels-de-cabanes-dans-les-arbres\/","title":{"rendered":"H\u00f4tels avec cabanes dans les arbres en Allemagne \u2013 Aper\u00e7u complet 2026"},"content":{"rendered":"<style>.wp-block-kadence-advancedheading.kt-adv-heading5771_43296b-4d, .wp-block-kadence-advancedheading.kt-adv-heading5771_43296b-4d[data-kb-block=\"kb-adv-heading5771_43296b-4d\"]{font-style:normal;}.wp-block-kadence-advancedheading.kt-adv-heading5771_43296b-4d mark.kt-highlight, .wp-block-kadence-advancedheading.kt-adv-heading5771_43296b-4d[data-kb-block=\"kb-adv-heading5771_43296b-4d\"] mark.kt-highlight{font-style:normal;color:#f76a0c;-webkit-box-decoration-break:clone;box-decoration-break:clone;padding-top:0px;padding-right:0px;padding-bottom:0px;padding-left:0px;}.wp-block-kadence-advancedheading.kt-adv-heading5771_43296b-4d img.kb-inline-image, .wp-block-kadence-advancedheading.kt-adv-heading5771_43296b-4d[data-kb-block=\"kb-adv-heading5771_43296b-4d\"] img.kb-inline-image{width:150px;vertical-align:baseline;}<\/style>\n<h2 class=\"kt-adv-heading5771_43296b-4d wp-block-kadence-advancedheading\" data-kb-block=\"kb-adv-heading5771_43296b-4d\"><strong>Dormir dans une cabane-h\u00f4tel dans les arbres \u2013 Une exp\u00e9rience inoubliable au c\u0153ur de la nature<\/strong><\/h2>\n\n<p>Bienvenue dans notre aper\u00e7u complet de tous les h\u00f4tels de cabanes dans les arbres connus ! Vous trouverez ici une liste soigneusement \u00e9tablie des 44 possibilit\u00e9s d&rsquo;h\u00e9bergement les plus fascinantes, perch\u00e9es dans les arbres, class\u00e9es par pays et par \u00c9tat. Que vous soyez \u00e0 la recherche d&rsquo;une aventure dans les for\u00eats de Bavi\u00e8re, d&rsquo;une nuit romantique dans la cime des arbres en Basse-Saxe ou d&rsquo;une nuit exceptionnelle dans les cabanes dans les arbres du Mecklembourg-Pom\u00e9ranie occidentale, notre liste propose un h\u00f4tel avec cabane dans les arbres pour tous les go\u00fbts et toutes les r\u00e9gions.  <\/p>\n\n<h3 class=\"wp-block-heading\">Ce qui vous attend dans cet aper\u00e7u :<\/h3>\n\n<p>\u270544 h\u00f4tels avec cabanes dans les arbres dans 14 \u00e9tats f\u00e9d\u00e9raux<br\/>\u2705Contacts et heures d&rsquo;ouverture<br\/>\u2705R\u00e8gles de base pour chaque fournisseur<br\/>\u2705Carte interactive avec fonction de filtre<br\/>\u2705Recherch\u00e9 et maintenu personnellement par moi (Derni\u00e8re mise \u00e0 jour : 08.04.2026)<\/p>\n<style>.kb-table-of-content-nav.kb-table-of-content-id5771_37875e-80 .kb-table-of-content-wrap{padding-top:var(--global-kb-spacing-sm, 1.5rem);padding-right:var(--global-kb-spacing-sm, 1.5rem);padding-bottom:var(--global-kb-spacing-sm, 1.5rem);padding-left:var(--global-kb-spacing-sm, 1.5rem);background-color:var(--global-palette8, #F7FAFC);box-shadow:inset 0px 0px 14px 0px rgba(0, 0, 0, 0.2);}.kb-table-of-content-nav.kb-table-of-content-id5771_37875e-80 .kb-table-of-contents-title-wrap{padding-top:0px;padding-right:0px;padding-bottom:0px;padding-left:0px;}.kb-table-of-content-nav.kb-table-of-content-id5771_37875e-80 .kb-table-of-contents-title{font-weight:regular;font-style:normal;}.kb-table-of-content-nav.kb-table-of-content-id5771_37875e-80 .kb-table-of-content-wrap .kb-table-of-content-list{font-weight:regular;font-style:normal;margin-top:var(--global-kb-spacing-sm, 1.5rem);margin-right:0px;margin-bottom:0px;margin-left:0px;}.kb-table-of-content-nav.kb-table-of-content-id5771_37875e-80 .kb-toggle-icon-style-basiccircle .kb-table-of-contents-icon-trigger:after, .kb-table-of-content-nav.kb-table-of-content-id5771_37875e-80 .kb-toggle-icon-style-basiccircle .kb-table-of-contents-icon-trigger:before, .kb-table-of-content-nav.kb-table-of-content-id5771_37875e-80 .kb-toggle-icon-style-arrowcircle .kb-table-of-contents-icon-trigger:after, .kb-table-of-content-nav.kb-table-of-content-id5771_37875e-80 .kb-toggle-icon-style-arrowcircle .kb-table-of-contents-icon-trigger:before, .kb-table-of-content-nav.kb-table-of-content-id5771_37875e-80 .kb-toggle-icon-style-xclosecircle .kb-table-of-contents-icon-trigger:after, .kb-table-of-content-nav.kb-table-of-content-id5771_37875e-80 .kb-toggle-icon-style-xclosecircle .kb-table-of-contents-icon-trigger:before{background-color:var(--global-palette8, #F7FAFC);}<\/style><style>.wp-block-kadence-advancedheading.kt-adv-heading5771_cc488b-19, .wp-block-kadence-advancedheading.kt-adv-heading5771_cc488b-19[data-kb-block=\"kb-adv-heading5771_cc488b-19\"]{font-style:normal;}.wp-block-kadence-advancedheading.kt-adv-heading5771_cc488b-19 mark.kt-highlight, .wp-block-kadence-advancedheading.kt-adv-heading5771_cc488b-19[data-kb-block=\"kb-adv-heading5771_cc488b-19\"] mark.kt-highlight{font-style:normal;color:#f76a0c;-webkit-box-decoration-break:clone;box-decoration-break:clone;padding-top:0px;padding-right:0px;padding-bottom:0px;padding-left:0px;}.wp-block-kadence-advancedheading.kt-adv-heading5771_cc488b-19 img.kb-inline-image, .wp-block-kadence-advancedheading.kt-adv-heading5771_cc488b-19[data-kb-block=\"kb-adv-heading5771_cc488b-19\"] img.kb-inline-image{width:150px;vertical-align:baseline;}<\/style>\n<h3 class=\"kt-adv-heading5771_cc488b-19 wp-block-kadence-advancedheading\" data-kb-block=\"kb-adv-heading5771_cc488b-19\"><strong>Pourquoi passer la nuit dans une cabane dans les arbres est si sp\u00e9cial<\/strong><\/h3>\n<style>.kb-row-layout-id5771_2e9fd5-ee > .kt-row-column-wrap{align-content:start;}:where(.kb-row-layout-id5771_2e9fd5-ee > .kt-row-column-wrap) > .wp-block-kadence-column{justify-content:start;}.kb-row-layout-id5771_2e9fd5-ee > .kt-row-column-wrap{column-gap:var(--global-kb-gap-md, 2rem);row-gap:var(--global-kb-gap-md, 2rem);padding-top:var(--global-kb-spacing-sm, 1.5rem);padding-bottom:var(--global-kb-spacing-sm, 1.5rem);grid-template-columns:minmax(0, 2fr) minmax(0, 1fr);}.kb-row-layout-id5771_2e9fd5-ee > .kt-row-layout-overlay{opacity:0.30;}@media all and (max-width: 1024px){.kb-row-layout-id5771_2e9fd5-ee > .kt-row-column-wrap{grid-template-columns:minmax(0, 2fr) minmax(0, 1fr);}}@media all and (max-width: 767px){.kb-row-layout-id5771_2e9fd5-ee > .kt-row-column-wrap{grid-template-columns:minmax(0, 1fr);}}<\/style><div class=\"kb-row-layout-wrap kb-row-layout-id5771_2e9fd5-ee alignnone wp-block-kadence-rowlayout\"><div class=\"kt-row-column-wrap kt-has-2-columns kt-row-layout-left-golden kt-tab-layout-inherit kt-mobile-layout-row kt-row-valign-top\">\n<style>.kadence-column5771_3ddaba-85 > .kt-inside-inner-col,.kadence-column5771_3ddaba-85 > .kt-inside-inner-col:before{border-top-left-radius:0px;border-top-right-radius:0px;border-bottom-right-radius:0px;border-bottom-left-radius:0px;}.kadence-column5771_3ddaba-85 > .kt-inside-inner-col{column-gap:var(--global-kb-gap-sm, 1rem);}.kadence-column5771_3ddaba-85 > .kt-inside-inner-col{flex-direction:column;}.kadence-column5771_3ddaba-85 > .kt-inside-inner-col > .aligncenter{width:100%;}.kadence-column5771_3ddaba-85 > .kt-inside-inner-col:before{opacity:0.3;}.kadence-column5771_3ddaba-85{position:relative;}@media all and (max-width: 1024px){.kadence-column5771_3ddaba-85 > .kt-inside-inner-col{flex-direction:column;justify-content:center;}}@media all and (max-width: 767px){.kadence-column5771_3ddaba-85 > .kt-inside-inner-col{flex-direction:column;justify-content:center;}}<\/style>\n<div class=\"wp-block-kadence-column kadence-column5771_3ddaba-85\"><div class=\"kt-inside-inner-col\">\n<p>Passer la nuit dans une cabane dans les arbres est plus qu&rsquo;un simple h\u00e9bergement \u2013 c&rsquo;est une exp\u00e9rience unique qui vous rapproche de la nature d&rsquo;une mani\u00e8re tr\u00e8s sp\u00e9ciale. Imaginez que vous vous r\u00e9veillez le matin en regardant directement la cime des arbres, en entendant le chant des oiseaux et en profitant de l&rsquo;air frais de la for\u00eat. Les h\u00f4tels avec cabanes dans les arbres offrent une combinaison parfaite d&rsquo;aventure et de d\u00e9tente. Ils sont parfaits pour les escapades romantiques \u00e0 deux, les aventures passionnantes en famille ou m\u00eame pour les voyageurs solitaires qui cherchent \u00e0 s&rsquo;\u00e9vader du quotidien.   <\/p>\n\n\n\n<p>L&rsquo;atmosph\u00e8re particuli\u00e8re d&rsquo;une cabane-h\u00f4tel dans les arbres provient de son int\u00e9gration harmonieuse dans la nature, de son am\u00e9nagement soign\u00e9 et de sa construction souvent durable. De nombreuses cabanes dans les arbres sont confortables et am\u00e9nag\u00e9es avec style, de sorte que vous ne devez renoncer \u00e0 aucun confort moderne. En m\u00eame temps, elles vous permettent de d\u00e9couvrir la nature sous une toute nouvelle perspective.  <\/p>\n\n\n\n<p>Plongez dans notre aper\u00e7u et trouvez l&rsquo;h\u00f4tel de cabanes dans les arbres qui rendra votre prochaine aventure inoubliable ! Si vous connaissez d&rsquo;autres adresses, n&rsquo;h\u00e9sitez pas \u00e0 m&rsquo;envoyer un message. Je les ajouterai \u00e0 la liste.  <\/p>\n<\/div><\/div>\n\n\n<style>.kadence-column5771_db33ab-f0 > .kt-inside-inner-col,.kadence-column5771_db33ab-f0 > .kt-inside-inner-col:before{border-top-left-radius:0px;border-top-right-radius:0px;border-bottom-right-radius:0px;border-bottom-left-radius:0px;}.kadence-column5771_db33ab-f0 > .kt-inside-inner-col{column-gap:var(--global-kb-gap-sm, 1rem);}.kadence-column5771_db33ab-f0 > .kt-inside-inner-col{flex-direction:column;}.kadence-column5771_db33ab-f0 > .kt-inside-inner-col > .aligncenter{width:100%;}.kadence-column5771_db33ab-f0 > .kt-inside-inner-col:before{opacity:0.3;}.kadence-column5771_db33ab-f0{position:relative;}@media all and (max-width: 1024px){.kadence-column5771_db33ab-f0 > .kt-inside-inner-col{flex-direction:column;justify-content:center;}}@media all and (max-width: 767px){.kadence-column5771_db33ab-f0 > .kt-inside-inner-col{flex-direction:column;justify-content:center;}}<\/style>\n<div class=\"wp-block-kadence-column kadence-column5771_db33ab-f0\"><div class=\"kt-inside-inner-col\"><style>.kb-image5771_298ed0-a0 .kb-image-has-overlay:after{opacity:0.3;}<\/style>\n<figure class=\"wp-block-kadence-image kb-image5771_298ed0-a0 size-full\"><img loading=\"lazy\" decoding=\"async\" width=\"341\" height=\"512\" src=\"https:\/\/walderlebnispfade.de\/wp-content\/uploads\/2024\/07\/Uebernachtung_Baumhaus.jpg\" alt=\"\u00dcbernachtung im Baumhaus\" class=\"kb-img wp-image-6015\" srcset=\"https:\/\/walderlebnispfade.de\/wp-content\/uploads\/2024\/07\/Uebernachtung_Baumhaus.jpg 341w, https:\/\/walderlebnispfade.de\/wp-content\/uploads\/2024\/07\/Uebernachtung_Baumhaus-200x300.jpg 200w\" sizes=\"auto, (max-width: 341px) 100vw, 341px\" \/><\/figure>\n<\/div><\/div>\n\n<\/div><\/div><style>.wp-block-kadence-advancedheading.kt-adv-heading5771_85a9ab-40, .wp-block-kadence-advancedheading.kt-adv-heading5771_85a9ab-40[data-kb-block=\"kb-adv-heading5771_85a9ab-40\"]{font-style:normal;}.wp-block-kadence-advancedheading.kt-adv-heading5771_85a9ab-40 mark.kt-highlight, .wp-block-kadence-advancedheading.kt-adv-heading5771_85a9ab-40[data-kb-block=\"kb-adv-heading5771_85a9ab-40\"] mark.kt-highlight{font-style:normal;color:#f76a0c;-webkit-box-decoration-break:clone;box-decoration-break:clone;padding-top:0px;padding-right:0px;padding-bottom:0px;padding-left:0px;}.wp-block-kadence-advancedheading.kt-adv-heading5771_85a9ab-40 img.kb-inline-image, .wp-block-kadence-advancedheading.kt-adv-heading5771_85a9ab-40[data-kb-block=\"kb-adv-heading5771_85a9ab-40\"] img.kb-inline-image{width:150px;vertical-align:baseline;}<\/style>\n<h2 class=\"kt-adv-heading5771_85a9ab-40 wp-block-kadence-advancedheading\" data-kb-block=\"kb-adv-heading5771_85a9ab-40\">H\u00f4tels avec cabanes dans les arbres en Allemagne<\/h2>\n\n<p>Vous trouverez ci-dessous un aper\u00e7u de 44 possibilit\u00e9s d&rsquo;h\u00e9bergement int\u00e9ressantes et passionnantes dans la nature. Pour des raisons de clart\u00e9, j&rsquo;ai r\u00e9parti les adresses dans les tableaux par Land. <strong>Derri\u00e8re le nom de la cabane-h\u00f4tel vous trouverez (si elle a d\u00e9j\u00e0 \u00e9t\u00e9 cr\u00e9\u00e9e), le lien vers la page d\u00e9taill\u00e9e ici sur Walderlebnispfade.de<\/strong> et le site renvoie directement \u00e0 l&rsquo;exploitant. <\/p>\n<style>.wp-block-kadence-advancedheading.kt-adv-heading5771_8a2868-0b, .wp-block-kadence-advancedheading.kt-adv-heading5771_8a2868-0b[data-kb-block=\"kb-adv-heading5771_8a2868-0b\"]{font-style:normal;}.wp-block-kadence-advancedheading.kt-adv-heading5771_8a2868-0b mark.kt-highlight, .wp-block-kadence-advancedheading.kt-adv-heading5771_8a2868-0b[data-kb-block=\"kb-adv-heading5771_8a2868-0b\"] mark.kt-highlight{font-style:normal;color:#f76a0c;-webkit-box-decoration-break:clone;box-decoration-break:clone;padding-top:0px;padding-right:0px;padding-bottom:0px;padding-left:0px;}.wp-block-kadence-advancedheading.kt-adv-heading5771_8a2868-0b img.kb-inline-image, .wp-block-kadence-advancedheading.kt-adv-heading5771_8a2868-0b[data-kb-block=\"kb-adv-heading5771_8a2868-0b\"] img.kb-inline-image{width:150px;vertical-align:baseline;}<\/style>\n<h3 class=\"kt-adv-heading5771_8a2868-0b wp-block-kadence-advancedheading\" data-kb-block=\"kb-adv-heading5771_8a2868-0b\">Vue cartographique des 44 cabanes dans les arbres en Allemagne<\/h3>\n\n<p>Vous pouvez \u00e9galement filtrer la carte par \u00c9tat en affichant la barre de menu de gauche. Pour cela, il suffit de cliquer sur l&rsquo;ic\u00f4ne en haut \u00e0 gauche. <\/p>\n<style>.kb-row-layout-id5771_81a0d5-23 > .kt-row-column-wrap{align-content:start;}:where(.kb-row-layout-id5771_81a0d5-23 > .kt-row-column-wrap) > .wp-block-kadence-column{justify-content:start;}.kb-row-layout-id5771_81a0d5-23 > .kt-row-column-wrap{column-gap:var(--global-kb-gap-md, 2rem);row-gap:var(--global-kb-gap-md, 2rem);max-width:var( --global-content-width, 1280px );padding-left:var(--global-content-edge-padding);padding-right:var(--global-content-edge-padding);padding-top:var(--global-kb-spacing-sm, 1.5rem);padding-bottom:var(--global-kb-spacing-sm, 1.5rem);grid-template-columns:minmax(0, 1fr);}.kb-row-layout-id5771_81a0d5-23 > .kt-row-layout-overlay{opacity:0.30;}@media all and (max-width: 1024px){.kb-row-layout-id5771_81a0d5-23 > .kt-row-column-wrap{grid-template-columns:minmax(0, 1fr);}}@media all and (max-width: 767px){.kb-row-layout-id5771_81a0d5-23 > .kt-row-column-wrap{grid-template-columns:minmax(0, 1fr);}}<\/style><div class=\"kb-row-layout-wrap kb-row-layout-id5771_81a0d5-23 alignnone wp-block-kadence-rowlayout\"><div class=\"kt-row-column-wrap kt-has-1-columns kt-row-layout-equal kt-tab-layout-inherit kt-mobile-layout-row kt-row-valign-top kb-theme-content-width\">\n<style>.kadence-column5771_6df957-67 > .kt-inside-inner-col{display:flex;}.kadence-column5771_6df957-67 > .kt-inside-inner-col,.kadence-column5771_6df957-67 > .kt-inside-inner-col:before{border-top-left-radius:0px;border-top-right-radius:0px;border-bottom-right-radius:0px;border-bottom-left-radius:0px;}.kadence-column5771_6df957-67 > .kt-inside-inner-col{column-gap:var(--global-kb-gap-sm, 1rem);}.kadence-column5771_6df957-67 > .kt-inside-inner-col{flex-direction:column;align-items:center;}.kadence-column5771_6df957-67 > .kt-inside-inner-col > .kb-image-is-ratio-size{align-self:stretch;}.kadence-column5771_6df957-67 > .kt-inside-inner-col > .wp-block-kadence-advancedgallery{align-self:stretch;}.kadence-column5771_6df957-67 > .kt-inside-inner-col > .aligncenter{width:100%;}.kadence-column5771_6df957-67 > .kt-inside-inner-col:before{opacity:0.3;}.kadence-column5771_6df957-67{text-align:center;}.kadence-column5771_6df957-67{position:relative;}@media all and (max-width: 1024px){.kadence-column5771_6df957-67 > .kt-inside-inner-col{flex-direction:column;justify-content:center;align-items:center;}}@media all and (max-width: 767px){.kadence-column5771_6df957-67 > .kt-inside-inner-col{flex-direction:column;justify-content:center;align-items:center;}}<\/style>\n<div class=\"wp-block-kadence-column kadence-column5771_6df957-67\"><div class=\"kt-inside-inner-col\">\n<iframe loading=\"lazy\" src=\"https:\/\/www.google.com\/maps\/d\/u\/0\/embed?mid=1LxtpLMBrQ1ewCJCHNa-43QOst2ktAuA&#038;ehbc=2E312F&#038;noprof=1\" width=\"1024\" height=\"480\"><\/iframe>\n<\/div><\/div>\n\n<\/div><\/div><style>.kb-row-layout-id5771_81e14f-41 > .kt-row-column-wrap{align-content:start;}:where(.kb-row-layout-id5771_81e14f-41 > .kt-row-column-wrap) > .wp-block-kadence-column{justify-content:start;}.kb-row-layout-id5771_81e14f-41 > .kt-row-column-wrap{column-gap:var(--global-kb-gap-md, 2rem);row-gap:var(--global-kb-gap-md, 2rem);padding-top:var(--global-kb-spacing-sm, 1.5rem);padding-bottom:var(--global-kb-spacing-sm, 1.5rem);grid-template-columns:minmax(0, 1fr);}.kb-row-layout-id5771_81e14f-41 > .kt-row-layout-overlay{opacity:0.30;}@media all and (max-width: 1024px){.kb-row-layout-id5771_81e14f-41 > .kt-row-column-wrap{grid-template-columns:minmax(0, 1fr);}}@media all and (max-width: 767px){.kb-row-layout-id5771_81e14f-41 > .kt-row-column-wrap{grid-template-columns:minmax(0, 1fr);}}<\/style><div class=\"kb-row-layout-wrap kb-row-layout-id5771_81e14f-41 alignnone wp-block-kadence-rowlayout\"><div class=\"kt-row-column-wrap kt-has-1-columns kt-row-layout-equal kt-tab-layout-inherit kt-mobile-layout-row kt-row-valign-top\">\n<style>.kadence-column5771_c902e0-aa > .kt-inside-inner-col{display:flex;}.kadence-column5771_c902e0-aa > .kt-inside-inner-col{padding-top:var(--global-kb-spacing-xs, 1rem);padding-right:var(--global-kb-spacing-xs, 1rem);padding-bottom:var(--global-kb-spacing-xs, 1rem);padding-left:var(--global-kb-spacing-xs, 1rem);}.kadence-column5771_c902e0-aa > .kt-inside-inner-col{box-shadow:0px 0px 14px 0px rgba(0, 0, 0, 0.2);}.kadence-column5771_c902e0-aa > .kt-inside-inner-col,.kadence-column5771_c902e0-aa > .kt-inside-inner-col:before{border-top-left-radius:0px;border-top-right-radius:0px;border-bottom-right-radius:0px;border-bottom-left-radius:0px;}.kadence-column5771_c902e0-aa > .kt-inside-inner-col{column-gap:var(--global-kb-gap-sm, 1rem);}.kadence-column5771_c902e0-aa > .kt-inside-inner-col{flex-direction:column;align-items:center;}.kadence-column5771_c902e0-aa > .kt-inside-inner-col > .kb-image-is-ratio-size{align-self:stretch;}.kadence-column5771_c902e0-aa > .kt-inside-inner-col > .wp-block-kadence-advancedgallery{align-self:stretch;}.kadence-column5771_c902e0-aa > .kt-inside-inner-col > .aligncenter{width:100%;}.kadence-column5771_c902e0-aa > .kt-inside-inner-col{background-color:var(--global-palette8, #F7FAFC);}.kadence-column5771_c902e0-aa > .kt-inside-inner-col:before{opacity:0.3;}.kadence-column5771_c902e0-aa{position:relative;}@media all and (max-width: 1024px){.kadence-column5771_c902e0-aa > .kt-inside-inner-col{flex-direction:column;justify-content:center;align-items:center;}}@media all and (max-width: 767px){.kadence-column5771_c902e0-aa > .kt-inside-inner-col{flex-direction:column;justify-content:center;align-items:center;}}<\/style>\n<div class=\"wp-block-kadence-column kadence-column5771_c902e0-aa\"><div class=\"kt-inside-inner-col\">\n<p>Veuillez \u00e9valuer cet aper\u00e7u des cabanes dans les arbres en Allemagne. Vous nous aiderez ainsi, ainsi que d&rsquo;autres amateurs de nature. Merci beaucoup \ud83d\ude42 !  <\/p>\n\n\n\n<div class=\"wp-block-yet-another-stars-rating-visitor-votes aligncenter yasr-vv-block\"><\/div>\n\n\n\n<p>Dans la <a href=\"https:\/\/walderlebnispfade.de\/fr\/experiences-en-foret\/\" data-type=\"page\" data-id=\"228\">recherche d&rsquo;exp\u00e9riences<\/a>, vous trouverez \u00e9galement toutes les autres cat\u00e9gories.<\/p>\n<\/div><\/div>\n\n<\/div><\/div><style>.wp-block-kadence-advancedheading.kt-adv-heading5771_6ea896-d4, .wp-block-kadence-advancedheading.kt-adv-heading5771_6ea896-d4[data-kb-block=\"kb-adv-heading5771_6ea896-d4\"]{font-style:normal;}.wp-block-kadence-advancedheading.kt-adv-heading5771_6ea896-d4 mark.kt-highlight, .wp-block-kadence-advancedheading.kt-adv-heading5771_6ea896-d4[data-kb-block=\"kb-adv-heading5771_6ea896-d4\"] mark.kt-highlight{font-style:normal;color:#f76a0c;-webkit-box-decoration-break:clone;box-decoration-break:clone;padding-top:0px;padding-right:0px;padding-bottom:0px;padding-left:0px;}.wp-block-kadence-advancedheading.kt-adv-heading5771_6ea896-d4 img.kb-inline-image, .wp-block-kadence-advancedheading.kt-adv-heading5771_6ea896-d4[data-kb-block=\"kb-adv-heading5771_6ea896-d4\"] img.kb-inline-image{width:150px;vertical-align:baseline;}<\/style>\n<h3 class=\"kt-adv-heading5771_6ea896-d4 wp-block-kadence-advancedheading\" data-kb-block=\"kb-adv-heading5771_6ea896-d4\">H\u00f4tels avec cabanes dans les arbres dans le Bade-Wurtemberg<\/h3>\n\n<figure class=\"wp-block-table is-style-regular has-small-font-size\"><table><thead><tr><th>Nom de l&rsquo;h\u00f4tel<\/th><th>Adresse<\/th><th>T\u00e9l\u00e9phone<\/th><th>Mail<\/th><th>Site web<\/th><th>Mois d&rsquo;ouverture<\/th><th>Chiens autoris\u00e9s <br\/>?<\/th><\/tr><\/thead><tbody><tr><td><strong><a href=\"https:\/\/walderlebnispfade.de\/fr\/Erlebnisse\/hotel-cabane-dans-les-arbres-geniesserhof\/\" data-type=\"erlebnisse\" data-id=\"6652\">Ferme gourmande<\/a><\/strong><\/td><td>Stauchestra\u00dfe 1, <br\/>78661 Dietingen<\/td><td>+49 741 94205867<\/td><td><a href=\"mailto:info@das-baum.haus\">info@das-baum.haus<\/a><\/td><td><a href=\"https:\/\/www.das-baum.haus\/\" target=\"_blank\" rel=\"noreferrer noopener\">das-baum.haus<\/a><\/td><td>Toute l&rsquo;ann\u00e9e<\/td><td>Non<\/td><\/tr><tr><td><strong><a href=\"https:\/\/walderlebnispfade.de\/fr\/Erlebnisse\/hotel-de-cabane-dans-les-arbres-oase-weil\/\" data-type=\"erlebnisse\" data-id=\"6670\">Oasis Weil<\/a><\/strong><\/td><td>Waldenbucher Stra\u00dfe 151, <br\/>71093 Weil im Sch\u00f6nbuch<\/td><td>+49 7157 669850<\/td><td><a href=\"mailto:info@oaseweil.de\">info@oaseweil.de<\/a><\/td><td><a href=\"https:\/\/oaseweil.de\/baumhaushotel\/\" target=\"_blank\" rel=\"noreferrer noopener\">oaseweil.de<\/a><\/td><td>Toute l&rsquo;ann\u00e9e<\/td><td>Non<\/td><\/tr><tr><td><a href=\"https:\/\/walderlebnispfade.de\/fr\/Erlebnisse\/hotel-maison-dans-les-arbres-rosenberg\/\" data-type=\"link\" data-id=\"https:\/\/walderlebnispfade.de\/erlebnisse\/baumhaushotel-rosenberg\/\"><strong>Rosenberg<\/strong><\/a><\/td><td>H\u00fcttenhof 5, <br\/>73494 Rosenberg<\/td><td>+49 157 53175432<\/td><td><a href=\"mailto:info@baumpalast.de\">info@baumpalast.de<\/a><\/td><td><a href=\"https:\/\/www.baumpalast.de\/\" target=\"_blank\" rel=\"noreferrer noopener\">baumpalast.de<\/a><\/td><td>Toute l&rsquo;ann\u00e9e<\/td><td>Oui<\/td><\/tr><tr><td><strong><a href=\"https:\/\/walderlebnispfade.de\/fr\/Erlebnisse\/hotel-cabane-dans-les-arbres-schluchsee\/\" data-type=\"link\" data-id=\"https:\/\/walderlebnispfade.de\/erlebnisse\/baumhaushotel-schluchsee\/\">Schluchsee<\/a><\/strong><\/td><td>Vorderaha 8, <br\/>79859 Schluchsee<\/td><td>+49 171 2746361<\/td><td><a href=\"mailto:info@naturcamp-schluchsee.de\">info@naturcamp-schluchsee.de<\/a><\/td><td><a href=\"https:\/\/www.naturcamp-schluchsee.de\/baumhaus-baumel\/\" target=\"_blank\" rel=\"noreferrer noopener\">naturcamp-schluchsee.de<\/a><\/td><td>avril \u2013 octobre<\/td><td>Non<\/td><\/tr><tr><td><strong><a href=\"https:\/\/walderlebnispfade.de\/fr\/Erlebnisse\/hotel-cabane-dans-les-arbres-foret-noire\/\" data-type=\"link\" data-id=\"https:\/\/walderlebnispfade.de\/erlebnisse\/baumhaushotel-schwarzwald\/\">For\u00eat-Noire<\/a><\/strong><\/td><td>Tretenhofstr. 76, <br\/>77960 Seelbach <\/td><td>+49 7823 960950<\/td><td><a href=\"mailto:info@spacamping.de\">info@spacamping.de<\/a><\/td><td><a href=\"https:\/\/spacamping.de\/de\/unterkuenfte\/baumhausdoerfle\/\" target=\"_blank\" rel=\"noopener\">spacamping.de<\/a><\/td><td>Toute l&rsquo;ann\u00e9e<\/td><td>Non<\/td><\/tr><tr><td><strong><a href=\"https:\/\/walderlebnispfade.de\/fr\/Erlebnisse\/hotel-de-la-cabane-dans-les-arbres-tripsdrill\/\" data-type=\"link\" data-id=\"https:\/\/walderlebnispfade.de\/erlebnisse\/baumhaushotel-tripsdrill\/\">Tripsdrill<\/a><\/strong><\/td><td>Parc d&rsquo;attractions Tripsdrill-Str. 1, <br\/>74389 Cleebronn <\/td><td>+49 7135 999333<\/td><td><a href=\"mailto:service@tripsdrill.de\">service@tripsdrill.de<\/a><\/td><td><a href=\"https:\/\/tripsdrill.de\/de\/natur-resort\/baumhaeuser\" target=\"_blank\" rel=\"noreferrer noopener\">tripsdrill.de<\/a><\/td><td>Toute l&rsquo;ann\u00e9e<\/td><td>Oui<\/td><\/tr><\/tbody><\/table><figcaption class=\"wp-element-caption\">Cabanes dans les arbres en BW<\/figcaption><\/figure>\n\n<hr class=\"wp-block-separator has-alpha-channel-opacity\"\/>\n<style>.wp-block-kadence-advancedheading.kt-adv-heading5771_79d124-46, .wp-block-kadence-advancedheading.kt-adv-heading5771_79d124-46[data-kb-block=\"kb-adv-heading5771_79d124-46\"]{font-style:normal;}.wp-block-kadence-advancedheading.kt-adv-heading5771_79d124-46 mark.kt-highlight, .wp-block-kadence-advancedheading.kt-adv-heading5771_79d124-46[data-kb-block=\"kb-adv-heading5771_79d124-46\"] mark.kt-highlight{font-style:normal;color:#f76a0c;-webkit-box-decoration-break:clone;box-decoration-break:clone;padding-top:0px;padding-right:0px;padding-bottom:0px;padding-left:0px;}.wp-block-kadence-advancedheading.kt-adv-heading5771_79d124-46 img.kb-inline-image, .wp-block-kadence-advancedheading.kt-adv-heading5771_79d124-46[data-kb-block=\"kb-adv-heading5771_79d124-46\"] img.kb-inline-image{width:150px;vertical-align:baseline;}<\/style>\n<h3 class=\"kt-adv-heading5771_79d124-46 wp-block-kadence-advancedheading\" data-kb-block=\"kb-adv-heading5771_79d124-46\">H\u00f4tels avec cabanes dans les arbres en Bavi\u00e8re<\/h3>\n\n<figure class=\"wp-block-table has-small-font-size\"><table><thead><tr><th>Nom de l&rsquo;h\u00f4tel<\/th><th>Adresse<\/th><th>T\u00e9l\u00e9phone<\/th><th>Mail<\/th><th>Site web<\/th><th>Mois d&rsquo;ouverture<\/th><th>Chiens autoris\u00e9s<br\/>?<\/th><\/tr><\/thead><tbody><tr><td><strong><a href=\"https:\/\/walderlebnispfade.de\/fr\/Erlebnisse\/hotel-cabane-dans-les-arbres-moenchberg\/\" data-type=\"link\" data-id=\"https:\/\/walderlebnispfade.de\/erlebnisse\/baumhaushotel-moenchberg\/\">M\u00f6nchberg<\/a><\/strong><\/td><td>Am Brunnweg,<br\/>63933 M\u00f6nchberg<\/td><td>+49 9374 319<\/td><td><a href=\"mailto:info@wipfelglueck.de\">info@wipfelglueck.de<\/a><\/td><td><a href=\"https:\/\/www.wipfelglueck.de\" target=\"_blank\" rel=\"noreferrer noopener\">wipfelglueck.de<\/a><\/td><td>Toute l&rsquo;ann\u00e9e<\/td><td>Oui<\/td><\/tr><tr><td><strong><a href=\"https:\/\/walderlebnispfade.de\/fr\/Erlebnisse\/hotel-de-la-maison-dans-les-arbres-hofgut-hafnerleiten\/\">Domaine de Hafnerleiten<\/a><\/strong><\/td><td>Brunndobl 16,<br\/>84364 Bad Birnbach<\/td><td>+49 8563 91511<\/td><td><a href=\"mailto:post@hofgut.info\">post@hofgut.info<\/a><\/td><td><a href=\"https:\/\/www.hofgut.info\" target=\"_blank\" rel=\"noreferrer noopener\">hofgut.info<\/a><\/td><td>Toute l&rsquo;ann\u00e9e<\/td><td>Partiellement<\/td><\/tr><tr><td><strong><a href=\"https:\/\/walderlebnispfade.de\/fr\/Erlebnisse\/hotel-cabane-dans-les-arbres-en-haute-baviere-bien-etre-de-luxe-entre-les-cimes-des-arbres\/\" data-type=\"erlebnisse\" data-id=\"6979\">Haute-Bavi\u00e8re<\/a><\/strong><\/td><td>Rue de l&rsquo;\u00e9cole 26,<br\/>85305 Jetzendorf<\/td><td>+49 8137 9962595<\/td><td><a href=\"mailto:info@baumhaushotel-oberbayern.com\">info@baumhaushotel-oberbayern.com<\/a><\/td><td><a href=\"https:\/\/baumhaushotel-oberbayern.com\/\" target=\"_blank\" rel=\"noreferrer noopener\">baumhaushotel-oberbayern.com<\/a><\/td><td>Toute l&rsquo;ann\u00e9e<\/td><td>Oui<\/td><\/tr><tr><td><strong><a href=\"https:\/\/walderlebnispfade.de\/fr\/Erlebnisse\/hotel-cabane-dans-les-arbres-auszeit\/\">Temps mort<\/a><\/strong><\/td><td>Kammelauwald 1,<br\/>89358 Kammeltal<\/td><td>+49 170 1705882<\/td><td><a href=\"mailto:info@baumhotel-auszeit.de\">info@baumhotel-auszeit.de<\/a><\/td><td><a href=\"\/\/www.baumhotel-auszeit.de\" target=\"_blank\" rel=\"noreferrer noopener\">baumhotel-auszeit.de<\/a><\/td><td>Toute l&rsquo;ann\u00e9e<\/td><td>Oui<\/td><\/tr><tr><td><a href=\"https:\/\/walderlebnispfade.de\/fr\/Erlebnisse\/hotel-de-la-maison-dans-larbre-allgaeu\/\" data-type=\"link\" data-id=\"https:\/\/walderlebnispfade.de\/erlebnisse\/baumhaushotel-allgaeu\/\"><strong>Allg\u00e4u<\/strong><\/a><\/td><td>Kaisersmad 6,<br\/>87488 Betzigau<\/td><td>+49 8304 9291725<\/td><td><a href=\"mailto:info@baumhaushotel-allgaeu.de\">info@baumhaushotel-allgaeu.de<\/a><\/td><td><a href=\"\/\/www.baumhaushotel-allgaeu.de\" target=\"_blank\" rel=\"noreferrer noopener\">baumhaushotel-allgaeu.de<\/a><\/td><td>Toute l&rsquo;ann\u00e9e<\/td><td>Oui<\/td><\/tr><tr><td><a href=\"https:\/\/walderlebnispfade.de\/fr\/Erlebnisse\/hotel-cabane-dans-les-arbres-vogelsam\/\" data-type=\"link\" data-id=\"https:\/\/walderlebnispfade.de\/erlebnisse\/baumhaushotel-vogelsam\/\"><strong>Vogelsam<\/strong><\/a><\/td><td>Voglsam 1, <br\/>84337 Sch\u00f6nau<\/td><td>+49 8726 210<\/td><td><a href=\"mailto:info@erlebnispark-voglsam.de\">info@erlebnispark-voglsam.de<\/a><\/td><td><a href=\"https:\/\/www.erlebnispark-voglsam.de\/baumhauspark.html\" target=\"_blank\" rel=\"noreferrer noopener\">erlebnispark-voglsam.de<\/a><\/td><td>avril \u2013 septembre<\/td><td>Non<\/td><\/tr><tr><td><a href=\"https:\/\/walderlebnispfade.de\/fr\/Erlebnisse\/hotel-kranzbach-avec-cabane-dans-les-arbres\/\" data-type=\"link\" data-id=\"https:\/\/walderlebnispfade.de\/erlebnisse\/baumhaushotel-kranzbach\/\"><strong>Kranzbach<\/strong><\/a><\/td><td>In Kranzbach 1,<br\/>82493 Kr\u00fcn<\/td><td>+49 8823 928000<\/td><td><a href=\"mailto:info@daskranzbach.de\">info@daskranzbach.de<\/a><\/td><td><a href=\"https:\/\/www.daskranzbach.de\/de\/das-kranzbach-baumhaus.html\" target=\"_blank\" rel=\"noreferrer noopener\">daskranzbach.de<\/a><\/td><td>Toute l&rsquo;ann\u00e9e<\/td><td>Partiellement<\/td><\/tr><tr><td><strong><a href=\"https:\/\/walderlebnispfade.de\/fr\/Erlebnisse\/hotel-cabane-dans-les-arbres-samerberg\/\">Samerberg<\/a><\/strong><\/td><td>Steinkirchen 10,<br\/>83122 Samerberg<\/td><td>+49 8032 8202<\/td><td><a href=\"mailto:info@baumhaus-samerberg.de\">info@baumhaus-samerberg.de<\/a><\/td><td><a href=\"https:\/\/www.baumhaus-samerberg.de\/\" target=\"_blank\" rel=\"noreferrer noopener\">baumhaus-samerberg.de<\/a><\/td><td>Toute l&rsquo;ann\u00e9e<\/td><td>Non<\/td><\/tr><tr><td><strong><a href=\"https:\/\/walderlebnispfade.de\/fr\/Erlebnisse\/baumhaushotel-schlossanger\/\">Schlossanger<\/a><\/strong><\/td><td>Am Schlossanger 1,<br\/>87459 Pfronten<\/td><td>+49 8363 914550<\/td><td><a href=\"mailto:info@schlossanger.de\">info@schlossanger.de<\/a><\/td><td><a href=\"https:\/\/www.schlossanger.de\/urlaub-allgaeu\/baumhaus\/\" target=\"_blank\" rel=\"noreferrer noopener\">schlossanger.de<\/a><\/td><td>Toute l&rsquo;ann\u00e9e<\/td><td>Oui<\/td><\/tr><tr><td><strong><a href=\"https:\/\/walderlebnispfade.de\/fr\/Erlebnisse\/hotel-cabane-dans-les-arbres-seemuehle\/\" data-type=\"link\" data-id=\"https:\/\/walderlebnispfade.de\/erlebnisse\/baumhaushotel-seemuehle\/\">Moulin de la mer<\/a><\/strong><\/td><td>Seem\u00fchle 1,<br\/>97782 Gr\u00e4fendorf<\/td><td>+49 9357 9098020<\/td><td><a href=\"mailto:info@das-baumhaushotel.de\">info@das-baumhaushotel.de<\/a><\/td><td><a href=\"https:\/\/www.das-baumhaushotel.de\/\" target=\"_blank\" rel=\"noreferrer noopener\">das-baumhaushotel.de<\/a><\/td><td>Toute l&rsquo;ann\u00e9e<\/td><td>Non<\/td><\/tr><tr><td><strong><a href=\"https:\/\/walderlebnispfade.de\/fr\/Erlebnisse\/hotel-de-la-maison-dans-les-arbres-mainbaumhaus\/\">Mainbaumhaus<\/a><\/strong><\/td><td>Theodor-Heuss-Str. 35,<br\/>97855 Triefenstein-Lengfurt <\/td><td>+49 9395 877530<\/td><td><a href=\"mailto:info@mainbaumhaus.de\">info@mainbaumhaus.de<\/a><\/td><td><a href=\"\/\/www.mainbaumhaus.de\" target=\"_blank\" rel=\"noreferrer noopener\">mainbaumhaus.de<\/a><\/td><td>Toute l&rsquo;ann\u00e9e<\/td><td>Non<\/td><\/tr><\/tbody><\/table><figcaption class=\"wp-element-caption\">Cabanes dans les arbres en BY<\/figcaption><\/figure>\n\n<hr class=\"wp-block-separator has-alpha-channel-opacity\"\/>\n<style>.wp-block-kadence-advancedheading.kt-adv-heading5771_aa84ec-0a, .wp-block-kadence-advancedheading.kt-adv-heading5771_aa84ec-0a[data-kb-block=\"kb-adv-heading5771_aa84ec-0a\"]{font-style:normal;}.wp-block-kadence-advancedheading.kt-adv-heading5771_aa84ec-0a mark.kt-highlight, .wp-block-kadence-advancedheading.kt-adv-heading5771_aa84ec-0a[data-kb-block=\"kb-adv-heading5771_aa84ec-0a\"] mark.kt-highlight{font-style:normal;color:#f76a0c;-webkit-box-decoration-break:clone;box-decoration-break:clone;padding-top:0px;padding-right:0px;padding-bottom:0px;padding-left:0px;}.wp-block-kadence-advancedheading.kt-adv-heading5771_aa84ec-0a img.kb-inline-image, .wp-block-kadence-advancedheading.kt-adv-heading5771_aa84ec-0a[data-kb-block=\"kb-adv-heading5771_aa84ec-0a\"] img.kb-inline-image{width:150px;vertical-align:baseline;}<\/style>\n<h3 class=\"kt-adv-heading5771_aa84ec-0a wp-block-kadence-advancedheading\" data-kb-block=\"kb-adv-heading5771_aa84ec-0a\">H\u00f4tels avec cabanes dans les arbres dans le Brandebourg<\/h3>\n\n<figure class=\"wp-block-table has-small-font-size\"><table><thead><tr><th>Nom de l&rsquo;h\u00f4tel<\/th><th>Adresse<\/th><th>T\u00e9l\u00e9phone<\/th><th>Mail<\/th><th>Site web<\/th><th>Mois d&rsquo;ouverture<\/th><th>Chiens autoris\u00e9s<br\/>?<\/th><\/tr><\/thead><tbody><tr><td><strong><a href=\"https:\/\/walderlebnispfade.de\/fr\/Erlebnisse\/hotel-cabane-dans-les-arbres-uckermark\/\">Uckermark<\/a><\/strong><\/td><td>Gut Gollin 1,<br\/>17268 Templin<\/td><td>+49 39882 619941<\/td><td><a href=\"mailto:mail@baumhaushotel-uckermark.de\">mail@baumhaushotel-uckermark.de<\/a><\/td><td><a href=\"https:\/\/www.baumhaushotel-uckermark.de\/\" target=\"_blank\" rel=\"noreferrer noopener\">baumhaushotel-uckermark.de<\/a><\/td><td>Toute l&rsquo;ann\u00e9e<\/td><td>Non<\/td><\/tr><\/tbody><\/table><figcaption class=\"wp-element-caption\">Cabanes dans les arbres en BB<\/figcaption><\/figure>\n\n<hr class=\"wp-block-separator has-alpha-channel-opacity\"\/>\n<style>.wp-block-kadence-advancedheading.kt-adv-heading5771_28c5c9-57, .wp-block-kadence-advancedheading.kt-adv-heading5771_28c5c9-57[data-kb-block=\"kb-adv-heading5771_28c5c9-57\"]{font-style:normal;}.wp-block-kadence-advancedheading.kt-adv-heading5771_28c5c9-57 mark.kt-highlight, .wp-block-kadence-advancedheading.kt-adv-heading5771_28c5c9-57[data-kb-block=\"kb-adv-heading5771_28c5c9-57\"] mark.kt-highlight{font-style:normal;color:#f76a0c;-webkit-box-decoration-break:clone;box-decoration-break:clone;padding-top:0px;padding-right:0px;padding-bottom:0px;padding-left:0px;}.wp-block-kadence-advancedheading.kt-adv-heading5771_28c5c9-57 img.kb-inline-image, .wp-block-kadence-advancedheading.kt-adv-heading5771_28c5c9-57[data-kb-block=\"kb-adv-heading5771_28c5c9-57\"] img.kb-inline-image{width:150px;vertical-align:baseline;}<\/style>\n<h3 class=\"kt-adv-heading5771_28c5c9-57 wp-block-kadence-advancedheading\" data-kb-block=\"kb-adv-heading5771_28c5c9-57\">H\u00f4tels avec cabanes dans les arbres en Hesse<\/h3>\n\n<figure class=\"wp-block-table has-small-font-size\"><table><thead><tr><th>Nom de l&rsquo;h\u00f4tel<\/th><th>Adresse<\/th><th>T\u00e9l\u00e9phone<\/th><th>Mail<\/th><th>Site web<\/th><th>Mois d&rsquo;ouverture<\/th><th>Chiens autoris\u00e9s<br\/>?<\/th><\/tr><\/thead><tbody><tr><td><strong><a href=\"https:\/\/walderlebnispfade.de\/fr\/Erlebnisse\/hotel-cabane-dans-les-arbres-odenwald\/\" data-type=\"link\" data-id=\"https:\/\/walderlebnispfade.de\/erlebnisse\/baumhaushotel-odenwald\/\">Odenwald<\/a><\/strong><\/td><td>Am Traumblick 1,<br\/>64747 Breuberg<\/td><td>+49 171 2185875<\/td><td><a href=\"mailto:info@baumhausapartment.de\">info@baumhausapartment.de<\/a><\/td><td><a href=\"https:\/\/www.baumhausapartment.de\/\" target=\"_blank\" rel=\"noreferrer noopener\">baumhausapartment.de<\/a><\/td><td>Toute l&rsquo;ann\u00e9e<\/td><td>Oui<\/td><\/tr><tr><td><strong><a href=\"https:\/\/walderlebnispfade.de\/fr\/Erlebnisse\/hotel-cabane-dans-les-arbres-nid-de-robin\/\" data-type=\"link\" data-id=\"https:\/\/walderlebnispfade.de\/erlebnisse\/baumhaushotel-robins-nest\/\">Le nid de Robin<\/a><\/strong><\/td><td>Berplesch 1,<br\/>37218 Witzenhausen<\/td><td>+49 5542 5055056<\/td><td><a href=\"mailto:brieftaube@robins-nest.de\">brieftaube@robins-nest.de<\/a><\/td><td><a href=\"https:\/\/www.robins-nest.de\/\" target=\"_blank\" rel=\"noreferrer noopener\">robins-nest.de<\/a><\/td><td>Toute l&rsquo;ann\u00e9e<\/td><td>Oui<\/td><\/tr><\/tbody><\/table><figcaption class=\"wp-element-caption\">Cabanes dans les arbres en HE<\/figcaption><\/figure>\n\n<hr class=\"wp-block-separator has-alpha-channel-opacity\"\/>\n<style>.wp-block-kadence-advancedheading.kt-adv-heading5771_25e454-f5, .wp-block-kadence-advancedheading.kt-adv-heading5771_25e454-f5[data-kb-block=\"kb-adv-heading5771_25e454-f5\"]{font-style:normal;}.wp-block-kadence-advancedheading.kt-adv-heading5771_25e454-f5 mark.kt-highlight, .wp-block-kadence-advancedheading.kt-adv-heading5771_25e454-f5[data-kb-block=\"kb-adv-heading5771_25e454-f5\"] mark.kt-highlight{font-style:normal;color:#f76a0c;-webkit-box-decoration-break:clone;box-decoration-break:clone;padding-top:0px;padding-right:0px;padding-bottom:0px;padding-left:0px;}.wp-block-kadence-advancedheading.kt-adv-heading5771_25e454-f5 img.kb-inline-image, .wp-block-kadence-advancedheading.kt-adv-heading5771_25e454-f5[data-kb-block=\"kb-adv-heading5771_25e454-f5\"] img.kb-inline-image{width:150px;vertical-align:baseline;}<\/style>\n<h3 class=\"kt-adv-heading5771_25e454-f5 wp-block-kadence-advancedheading\" data-kb-block=\"kb-adv-heading5771_25e454-f5\">H\u00f4tels avec cabanes dans les arbres dans le Mecklembourg-Pom\u00e9ranie occidentale<\/h3>\n\n<figure class=\"wp-block-table has-small-font-size\"><table><thead><tr><th>Nom de l&rsquo;h\u00f4tel<\/th><th>Adresse<\/th><th>T\u00e9l\u00e9phone<\/th><th>Mail<\/th><th>Site web<\/th><th>Mois d&rsquo;ouverture<\/th><th>Chiens autoris\u00e9s<br\/>?<\/th><\/tr><\/thead><tbody><tr><td><strong><a href=\"https:\/\/walderlebnispfade.de\/fr\/Erlebnisse\/hotel-cabane-dans-les-arbres-surfhostel\/\">Surfhostel<\/a><\/strong><\/td><td>Quartier de Haide,<br\/>18569 Ummanz<\/td><td>+49 38305 55018<\/td><td><a href=\"mailto:hostel@ummaii.de\">hostel@ummaii.de<\/a><\/td><td><a href=\"https:\/\/www.ummaii.de\/unterkunft-tikibar\/baumhaus\/\" target=\"_blank\" rel=\"noreferrer noopener\">ummaii.de<\/a><\/td><td>avril \u2013 octobre<\/td><td>Oui<\/td><\/tr><tr><td><a href=\"https:\/\/walderlebnispfade.de\/fr\/Erlebnisse\/hotel-cabane-dans-les-arbres-vogelpark-marlow\/\"><strong>Parc ornithologique de Marlow<\/strong><\/a><\/td><td>K\u00f6lzower Chaussee 1,<br\/>18337 Marlow<\/td><td>+49 38221 265<\/td><td><a href=\"mailto:lockvogel@vogelpark-marlow.de\">lockvogel@vogelpark-marlow.de<\/a><\/td><td><a href=\"https:\/\/vogelpark-marlow.de\/uebernachtungen\/haus-baumbett-deluxe\/\" target=\"_blank\" rel=\"noreferrer noopener\">vogelpark-marlow.de<\/a><\/td><td>mai \u2013 septembre<\/td><td>Non<\/td><\/tr><tr><td><strong><a href=\"https:\/\/walderlebnispfade.de\/fr\/Erlebnisse\/hotel-cabane-dans-les-arbres-zoo-de-schwerin\/\">Zoo de Schwerin<\/a><\/strong><\/td><td>An der Crivitzer Chaussee 1,<br\/>19061 Schwerin<\/td><td>+49 385 395510<\/td><td><a href=\"mailto:info@zoo-schwerin.de\">info@zoo-schwerin.de<\/a><\/td><td><a href=\"https:\/\/www.zoo-schwerin.de\/erlebnisse\/baumhaus\" target=\"_blank\" rel=\"noreferrer noopener\">zoo-schwerin.de<\/a><\/td><td>mars \u2013 octobre<\/td><td>Non<\/td><\/tr><\/tbody><\/table><figcaption class=\"wp-element-caption\">Cabanes dans les arbres en MV<\/figcaption><\/figure>\n\n<hr class=\"wp-block-separator has-alpha-channel-opacity\"\/>\n<style>.wp-block-kadence-advancedheading.kt-adv-heading5771_eabf54-23, .wp-block-kadence-advancedheading.kt-adv-heading5771_eabf54-23[data-kb-block=\"kb-adv-heading5771_eabf54-23\"]{font-style:normal;}.wp-block-kadence-advancedheading.kt-adv-heading5771_eabf54-23 mark.kt-highlight, .wp-block-kadence-advancedheading.kt-adv-heading5771_eabf54-23[data-kb-block=\"kb-adv-heading5771_eabf54-23\"] mark.kt-highlight{font-style:normal;color:#f76a0c;-webkit-box-decoration-break:clone;box-decoration-break:clone;padding-top:0px;padding-right:0px;padding-bottom:0px;padding-left:0px;}.wp-block-kadence-advancedheading.kt-adv-heading5771_eabf54-23 img.kb-inline-image, .wp-block-kadence-advancedheading.kt-adv-heading5771_eabf54-23[data-kb-block=\"kb-adv-heading5771_eabf54-23\"] img.kb-inline-image{width:150px;vertical-align:baseline;}<\/style>\n<h3 class=\"kt-adv-heading5771_eabf54-23 wp-block-kadence-advancedheading\" data-kb-block=\"kb-adv-heading5771_eabf54-23\">H\u00f4tels avec cabanes dans les arbres en Basse-Saxe<\/h3>\n\n<figure class=\"wp-block-table has-small-font-size\"><table><thead><tr><th>Nom de l&rsquo;h\u00f4tel<\/th><th>Adresse<\/th><th>T\u00e9l\u00e9phone<\/th><th>Mail<\/th><th>Site web<\/th><th>Mois d&rsquo;ouverture<\/th><th>Chiens autoris\u00e9s<br\/>?<\/th><\/tr><\/thead><tbody><tr><td>Almke<\/td><td>Volkmarsdorfer Stra\u00dfe 100,<br\/>38446 Wolfsburg<\/td><td>+49 05365 94150<\/td><td><a href=\"mailto:jzp-almke@stjr.de\">jzp-almke@stjr.de<\/a><\/td><td><a href=\"https:\/\/www.almke.info\/baumhaus\/\" target=\"_blank\" rel=\"noreferrer noopener\">almke.info<\/a><\/td><td><strong><em>Actuellement ferm\u00e9<\/em><\/strong><\/td><td>Non<\/td><\/tr><tr><td><a href=\"https:\/\/walderlebnispfade.de\/fr\/Erlebnisse\/hotel-cabane-dans-les-arbres-sottrum\/\" data-type=\"link\" data-id=\"https:\/\/walderlebnispfade.de\/erlebnisse\/baumhaushotel-sottrum\/\"><strong>Sottrum<\/strong><\/a><\/td><td>Ziegeleistra\u00dfe 28,<br\/>31188 Holle<\/td><td>+49 50628860<\/td><td><a href=\"mailto:mail@familienpark-sottrum.de\">mail@familienpark-sottrum.de<\/a><\/td><td><a href=\"http:\/\/www.familienparksottrum.de\/index.php\/informationen\/uebernachtung\/baumhaeuser-2\" target=\"_blank\" rel=\"noreferrer noopener\">familienparksottrum.de<\/a><\/td><td>mars \u2013 octobre<\/td><td>Non<\/td><\/tr><tr><td><strong><a href=\"https:\/\/walderlebnispfade.de\/fr\/Erlebnisse\/auberge-de-la-cabane-dans-les-arbres-bockhop\/\">Bockhop<\/a><\/strong><\/td><td>Wiesenweg 43,<br\/>27246 Borstel<\/td><td>+49 172 7749281<\/td><td><a href=\"mailto:info@baumhausherberge.de\">info@baumhausherberge.de<\/a><\/td><td><a href=\"https:\/\/www.baumhausherberge.de\/\" target=\"_blank\" rel=\"noopener\">baumhausherberge.de<\/a><\/td><td>Toute l&rsquo;ann\u00e9e<\/td><td>Partiellement<\/td><\/tr><tr><td>La lande de Bispingen<\/td><td>T\u00f6pinger Str. 69,<br\/>29646 Bispingen<\/td><td>+49 221 650 31414<\/td><td><\/td><td><a href=\"https:\/\/www.centerparcs.de\/de-de\/deutschland\/fp_BS_ferienpark-bispinger-heide\" target=\"_blank\" rel=\"noreferrer noopener\">centerparcs.de<\/a><\/td><td>Toute l&rsquo;ann\u00e9e<\/td><td>Partiellement<\/td><\/tr><tr><td><strong><a href=\"https:\/\/walderlebnispfade.de\/fr\/Erlebnisse\/resort-baumgefluester\/\">Chuchotement des arbres<\/a><\/strong><\/td><td>Brannenweg 22,<br\/>26160 Bad Zwischenahn<\/td><td>+49 179 7392658<\/td><td><a href=\"mailto:info@baumgefluester.de\">info@baumgefluester.de<\/a><\/td><td><a href=\"https:\/\/www.baumgefluester.com\/\" target=\"_blank\" rel=\"noreferrer noopener\">baumgefluester.com<\/a><\/td><td>Toute l&rsquo;ann\u00e9e<\/td><td>Non<\/td><\/tr><tr><td><strong><a href=\"https:\/\/walderlebnispfade.de\/fr\/Erlebnisse\/hotel-de-cabane-dans-les-arbres-solling\/\">Solling<\/a><\/strong><\/td><td>In der Loh,<br\/>37170 Uslar<\/td><td>+49 5571 919305<\/td><td><a href=\"mailto:info@baumhaushotel-solling.de\">info@baumhaushotel-solling.de<\/a><\/td><td><a href=\"https:\/\/www.baumhaushotel-solling.de\/\" target=\"_blank\" rel=\"noreferrer noopener\">baumhaushotel-solling.de<\/a><\/td><td>Toute l&rsquo;ann\u00e9e<\/td><td>Partiellement<\/td><\/tr><tr><td><strong><a href=\"https:\/\/walderlebnispfade.de\/fr\/Erlebnisse\/hotel-treeinn-dans-les-arbres\/\">TreeInn<\/a><\/strong><\/td><td>Kasernenstra\u00dfe 2,<br\/>27313 D\u00f6rverden<\/td><td>+49 4234 4999586<\/td><td><a href=\"mailto:info@tree-inn.de\">info@tree-inn.de<\/a><\/td><td><a href=\"https:\/\/www.tree-inn.de\/\" target=\"_blank\" rel=\"noreferrer noopener\">www.tree-inn.de<\/a><\/td><td>Toute l&rsquo;ann\u00e9e<\/td><td>Non<\/td><\/tr><tr><td>Cuxhaven<\/td><td>Wernerwaldstra\u00dfe 6,<br\/>27476 Cuxhaven<\/td><td>+49 4721 29012<\/td><td><a href=\"mailto:info@baumhaus-cuxhaven.de\">info@baumhaus-cuxhaven.de<\/a><\/td><td><a href=\"https:\/\/www.baumhaus-cuxhaven.de\/\" target=\"_blank\" rel=\"noreferrer noopener\">baumhaus-cuxhaven.de<\/a><\/td><td>avril \u2013 octobre<\/td><td>Non<\/td><\/tr><tr><td><strong><a href=\"https:\/\/walderlebnispfade.de\/fr\/Erlebnisse\/hotel-kenners-avec-cabane-dans-les-arbres\/\">Kenners<\/a><\/strong><\/td><td>D\u00fcbbekold Nr. 1<br\/>29473 G\u00f6hrde<\/td><td>+49 5855 979300<\/td><td><a href=\"mailto:info@kenners-landlust.de\">info@kenners-landlust.de<\/a><\/td><td><a href=\"https:\/\/www.kenners-landlust.de\/zimmer-angebote\/bio-baumhaeuser.html\" target=\"_blank\" data-type=\"link\" data-id=\"https:\/\/www.kenners-landlust.de\/zimmer-angebote\/bio-baumhaeuser.html\" rel=\"noreferrer noopener\">www.kenners-landlust.de<\/a><\/td><td>Toute l&rsquo;ann\u00e9e<\/td><td>Non<\/td><\/tr><tr><td><strong><a href=\"https:\/\/walderlebnispfade.de\/fr\/Erlebnisse\/hotel-cabane-dans-les-arbres-waldquelle\/\">Source de la for\u00eat<\/a><\/strong><\/td><td>Waldquelle 1,<br\/>31855 Aerzen<\/td><td>+49 5154 95220<\/td><td><a href=\"mailto:Info@hotel-waldquelle.de\">Info@hotel-waldquelle.de<\/a><\/td><td><a href=\"https:\/\/www.hotel-waldquelle.de\/\" target=\"_blank\" rel=\"noreferrer noopener\">hotel-waldquelle.de<\/a><\/td><td>Toute l&rsquo;ann\u00e9e<\/td><td>Non<\/td><\/tr><tr><td><strong><a href=\"https:\/\/walderlebnispfade.de\/fr\/Erlebnisse\/hotel-de-cabane-dans-les-arbres-elbinselhof-krautsand\/\">Krautsand<\/a><\/strong><\/td><td>Schanzenstr. 23,<br\/>21706 Krautsand <\/td><td>+49 4143 911950<\/td><td><a href=\"mailto:info@elbinselhof-krautsand.de\">info@elbinselhof-krautsand.de<\/a><\/td><td><a href=\"https:\/\/islandpferde-krautsand.de\/\" target=\"_blank\" rel=\"noreferrer noopener\">islandpferde-krautsand.de<\/a><\/td><td>Toute l&rsquo;ann\u00e9e<\/td><td>Oui<\/td><\/tr><\/tbody><\/table><figcaption class=\"wp-element-caption\">Cabanes dans les arbres en NI<\/figcaption><\/figure>\n\n<hr class=\"wp-block-separator has-alpha-channel-opacity\"\/>\n\n<blockquote class=\"wp-block-quote is-layout-flow wp-block-quote-is-layout-flow\">\n<blockquote class=\"wp-block-quote is-layout-flow wp-block-quote-is-layout-flow\">\n<p class=\"has-theme-palette-4-color has-theme-palette-8-background-color has-text-color has-background has-link-color wp-elements-414eec8d245c17e34c427d8d3af37873\">Passer une nuit dans une cabane dans les arbres a quelque chose de magique. Les feuilles bruissent dans le vent, les oiseaux chantent le matin, le bois sent bon et craque. Un pur moment de d\u00e9tente !  <\/p>\n<\/blockquote>\n<\/blockquote>\n<style>.wp-block-kadence-advancedheading.kt-adv-heading5771_d4b03e-93, .wp-block-kadence-advancedheading.kt-adv-heading5771_d4b03e-93[data-kb-block=\"kb-adv-heading5771_d4b03e-93\"]{font-style:normal;}.wp-block-kadence-advancedheading.kt-adv-heading5771_d4b03e-93 mark.kt-highlight, .wp-block-kadence-advancedheading.kt-adv-heading5771_d4b03e-93[data-kb-block=\"kb-adv-heading5771_d4b03e-93\"] mark.kt-highlight{font-style:normal;color:#f76a0c;-webkit-box-decoration-break:clone;box-decoration-break:clone;padding-top:0px;padding-right:0px;padding-bottom:0px;padding-left:0px;}.wp-block-kadence-advancedheading.kt-adv-heading5771_d4b03e-93 img.kb-inline-image, .wp-block-kadence-advancedheading.kt-adv-heading5771_d4b03e-93[data-kb-block=\"kb-adv-heading5771_d4b03e-93\"] img.kb-inline-image{width:150px;vertical-align:baseline;}<\/style>\n<h3 class=\"kt-adv-heading5771_d4b03e-93 wp-block-kadence-advancedheading\" data-kb-block=\"kb-adv-heading5771_d4b03e-93\">H\u00f4tels avec cabanes dans les arbres en Rh\u00e9nanie-du-Nord-Westphalie<\/h3>\n\n<figure class=\"wp-block-table has-small-font-size\"><table><thead><tr><th>Nom de l&rsquo;h\u00f4tel<\/th><th>Adresse<\/th><th>T\u00e9l\u00e9phone<\/th><th>Mail<\/th><th>Site web<\/th><th>Mois d&rsquo;ouverture<\/th><th>Chiens autoris\u00e9s<br\/>?<\/th><\/tr><\/thead><tbody><tr><td><strong><a href=\"https:\/\/walderlebnispfade.de\/fr\/Erlebnisse\/cabanes-dans-les-arbres-au-lac-sorpe\/\" data-type=\"link\" data-id=\"https:\/\/walderlebnispfade.de\/erlebnisse\/baumhaeuser-am-sorpesee\/\">Lac de Sorpe<\/a><\/strong><\/td><td>Am Sorpesee 193,<br\/>59846 Sundern<\/td><td>+49 2935 9699015<\/td><td><a href=\"mailto:vermietung@sorpesee.de\">vermietung@sorpesee.de<\/a><\/td><td><a href=\"https:\/\/sorpesee.com\/uebernachten-campen\/nordic-ferienpark-sorpesee\/baumhaeuser-am-sorpesee\/\" target=\"_blank\" rel=\"noreferrer noopener\">sorpesee.com<\/a><\/td><td>Toute l&rsquo;ann\u00e9e<\/td><td>Partiellement<\/td><\/tr><\/tbody><\/table><figcaption class=\"wp-element-caption\">Cabanes dans les arbres en Rh\u00e9nanie-du-Nord-Westphalie<\/figcaption><\/figure>\n\n<hr class=\"wp-block-separator has-alpha-channel-opacity\"\/>\n<style>.wp-block-kadence-advancedheading.kt-adv-heading5771_36ad23-36, .wp-block-kadence-advancedheading.kt-adv-heading5771_36ad23-36[data-kb-block=\"kb-adv-heading5771_36ad23-36\"]{font-style:normal;}.wp-block-kadence-advancedheading.kt-adv-heading5771_36ad23-36 mark.kt-highlight, .wp-block-kadence-advancedheading.kt-adv-heading5771_36ad23-36[data-kb-block=\"kb-adv-heading5771_36ad23-36\"] mark.kt-highlight{font-style:normal;color:#f76a0c;-webkit-box-decoration-break:clone;box-decoration-break:clone;padding-top:0px;padding-right:0px;padding-bottom:0px;padding-left:0px;}.wp-block-kadence-advancedheading.kt-adv-heading5771_36ad23-36 img.kb-inline-image, .wp-block-kadence-advancedheading.kt-adv-heading5771_36ad23-36[data-kb-block=\"kb-adv-heading5771_36ad23-36\"] img.kb-inline-image{width:150px;vertical-align:baseline;}<\/style>\n<h3 class=\"kt-adv-heading5771_36ad23-36 wp-block-kadence-advancedheading\" data-kb-block=\"kb-adv-heading5771_36ad23-36\">H\u00f4tels avec cabanes dans les arbres en Rh\u00e9nanie-Palatinat<\/h3>\n\n<figure class=\"wp-block-table has-small-font-size\"><table><thead><tr><th>Nom de l&rsquo;h\u00f4tel<\/th><th>Adresse<\/th><th>T\u00e9l\u00e9phone<\/th><th>Mail<\/th><th>Site web<\/th><th>Mois d&rsquo;ouverture<\/th><th>Chiens autoris\u00e9s<br\/>?<\/th><\/tr><\/thead><tbody><tr><td><strong><a href=\"https:\/\/walderlebnispfade.de\/fr\/Erlebnisse\/hotel-cabane-dans-les-arbres-lauschhuette\/\" data-type=\"link\" data-id=\"https:\/\/walderlebnispfade.de\/erlebnisse\/baumhaushotel-lauschhuette\/\">Lauschh\u00fctte<\/a><\/strong><\/td><td>Maison foresti\u00e8re Lauschh\u00fctte,<br\/>55442 Daxweiler<\/td><td>+49 6724 6038013<\/td><td><a href=\"mailto:info@lauschhuette.de\">info@lauschhuette.de<\/a><\/td><td><a href=\"https:\/\/www.lauschhuette.de\/uebernachten\" target=\"_blank\" rel=\"noreferrer noopener\">lauschhuette.de<\/a><\/td><td>avril \u2013 octobre<\/td><td>Non<\/td><\/tr><tr><td><strong><a href=\"https:\/\/walderlebnispfade.de\/fr\/Erlebnisse\/cabane-dans-les-arbres-saint-martin\/\" data-type=\"link\" data-id=\"https:\/\/walderlebnispfade.de\/erlebnisse\/baumhaus-sankt-martin\/\">Saint Martin<\/a><\/strong><\/td><td>Kuckucksweg 6,<br\/>67487 St. Martin<\/td><td>+49 6327 6039860<\/td><td><a href=\"mailto:info@baumhaus-sankt-martin.de\">info@baumhaus-sankt-martin.de<\/a><\/td><td><a href=\"https:\/\/www.baumhaus-sankt-martin.de\/\" target=\"_blank\" rel=\"noreferrer noopener\">baumhaus-sankt-martin.de<\/a><\/td><td>Toute l&rsquo;ann\u00e9e<\/td><td>Non<\/td><\/tr><\/tbody><\/table><figcaption class=\"wp-element-caption\">Cabanes dans les arbres en RLP<\/figcaption><\/figure>\n\n<hr class=\"wp-block-separator has-alpha-channel-opacity\"\/>\n<style>.wp-block-kadence-advancedheading.kt-adv-heading5771_0a5fa1-83, .wp-block-kadence-advancedheading.kt-adv-heading5771_0a5fa1-83[data-kb-block=\"kb-adv-heading5771_0a5fa1-83\"]{font-style:normal;}.wp-block-kadence-advancedheading.kt-adv-heading5771_0a5fa1-83 mark.kt-highlight, .wp-block-kadence-advancedheading.kt-adv-heading5771_0a5fa1-83[data-kb-block=\"kb-adv-heading5771_0a5fa1-83\"] mark.kt-highlight{font-style:normal;color:#f76a0c;-webkit-box-decoration-break:clone;box-decoration-break:clone;padding-top:0px;padding-right:0px;padding-bottom:0px;padding-left:0px;}.wp-block-kadence-advancedheading.kt-adv-heading5771_0a5fa1-83 img.kb-inline-image, .wp-block-kadence-advancedheading.kt-adv-heading5771_0a5fa1-83[data-kb-block=\"kb-adv-heading5771_0a5fa1-83\"] img.kb-inline-image{width:150px;vertical-align:baseline;}<\/style>\n<h3 class=\"kt-adv-heading5771_0a5fa1-83 wp-block-kadence-advancedheading\" data-kb-block=\"kb-adv-heading5771_0a5fa1-83\">H\u00f4tels avec cabanes dans les arbres en Saxe<\/h3>\n\n<figure class=\"wp-block-table has-small-font-size\"><table><thead><tr><th>Nom de l&rsquo;h\u00f4tel<\/th><th>Adresse<\/th><th>T\u00e9l\u00e9phone<\/th><th>Mail<\/th><th>Site web<\/th><th>Mois d&rsquo;ouverture<\/th><th>Chiens autoris\u00e9s<br\/>?<\/th><\/tr><\/thead><tbody><tr><td><a href=\"https:\/\/walderlebnispfade.de\/fr\/Erlebnisse\/hotel-cabane-dans-les-arbres-turisede\/\" data-type=\"erlebnisse\" data-id=\"4032\"><strong>Turisede<\/strong><\/a><\/td><td>Kulturinsel Einsiedel 1,<br\/>02829 Nei\u00dfeaue<\/td><td>+49 35891 49113<\/td><td><a href=\"mailto:buchung@kulturinsel.de\">buchung@kulturinsel.de<\/a><\/td><td><a href=\"https:\/\/www.turisede.com\/baumhaushotel-erlebnisnaechte\/baumhaushotel.html\" target=\"_blank\" rel=\"noreferrer noopener\">turisede.com<\/a><\/td><td>avril \u2013 novembre<\/td><td>Non<\/td><\/tr><tr><td><strong><a href=\"https:\/\/walderlebnispfade.de\/fr\/Erlebnisse\/hotel-cabane-dans-les-arbres-kriebelland\/\" data-type=\"link\" data-id=\"https:\/\/walderlebnispfade.de\/erlebnisse\/baumhaushotel-kriebelland\/\">Kriebeland<\/a><\/strong><\/td><td>An der Talsperre 1a,<br\/>09648 Kriebstein<\/td><td>+49 034327 68109<\/td><td><a href=\"mailto:info@kriebelland.de\">info@kriebelland.de<\/a><\/td><td><a href=\"https:\/\/www.kriebelland.de\/\" target=\"_blank\" rel=\"noreferrer noopener\">kriebelland.de<\/a><\/td><td>Toute l&rsquo;ann\u00e9e<\/td><td>Non<\/td><\/tr><tr><td><a href=\"https:\/\/walderlebnispfade.de\/fr\/Erlebnisse\/parcours-descalade-leipzig\/\" data-type=\"erlebnisse\" data-id=\"444\"><strong>Leipzig<\/strong><\/a><\/td><td>Am Albrechtshainer See 1,<br\/>04683 Albrechtshain<\/td><td>+49 034293 44200<\/td><td><a href=\"mailto:mail@kletterwald-leipzig.de\">mail@kletterwald-leipzig.de<\/a><\/td><td><a href=\"https:\/\/www.kletterwald-leipzig.de\/baumhaus\" target=\"_blank\" rel=\"noreferrer noopener\">kletterwald-leipzig.de<\/a><\/td><td>avril \u2013 octobre<\/td><td>Non<\/td><\/tr><\/tbody><\/table><figcaption class=\"wp-element-caption\">Cabanes dans les arbres en SN<\/figcaption><\/figure>\n\n<hr class=\"wp-block-separator has-alpha-channel-opacity\"\/>\n<style>.wp-block-kadence-advancedheading.kt-adv-heading5771_d445b7-6b, .wp-block-kadence-advancedheading.kt-adv-heading5771_d445b7-6b[data-kb-block=\"kb-adv-heading5771_d445b7-6b\"]{font-style:normal;}.wp-block-kadence-advancedheading.kt-adv-heading5771_d445b7-6b mark.kt-highlight, .wp-block-kadence-advancedheading.kt-adv-heading5771_d445b7-6b[data-kb-block=\"kb-adv-heading5771_d445b7-6b\"] mark.kt-highlight{font-style:normal;color:#f76a0c;-webkit-box-decoration-break:clone;box-decoration-break:clone;padding-top:0px;padding-right:0px;padding-bottom:0px;padding-left:0px;}.wp-block-kadence-advancedheading.kt-adv-heading5771_d445b7-6b img.kb-inline-image, .wp-block-kadence-advancedheading.kt-adv-heading5771_d445b7-6b[data-kb-block=\"kb-adv-heading5771_d445b7-6b\"] img.kb-inline-image{width:150px;vertical-align:baseline;}<\/style>\n<h3 class=\"kt-adv-heading5771_d445b7-6b wp-block-kadence-advancedheading\" data-kb-block=\"kb-adv-heading5771_d445b7-6b\">H\u00f4tels avec cabanes dans les arbres en Saxe-Anhalt<\/h3>\n\n<figure class=\"wp-block-table has-small-font-size\"><table><thead><tr><th>Nom de l&rsquo;h\u00f4tel<\/th><th>Adresse<\/th><th>T\u00e9l\u00e9phone<\/th><th>Mail<\/th><th>Site web<\/th><th>Mois d&rsquo;ouverture<\/th><th>Chiens autoris\u00e9s<br\/>?<\/th><\/tr><\/thead><tbody><tr><td><strong><a href=\"https:\/\/walderlebnispfade.de\/fr\/Erlebnisse\/hotel-de-cabanes-dans-les-arbres-altjessnitz\/\" data-type=\"link\" data-id=\"https:\/\/walderlebnispfade.de\/erlebnisse\/baumhaushotel-altjessnitz\/\">Altjessnitz<\/a><\/strong><\/td><td>Parkstra\u00dfe 7,<br\/>06800 Altje\u00dfnitz<\/td><td>+49 176 626 000 95<\/td><td><a href=\"mailto:info@traeumen-zwischen-baeumen.de\">info@traeumen-zwischen-baeumen.de<\/a><\/td><td><a href=\"https:\/\/traeumen-zwischen-baeumen.de\/\" target=\"_blank\" rel=\"noreferrer noopener\">traeumen-zwischen-baeumen.de<\/a><\/td><td>Toute l&rsquo;ann\u00e9e<\/td><td>Non<\/td><\/tr><\/tbody><\/table><figcaption class=\"wp-element-caption\">Cabanes dans les arbres \u00e0 ST<\/figcaption><\/figure>\n\n<hr class=\"wp-block-separator has-alpha-channel-opacity\"\/>\n<style>.wp-block-kadence-advancedheading.kt-adv-heading5771_045af8-57, .wp-block-kadence-advancedheading.kt-adv-heading5771_045af8-57[data-kb-block=\"kb-adv-heading5771_045af8-57\"]{font-style:normal;}.wp-block-kadence-advancedheading.kt-adv-heading5771_045af8-57 mark.kt-highlight, .wp-block-kadence-advancedheading.kt-adv-heading5771_045af8-57[data-kb-block=\"kb-adv-heading5771_045af8-57\"] mark.kt-highlight{font-style:normal;color:#f76a0c;-webkit-box-decoration-break:clone;box-decoration-break:clone;padding-top:0px;padding-right:0px;padding-bottom:0px;padding-left:0px;}.wp-block-kadence-advancedheading.kt-adv-heading5771_045af8-57 img.kb-inline-image, .wp-block-kadence-advancedheading.kt-adv-heading5771_045af8-57[data-kb-block=\"kb-adv-heading5771_045af8-57\"] img.kb-inline-image{width:150px;vertical-align:baseline;}<\/style>\n<h3 class=\"kt-adv-heading5771_045af8-57 wp-block-kadence-advancedheading\" data-kb-block=\"kb-adv-heading5771_045af8-57\">H\u00f4tels avec cabanes dans les arbres dans le Schleswig-Holstein<\/h3>\n\n<figure class=\"wp-block-table has-small-font-size\"><table><thead><tr><th>Nom de l&rsquo;h\u00f4tel<\/th><th>Adresse<\/th><th>T\u00e9l\u00e9phone<\/th><th>Mail<\/th><th>Site web<\/th><th>Mois d&rsquo;ouverture<\/th><th>Chiens autoris\u00e9s<br\/>?<\/th><\/tr><\/thead><tbody><tr><td><strong><a href=\"https:\/\/walderlebnispfade.de\/fr\/Erlebnisse\/hotel-cabane-dans-les-arbres-ratzeburg\/\" data-type=\"link\" data-id=\"https:\/\/walderlebnispfade.de\/erlebnisse\/baumhaushotel-ratzeburg\/\">Ratzeburg<\/a><\/strong><\/td><td>\u00c0 la gare dans le train,<br\/>23911 Schmilau<\/td><td>+49 4541 883216<\/td><td><a href=\"mailto:schmilau@erlebnisbahn-ratzeburg.de\">schmilau@erlebnisbahn-ratzeburg.de<\/a><\/td><td><a href=\"http:\/\/www.erlebnisbahn-ratzeburg.de\/angebote\/uebernachtung.html\" target=\"_blank\" rel=\"noreferrer noopener\">erlebnisbahn-ratzeburg.de<\/a><\/td><td>mai \u2013 septembre<\/td><td>Partiellement<\/td><\/tr><tr><td><a href=\"https:\/\/walderlebnispfade.de\/fr\/Erlebnisse\/cabane-dans-les-arbres-de-la-baltique\/\" data-type=\"erlebnisse\" data-id=\"6691\"><strong>Mer Baltique<\/strong> <strong>Cabane dans les arbres<\/strong><\/a><\/td><td>Alte Landstr. 16,<br\/>23758 Wangels \/ Ostholstein <\/td><td>+49 4382 356<\/td><td><a href=\"mailto:info@ostsee-baumhaus.de\">info@ostsee-baumhaus.de<\/a><\/td><td><a href=\"https:\/\/www.ostsee-baumhaushotel.de\/\" target=\"_blank\" data-type=\"link\" data-id=\"https:\/\/www.ostsee-baumhaushotel.de\/\" rel=\"noreferrer noopener\">ostsee-baumhaushotel.de<\/a><\/td><td>Toute l&rsquo;ann\u00e9e<\/td><td>Partiellement<\/td><\/tr><\/tbody><\/table><figcaption class=\"wp-element-caption\">Cabanes dans les arbres en SH<\/figcaption><\/figure>\n\n<hr class=\"wp-block-separator has-alpha-channel-opacity\"\/>\n<style>.wp-block-kadence-advancedheading.kt-adv-heading5771_a08273-8d, .wp-block-kadence-advancedheading.kt-adv-heading5771_a08273-8d[data-kb-block=\"kb-adv-heading5771_a08273-8d\"]{font-style:normal;}.wp-block-kadence-advancedheading.kt-adv-heading5771_a08273-8d mark.kt-highlight, .wp-block-kadence-advancedheading.kt-adv-heading5771_a08273-8d[data-kb-block=\"kb-adv-heading5771_a08273-8d\"] mark.kt-highlight{font-style:normal;color:#f76a0c;-webkit-box-decoration-break:clone;box-decoration-break:clone;padding-top:0px;padding-right:0px;padding-bottom:0px;padding-left:0px;}.wp-block-kadence-advancedheading.kt-adv-heading5771_a08273-8d img.kb-inline-image, .wp-block-kadence-advancedheading.kt-adv-heading5771_a08273-8d[data-kb-block=\"kb-adv-heading5771_a08273-8d\"] img.kb-inline-image{width:150px;vertical-align:baseline;}<\/style>\n<h3 class=\"kt-adv-heading5771_a08273-8d wp-block-kadence-advancedheading\" data-kb-block=\"kb-adv-heading5771_a08273-8d\">H\u00f4tels avec cabanes dans les arbres en Thuringe<\/h3>\n\n<figure class=\"wp-block-table has-small-font-size\"><table><thead><tr><th>Nom de l&rsquo;h\u00f4tel<\/th><th>Adresse<\/th><th>T\u00e9l\u00e9phone<\/th><th>Mail<\/th><th>Site web<\/th><th>Mois d&rsquo;ouverture<\/th><th>Chiens autoris\u00e9s<br\/>?<\/th><\/tr><\/thead><tbody><tr><td>Chaussures d&rsquo;extr\u00e9mit\u00e9<\/td><td>Domaine n\u00b0 1,<br\/>07570 Endsch\u00fctz<\/td><td>+49 36603 61699<\/td><td><a href=\"mailto:info@rittergut-endschuetz.de\">info@rittergut-endschuetz.de<\/a><\/td><td><a href=\"https:\/\/rittergut-endschuetz.de\/relaxen-im-baumhaus\/\" target=\"_blank\" rel=\"noreferrer noopener\">rittergut-endschuetz.de<\/a><\/td><td>avril \u2013 septembre<\/td><td>Non<\/td><\/tr><\/tbody><\/table><figcaption class=\"wp-element-caption\">Cabanes dans les arbres en TH<\/figcaption><\/figure>\n\n<hr class=\"wp-block-separator has-alpha-channel-opacity\"\/>\n<style>.kb-image5771_782e52-99 .kb-image-has-overlay:after{opacity:0.3;}<\/style>\n<div class=\"wp-block-kadence-image kb-image5771_782e52-99\"><figure class=\"aligncenter size-full\"><img loading=\"lazy\" decoding=\"async\" width=\"1024\" height=\"576\" src=\"https:\/\/walderlebnispfade.de\/wp-content\/uploads\/2024\/07\/Baumhaushotel_Herbst.jpg\" alt=\"Baumhaushotel im Herbst\" class=\"kb-img wp-image-6011\" srcset=\"https:\/\/walderlebnispfade.de\/wp-content\/uploads\/2024\/07\/Baumhaushotel_Herbst.jpg 1024w, https:\/\/walderlebnispfade.de\/wp-content\/uploads\/2024\/07\/Baumhaushotel_Herbst-300x169.jpg 300w, https:\/\/walderlebnispfade.de\/wp-content\/uploads\/2024\/07\/Baumhaushotel_Herbst-768x432.jpg 768w\" sizes=\"auto, (max-width: 1024px) 100vw, 1024px\" \/><\/figure><\/div>\n\n<h2 class=\"wp-block-heading\">Conseils pratiques pour votre s\u00e9jour dans un h\u00f4tel avec cabane dans les arbres<\/h2>\n\n<h3 class=\"wp-block-heading\">Meilleures p\u00e9riodes de r\u00e9servation pour les h\u00f4tels cabanes dans les arbres<\/h3>\n\n<p><strong>\u00c9viter la haute saison et \u00e9conomiser :<\/strong> Les p\u00e9riodes les plus pris\u00e9es pour les h\u00f4tels de cabanes dans les arbres sont les mois d&rsquo;\u00e9t\u00e9 de juin \u00e0 ao\u00fbt, ainsi que les vacances d&rsquo;automne en octobre. Pendant ces p\u00e9riodes, les prix sont les plus \u00e9lev\u00e9s et la disponibilit\u00e9 la plus faible. Vous devriez r\u00e9server au moins 3 \u00e0 4 mois \u00e0 l&rsquo;avance, et bien plus t\u00f4t pour les cabanes avec des \u00e9quipements sp\u00e9ciaux comme les jacuzzis.  <\/p>\n\n<p><strong>Profitez de la basse saison :<\/strong> Les s\u00e9jours au printemps (avril\/mai) et \u00e0 la fin de l&rsquo;automne (novembre) sont particuli\u00e8rement int\u00e9ressants et moins chers. De nombreux h\u00f4tels avec cabanes dans les arbres proposent des tarifs r\u00e9duits \u00e0 cette p\u00e9riode, tout en offrant un cadre naturel magnifique. En hiver, seule la moiti\u00e9 des h\u00f4tels sont ouverts, mais vous y d\u00e9couvrirez une atmosph\u00e8re enneig\u00e9e tr\u00e8s particuli\u00e8re.  <\/p>\n\n<p><strong>Pr\u00e9f\u00e9rez les jours de semaine :<\/strong> du dimanche au jeudi, les h\u00f4tels avec cabanes dans les arbres sont nettement moins chers et moins complets que les week-ends.<\/p>\n\n<h3 class=\"wp-block-heading\">Combien co\u00fbte une nuit dans une cabane dans les arbres ?<\/h3>\n\n<p><strong>Aper\u00e7u des cat\u00e9gories de prix :<\/strong><\/p>\n\n<ul class=\"wp-block-list\">\n<li><strong>Maisons dans les arbres \u00e0 petit budget :<\/strong> 80-120 \u20ac par nuit pour 2 personnes<\/li>\n\n\n\n<li><strong>Classe moyenne :<\/strong> 120-200 \u20ac par nuit avec un \u00e9quipement haut de gamme<\/li>\n\n\n\n<li><strong>Maisons de luxe dans les arbres :<\/strong> 200-400 \u20ac par nuit avec spa et services haut de gamme<\/li>\n<\/ul>\n\n<p><span style=\"box-sizing: border-box; margin: 0px; padding: 0px;\"><strong>Tenir compte des facteurs de co\u00fbt :<\/strong> Les prix varient fortement en fonction de la saison, de l&rsquo;\u00e9quipement et de l&#8217;emplacement.<\/span> Les cabanes dans les arbres en Bavi\u00e8re et dans le Bade-Wurtemberg ont tendance \u00e0 \u00eatre plus ch\u00e8res que dans les L\u00e4nder de l&rsquo;est. Souvent, la taxe de s\u00e9jour (1-3 \u20ac par personne\/nuit) et le nettoyage final (20-50 \u20ac) s&rsquo;y ajoutent. <\/p>\n\n<p><strong>Des astuces pour faire des \u00e9conomies :<\/strong> De nombreux h\u00f4tels proposent des forfaits avec petit-d\u00e9jeuner ou demi-pension, qui sont plus avantageux que les r\u00e9servations individuelles. Les s\u00e9jours de plusieurs jours, \u00e0 partir de 3 nuits, sont souvent r\u00e9compens\u00e9s par des r\u00e9ductions. <\/p>\n\n<h3 class=\"wp-block-heading\">Liste de colisage pour les vacances dans une cabane dans les arbres<\/h3>\n\n<p><strong>V\u00eatements et chaussures :<\/strong><\/p>\n\n<ul class=\"wp-block-list\">\n<li>des v\u00eatements chauds, m\u00eame en \u00e9t\u00e9 (les nuits peuvent \u00eatre fra\u00eeches s&rsquo;il n&rsquo;y a pas de chauffage)<\/li>\n\n\n\n<li>Chaussures solides et antid\u00e9rapantes pour les escaliers et les passerelles<\/li>\n\n\n\n<li>Veste de pluie et v\u00eatements imperm\u00e9ables<\/li>\n\n\n\n<li>Des chaussons confortables pour la cabane dans l&rsquo;arbre<\/li>\n<\/ul>\n\n<p><strong>Objets pratiques :<\/strong><\/p>\n\n<ul class=\"wp-block-list\">\n<li>Lampe de poche ou frontale pour le soir<\/li>\n\n\n\n<li>Powerbank (toutes les cabanes dans les arbres n&rsquo;ont pas beaucoup de prises \u00e9lectriques)<\/li>\n\n\n\n<li>Protection contre les moustiques et lotion apr\u00e8s-soleil<\/li>\n\n\n\n<li>Propre linge de lit (si non inclus)<\/li>\n<\/ul>\n\n<h3 class=\"wp-block-heading\">Ce \u00e0 quoi vous devez faire attention lors de la r\u00e9servation<\/h3>\n\n<p><span style=\"box-sizing: border-box; margin: 0px; padding: 0px;\"><strong>Acc\u00e8s et s\u00e9curit\u00e9 :<\/strong> Renseignez-vous sur le chemin d&rsquo;acc\u00e8s (escalier, \u00e9chelle, pont suspendu) et la hauteur de la cabane dans les arbres.<\/span> Les personnes ayant le vertige ou des difficult\u00e9s de mobilit\u00e9 devraient clarifier cela au pr\u00e9alable.<\/p>\n\n<p><strong>V\u00e9rifier l&rsquo;\u00e9quipement :<\/strong><\/p>\n\n<ul class=\"wp-block-list\">\n<li>Installations sanitaires : dans la cabane ou dans un b\u00e2timent s\u00e9par\u00e9 ?<\/li>\n\n\n\n<li>Chauffage : particuli\u00e8rement important pendant les mois les plus froids<\/li>\n\n\n\n<li>Cuisine : possibilit\u00e9 de se restaurer soi-m\u00eame ou restaurant disponible ?<\/li>\n\n\n\n<li>WLAN : pas disponible dans toutes les cabanes dans les arbres<\/li>\n<\/ul>\n\n<p><span style=\"box-sizing: border-box; margin: 0px; padding: 0px;\"><strong>Animaux de compagnie et enfants :<\/strong> V\u00e9rifiez les r\u00e8gles de la maison concernant les animaux de compagnie et les restrictions d&rsquo;\u00e2ge.<\/span> Certains h\u00f4tels de cabanes dans les arbres ne conviennent qu&rsquo;\u00e0 partir d&rsquo;un certain \u00e2ge.<\/p>\n\n<h2 class=\"wp-block-heading\">vid\u00e9o : Les plus belles cabanes-h\u00f4tels dans les arbres en Allemagne<\/h2>\n\n<figure class=\"wp-block-embed is-type-video is-provider-youtube wp-block-embed-youtube wp-embed-aspect-16-9 wp-has-aspect-ratio\"><div class=\"wp-block-embed__wrapper\">\n<iframe loading=\"lazy\" hcb-fetch-image-from=\"https:\/\/youtu.be\/nGuhA-SYkaY?si=vZJH904kdH1FZxth\" title=\"Die sch\u00f6nsten Baumhaus-Hotels in Deutschland\" width=\"720\" height=\"405\" src=\"https:\/\/www.youtube.com\/embed\/nGuhA-SYkaY?feature=oembed\" frameborder=\"0\" allow=\"accelerometer; autoplay; clipboard-write; encrypted-media; gyroscope; picture-in-picture; web-share\" referrerpolicy=\"strict-origin-when-cross-origin\" allowfullscreen><\/iframe>\n<\/div><\/figure>\n\n<h2 class=\"wp-block-heading\">H\u00f4tels avec cabanes dans les arbres et \u00e9quipements sp\u00e9ciaux<\/h2>\n\n<p><strong>Bien-\u00eatre et d\u00e9tente :<\/strong> Plusieurs h\u00f4tels de cabanes dans les arbres allemands proposent d\u00e9sormais des jacuzzis, des saunas ou m\u00eame des espaces spa. Les sites en Bavi\u00e8re et dans le Bade-Wurtemberg, qui offrent des forfaits bien-\u00eatre, sont particuli\u00e8rement remarquables. <\/p>\n\n<p><strong>Le top 3 pour les amateurs de bien-\u00eatre :<\/strong><\/p>\n\n<ol class=\"wp-block-list\">\n<li><strong><a href=\"https:\/\/walderlebnispfade.de\/fr\/Erlebnisse\/hotel-cabane-dans-les-arbres-en-haute-baviere-bien-etre-de-luxe-entre-les-cimes-des-arbres\/\" data-type=\"erlebnisse\" data-id=\"6979\">Baumhaushotel Oberbayern<\/a><\/strong> \u2013 avec jacuzzis et saunas priv\u00e9s<\/li>\n\n\n\n<li><strong><a href=\"https:\/\/walderlebnispfade.de\/fr\/Erlebnisse\/hotel-cabane-dans-les-arbres-seemuehle\/\" data-type=\"erlebnisse\" data-id=\"7250\">Baumhaushotel Seem\u00fchle<\/a><\/strong> \u2013 avec l&rsquo;unique sauna en roulotte de berger au bord du lac<\/li>\n\n\n\n<li><strong><a href=\"https:\/\/walderlebnispfade.de\/fr\/Erlebnisse\/cabane-dans-les-arbres-de-la-baltique\/\" data-type=\"erlebnisse\" data-id=\"6691\">H\u00f4tel cabane dans les arbres de la Baltique<\/a><\/strong> \u2013 avec jacuzzi en plein air et sauna panoramique<\/li>\n<\/ol>\n\n<p>Ces h\u00f4tels proposent des exp\u00e9riences de bien-\u00eatre de luxe qui vont bien au-del\u00e0 de ce que l&rsquo;on attend normalement d&rsquo;une cabane dans les arbres.<\/p>\n\n<p><strong>Des moments forts sur le plan culinaire :<\/strong> Certains h\u00f4tels de cabanes dans les arbres ont leurs propres restaurants ou proposent le petit-d\u00e9jeuner sur la terrasse de la cabane. Renseignez-vous sur les offres culinaires sp\u00e9ciales comme les sp\u00e9cialit\u00e9s r\u00e9gionales ou la cuisine bio. <\/p>\n\n<p><strong>Pour les amoureux de la nature :<\/strong> de nombreux h\u00f4tels avec cabanes dans les arbres sont situ\u00e9s dans des parcs naturels ou proposent des randonn\u00e9es guid\u00e9es, l&rsquo;observation d&rsquo;oiseaux ou d&rsquo;autres activit\u00e9s li\u00e9es \u00e0 la nature. Parfait pour ceux qui souhaitent combiner l&rsquo;exp\u00e9rience de la cabane dans les arbres avec une exp\u00e9rience active de la nature. <\/p>\n\n<h2 class=\"wp-block-heading\">Que se passe-t-il en cas de mauvais temps ?<\/h2>\n\n<p><strong>Tout est dans la pr\u00e9paration :<\/strong> la plupart des cabanes-h\u00f4tels dans les arbres sont construites pour r\u00e9sister aux intemp\u00e9ries et offrent une exp\u00e9rience s\u00fbre m\u00eame en cas de pluie ou de vent. En fait, le bruit de la pluie sur le toit et dans les feuilles peut \u00eatre tr\u00e8s relaxant. <\/p>\n\n<p><strong>Alternatives en int\u00e9rieur :<\/strong> de nombreux sites proposent des salles communes, des biblioth\u00e8ques ou des espaces de jeux pour s&rsquo;isoler. Renseignez-vous \u00e0 l&rsquo;avance sur les activit\u00e9s disponibles en cas de mauvais temps. <\/p>\n\n<p><strong>Flexibilit\u00e9 en cas de conditions m\u00e9t\u00e9orologiques extr\u00eames :<\/strong> En cas de temp\u00eate ou d&rsquo;orage, les cabanes dans les arbres peuvent \u00eatre temporairement ferm\u00e9es pour des raisons de s\u00e9curit\u00e9. Dans de tels cas, les fournisseurs s\u00e9rieux proposent des h\u00e9bergements alternatifs ou des annulations sans frais. <\/p>\n\n<p><em>Conseil : Avec une bonne pr\u00e9paration, votre s\u00e9jour en cabane dans les arbres deviendra une exp\u00e9rience naturelle inoubliable \u2013 par tous les temps !<\/em><\/p>\n\n<div class=\"wp-block-columns is-layout-flex wp-container-core-columns-is-layout-9d6595d7 wp-block-columns-is-layout-flex\">\n<div class=\"wp-block-column is-layout-flow wp-block-column-is-layout-flow\" style=\"flex-basis:100%\"><div style=\"line-height:1.7; padding-top:var(--wp--preset--spacing--30);padding-bottom:var(--wp--preset--spacing--30);padding-left:var(--wp--preset--spacing--30);padding-right:var(--wp--preset--spacing--30);margin-top:0;margin-bottom:0;margin-right:0;margin-left:0;\" class=\"has-text-align-left wp-block-post-author has-background has-theme-palette-7-background-color has-medium-font-size\"><div class=\"wp-block-post-author__avatar\"><img alt='Moni' src='https:\/\/walderlebnispfade.de\/wp-content\/uploads\/2025\/01\/cropped-Moni-Profil-96x96.jpg' srcset='https:\/\/walderlebnispfade.de\/wp-content\/uploads\/2025\/01\/cropped-Moni-Profil-192x192.jpg 2x' class='avatar avatar-96 photo' height='96' width='96' \/><\/div><div class=\"wp-block-post-author__content\"><p class=\"wp-block-post-author__name\">Moni<\/p><p class=\"wp-block-post-author__bio\">Ich bin seit vielen Jahren begeisterter Outdoor-Fan und m\u00f6chte meine Erfahrungen \u00fcber tolle Erlebnisse in Deutschland und Europa der letzten Jahre hier mit Dir teilen. \r\n\r\nEgal ob Klettern, Wandern oder einfach nur die Natur genie\u00dfen, es gibt so viele tolle M\u00f6glichkeiten seine Zeit im Freien zu verbringen. Sicher ist auch f\u00fcr Dich etwas in der Sammlung unserer Walderlebnisse dabei.<\/p><\/div><\/div><\/div>\n<\/div>\n<style>.wp-block-kadence-advancedheading.kt-adv-heading5771_5ef587-79, .wp-block-kadence-advancedheading.kt-adv-heading5771_5ef587-79[data-kb-block=\"kb-adv-heading5771_5ef587-79\"]{font-style:normal;}.wp-block-kadence-advancedheading.kt-adv-heading5771_5ef587-79 mark.kt-highlight, .wp-block-kadence-advancedheading.kt-adv-heading5771_5ef587-79[data-kb-block=\"kb-adv-heading5771_5ef587-79\"] mark.kt-highlight{font-style:normal;color:#f76a0c;-webkit-box-decoration-break:clone;box-decoration-break:clone;padding-top:0px;padding-right:0px;padding-bottom:0px;padding-left:0px;}.wp-block-kadence-advancedheading.kt-adv-heading5771_5ef587-79 img.kb-inline-image, .wp-block-kadence-advancedheading.kt-adv-heading5771_5ef587-79[data-kb-block=\"kb-adv-heading5771_5ef587-79\"] img.kb-inline-image{width:150px;vertical-align:baseline;}<\/style>\n<h2 class=\"kt-adv-heading5771_5ef587-79 wp-block-kadence-advancedheading\" data-kb-block=\"kb-adv-heading5771_5ef587-79\">FAQ \u2013 Foire aux questions<\/h2>\n<div id=\"rank-math-faq\" class=\"rank-math-block\">\n<div class=\"rank-math-list \">\n<div id=\"faq-question-1722352935394\" class=\"rank-math-list-item\">\n<h4 class=\"rank-math-question \">Qu&rsquo;est-ce qu&rsquo;une cabane-h\u00f4tel dans les arbres ?<\/h4>\n<div class=\"rank-math-answer \">\n\n<p>Un h\u00f4tel de cabanes dans les arbres est un h\u00e9bergement particulier o\u00f9 les clients passent la nuit dans des cabanes confortables construites dans les arbres d&rsquo;une for\u00eat. Ces h\u00f4tels offrent une exp\u00e9rience unique dans la nature et souvent une vue impressionnante. <\/p>\n\n<\/div>\n<\/div>\n<div id=\"faq-question-1722352951821\" class=\"rank-math-list-item\">\n<h4 class=\"rank-math-question \">Quels sont les \u00e9quipements offerts par les h\u00f4tels cabanes dans les arbres ?<\/h4>\n<div class=\"rank-math-answer \">\n\n<p>L&rsquo;\u00e9quipement peut varier selon l&rsquo;h\u00f4tel de la cabane dans les arbres, mais il comprend g\u00e9n\u00e9ralement des lits confortables, le chauffage, des installations sanitaires, une petite cuisine ou un minibar et parfois un balcon ou une terrasse.<\/p>\n\n<\/div>\n<\/div>\n<div id=\"faq-question-1722352972068\" class=\"rank-math-list-item\">\n<h4 class=\"rank-math-question \">Les h\u00f4tels de cabanes dans les arbres sont-ils \u00e9galement ouverts en hiver ?<\/h4>\n<div class=\"rank-math-answer \">\n\n<p>De nombreux h\u00f4tels de cabanes dans les arbres sont ouverts toute l&rsquo;ann\u00e9e et proposent \u00e9galement un h\u00e9bergement confortable en hiver, avec un chauffage adapt\u00e9. Il est toutefois conseill\u00e9 de se <a href=\"https:\/\/walderlebnispfade.de\/fr\/experiences-en-foret\/\" data-type=\"page\" data-id=\"228\">renseigner<\/a> \u00e0 l&rsquo;avance sur les horaires d&rsquo;ouverture en hiver. <\/p>\n\n<\/div>\n<\/div>\n<div id=\"faq-question-1722353000095\" class=\"rank-math-list-item\">\n<h4 class=\"rank-math-question \">Quelle est la hauteur des cabanes dans les arbres dans les h\u00f4tels avec cabanes dans les arbres ?<\/h4>\n<div class=\"rank-math-answer \">\n\n<p>La hauteur des cabanes dans les arbres varie en fonction de l&rsquo;h\u00f4tel et de l&#8217;emplacement, mais elle est g\u00e9n\u00e9ralement comprise entre 4 et 10 m\u00e8tres au-dessus du sol.<\/p>\n\n<\/div>\n<\/div>\n<div id=\"faq-question-1722353007337\" class=\"rank-math-list-item\">\n<h4 class=\"rank-math-question \">Comment la s\u00e9curit\u00e9 est-elle assur\u00e9e dans les h\u00f4tels avec cabanes dans les arbres ?<\/h4>\n<div class=\"rank-math-answer \">\n\n<p>Les cabanes-h\u00f4tels dans les arbres sont construites de mani\u00e8re stable et leur s\u00e9curit\u00e9 est r\u00e9guli\u00e8rement contr\u00f4l\u00e9e. Ils disposent d&rsquo;acc\u00e8s s\u00e9curis\u00e9s et souvent de plans d&rsquo;urgence. Toutefois, il est toujours conseill\u00e9 de suivre les consignes de s\u00e9curit\u00e9 de l&rsquo;h\u00f4tel.  <\/p>\n\n<\/div>\n<\/div>\n<div id=\"faq-question-1722353031088\" class=\"rank-math-list-item\">\n<h4 class=\"rank-math-question \">Les animaux domestiques sont-ils autoris\u00e9s dans les h\u00f4tels avec cabanes dans les arbres ?<\/h4>\n<div class=\"rank-math-answer \">\n\n<p>Les r\u00e8gles concernant les animaux domestiques varient selon les h\u00f4tels de type \u00ab\u00a0cabane dans les arbres\u00a0\u00bb. Certains autorisent les animaux de compagnie moyennant des frais suppl\u00e9mentaires, tandis que d&rsquo;autres n&rsquo;acceptent pas les animaux de compagnie. Il est important de v\u00e9rifier cela \u00e0 l&rsquo;avance. Pour plus de d\u00e9tails, veuillez consulter les descriptions respectives ici sur <a href=\"https:\/\/walderlebnispfade.de\/fr\/\" data-type=\"page\" data-id=\"23\">Walderlebnispfade.de<\/a>   <\/p>\n\n<\/div>\n<\/div>\n<\/div>\n<\/div>\n<p><\/p>\n","protected":false},"excerpt":{"rendered":"<p>Dormir dans une cabane-h\u00f4tel dans les arbres \u2013 Une exp\u00e9rience inoubliable au c\u0153ur de la nature Bienvenue dans notre aper\u00e7u complet de tous les h\u00f4tels de cabanes dans les arbres&#8230;<\/p>\n","protected":false},"author":2,"featured_media":5774,"comment_status":"open","ping_status":"open","sticky":false,"template":"","format":"standard","meta":{"_kad_blocks_custom_css":"","_kad_blocks_head_custom_js":"","_kad_blocks_body_custom_js":"","_kad_blocks_footer_custom_js":"","_kad_post_transparent":"","_kad_post_title":"","_kad_post_layout":"","_kad_post_sidebar_id":"","_kad_post_content_style":"","_kad_post_vertical_padding":"","_kad_post_feature":"","_kad_post_feature_position":"","_kad_post_header":false,"_kad_post_footer":false,"_kad_post_classname":"","yasr_overall_rating":0,"yasr_post_is_review":"","yasr_auto_insert_disabled":"","yasr_review_type":"BlogPosting","footnotes":""},"categories":[56],"tags":[],"class_list":["post-6232","post","type-post","status-publish","format-standard","has-post-thumbnail","hentry","category-infos-fr"],"yasr_visitor_votes":{"stars_attributes":{"read_only":false,"span_bottom":false},"number_of_votes":0,"sum_votes":0},"taxonomy_info":{"category":[{"value":56,"label":"Infos"}]},"featured_image_src_large":["https:\/\/walderlebnispfade.de\/wp-content\/uploads\/2024\/07\/Baumhaushotel_Blog.jpg",1024,576,false],"author_info":{"display_name":"Moni","author_link":"https:\/\/walderlebnispfade.de\/fr\/author\/moni\/"},"comment_info":0,"category_info":[{"term_id":56,"name":"Infos","slug":"infos-fr","term_group":0,"term_taxonomy_id":56,"taxonomy":"category","description":"","parent":0,"count":11,"filter":"raw","cat_ID":56,"category_count":11,"category_description":"","cat_name":"Infos","category_nicename":"infos-fr","category_parent":0}],"tag_info":false,"_links":{"self":[{"href":"https:\/\/walderlebnispfade.de\/fr\/wp-json\/wp\/v2\/posts\/6232","targetHints":{"allow":["GET"]}}],"collection":[{"href":"https:\/\/walderlebnispfade.de\/fr\/wp-json\/wp\/v2\/posts"}],"about":[{"href":"https:\/\/walderlebnispfade.de\/fr\/wp-json\/wp\/v2\/types\/post"}],"author":[{"embeddable":true,"href":"https:\/\/walderlebnispfade.de\/fr\/wp-json\/wp\/v2\/users\/2"}],"replies":[{"embeddable":true,"href":"https:\/\/walderlebnispfade.de\/fr\/wp-json\/wp\/v2\/comments?post=6232"}],"version-history":[{"count":13,"href":"https:\/\/walderlebnispfade.de\/fr\/wp-json\/wp\/v2\/posts\/6232\/revisions"}],"predecessor-version":[{"id":7914,"href":"https:\/\/walderlebnispfade.de\/fr\/wp-json\/wp\/v2\/posts\/6232\/revisions\/7914"}],"wp:featuredmedia":[{"embeddable":true,"href":"https:\/\/walderlebnispfade.de\/fr\/wp-json\/wp\/v2\/media\/5774"}],"wp:attachment":[{"href":"https:\/\/walderlebnispfade.de\/fr\/wp-json\/wp\/v2\/media?parent=6232"}],"wp:term":[{"taxonomy":"category","embeddable":true,"href":"https:\/\/walderlebnispfade.de\/fr\/wp-json\/wp\/v2\/categories?post=6232"},{"taxonomy":"post_tag","embeddable":true,"href":"https:\/\/walderlebnispfade.de\/fr\/wp-json\/wp\/v2\/tags?post=6232"}],"curies":[{"name":"wp","href":"https:\/\/api.w.org\/{rel}","templated":true}]}}