{"id":6518,"date":"2025-02-09T20:45:36","date_gmt":"2025-02-09T19:45:36","guid":{"rendered":"https:\/\/walderlebnispfade.de\/forets-de-contes-de-fees-en-europe\/"},"modified":"2026-04-21T21:43:57","modified_gmt":"2026-04-21T19:43:57","slug":"forets-de-contes-de-fees-en-europe","status":"publish","type":"post","link":"https:\/\/walderlebnispfade.de\/fr\/forets-de-contes-de-fees-en-europe\/","title":{"rendered":"For\u00eats de contes de f\u00e9es en Europe"},"content":{"rendered":"\n<h2 class=\"wp-block-heading\"><strong>Les for\u00eats de contes de f\u00e9es en Europe : o\u00f9 les l\u00e9gendes prennent vie<\/strong><\/h2>\n\n<p>Depuis de nombreuses ann\u00e9es, les for\u00eats de contes de f\u00e9es en Europe constituent une exp\u00e9rience foresti\u00e8re passionnante et fascinante, en particulier pour les jeunes visiteurs. Qu&rsquo;il s&rsquo;agisse de for\u00eats denses et couvertes de mousse, qui rappellent les histoires des fr\u00e8res Grimm, ou de parcs de contes de f\u00e9es am\u00e9nag\u00e9s avec soin, o\u00f9 vous pouvez vivre de pr\u00e8s les r\u00e9cits les plus connus, il existe partout en Europe des endroits o\u00f9 les contes de f\u00e9es deviennent r\u00e9alit\u00e9. Dans cet article, nous vous emmenons en voyage \u00e0 travers les for\u00eats de contes de f\u00e9es les plus belles et les plus fascinantes d&rsquo;Europe. D\u00e9couvrez des paysages magiques, des l\u00e9gendes myst\u00e9rieuses et des destinations f\u00e9eriques qui enchanteront petits et grands !   <\/p>\n<style>.kb-table-of-content-nav.kb-table-of-content-id6473_85715c-4c .kb-table-of-content-wrap{padding-top:var(--global-kb-spacing-sm, 1.5rem);padding-right:var(--global-kb-spacing-sm, 1.5rem);padding-bottom:var(--global-kb-spacing-sm, 1.5rem);padding-left:var(--global-kb-spacing-sm, 1.5rem);background-color:var(--global-palette8, #F7FAFC);box-shadow:inset 0px 0px 14px 0px rgba(0, 0, 0, 0.2);}.kb-table-of-content-nav.kb-table-of-content-id6473_85715c-4c .kb-table-of-contents-title-wrap{padding-top:0px;padding-right:0px;padding-bottom:0px;padding-left:0px;}.kb-table-of-content-nav.kb-table-of-content-id6473_85715c-4c .kb-table-of-contents-title{font-weight:regular;font-style:normal;}.kb-table-of-content-nav.kb-table-of-content-id6473_85715c-4c .kb-table-of-content-wrap .kb-table-of-content-list{font-weight:regular;font-style:normal;margin-top:var(--global-kb-spacing-sm, 1.5rem);margin-right:0px;margin-bottom:0px;margin-left:0px;}.kb-table-of-content-nav.kb-table-of-content-id6473_85715c-4c .kb-toggle-icon-style-basiccircle .kb-table-of-contents-icon-trigger:after, .kb-table-of-content-nav.kb-table-of-content-id6473_85715c-4c .kb-toggle-icon-style-basiccircle .kb-table-of-contents-icon-trigger:before, .kb-table-of-content-nav.kb-table-of-content-id6473_85715c-4c .kb-toggle-icon-style-arrowcircle .kb-table-of-contents-icon-trigger:after, .kb-table-of-content-nav.kb-table-of-content-id6473_85715c-4c .kb-toggle-icon-style-arrowcircle .kb-table-of-contents-icon-trigger:before, .kb-table-of-content-nav.kb-table-of-content-id6473_85715c-4c .kb-toggle-icon-style-xclosecircle .kb-table-of-contents-icon-trigger:after, .kb-table-of-content-nav.kb-table-of-content-id6473_85715c-4c .kb-toggle-icon-style-xclosecircle .kb-table-of-contents-icon-trigger:before{background-color:var(--global-palette8, #F7FAFC);}<\/style>\n<h3 class=\"wp-block-heading\">Carte des for\u00eats de contes de f\u00e9es en Europe<\/h3>\n\n<p>Sur la carte, vous pouvez filtrer par pays en affichant la barre de menu de gauche. Pour cela, il suffit de cliquer sur l&rsquo;ic\u00f4ne en haut \u00e0 gauche. <\/p>\n<style>.kadence-column6473_5cc78d-79 > .kt-inside-inner-col{display:flex;}.kadence-column6473_5cc78d-79 > .kt-inside-inner-col,.kadence-column6473_5cc78d-79 > .kt-inside-inner-col:before{border-top-left-radius:0px;border-top-right-radius:0px;border-bottom-right-radius:0px;border-bottom-left-radius:0px;}.kadence-column6473_5cc78d-79 > .kt-inside-inner-col{column-gap:var(--global-kb-gap-sm, 1rem);}.kadence-column6473_5cc78d-79 > .kt-inside-inner-col{flex-direction:column;align-items:center;}.kadence-column6473_5cc78d-79 > .kt-inside-inner-col > .kb-image-is-ratio-size{align-self:stretch;}.kadence-column6473_5cc78d-79 > .kt-inside-inner-col > .wp-block-kadence-advancedgallery{align-self:stretch;}.kadence-column6473_5cc78d-79 > .kt-inside-inner-col > .aligncenter{width:100%;}.kadence-column6473_5cc78d-79 > .kt-inside-inner-col:before{opacity:0.3;}.kadence-column6473_5cc78d-79{text-align:center;}.kadence-column6473_5cc78d-79{position:relative;}@media all and (max-width: 1024px){.kadence-column6473_5cc78d-79 > .kt-inside-inner-col{flex-direction:column;justify-content:center;align-items:center;}}@media all and (max-width: 767px){.kadence-column6473_5cc78d-79 > .kt-inside-inner-col{flex-direction:column;justify-content:center;align-items:center;}}<\/style>\n<div class=\"wp-block-kadence-column kadence-column6473_5cc78d-79\"><div class=\"kt-inside-inner-col\">\n<iframe loading=\"lazy\" src=\"https:\/\/www.google.com\/maps\/d\/u\/0\/embed?mid=14Aw0eFclqQuXWZDemKuoYDJbdrVhoyE&#038;ehbc=2E312F\" width=\"1024\" height=\"480\"><\/iframe>\n<\/div><\/div>\n\n<hr class=\"wp-block-separator has-alpha-channel-opacity\" style=\"margin-top:var(--wp--preset--spacing--50);margin-bottom:var(--wp--preset--spacing--50)\"\/>\n<style>.kadence-column6473_80d740-66 > .kt-inside-inner-col{display:flex;}.kadence-column6473_80d740-66 > .kt-inside-inner-col{padding-top:var(--global-kb-spacing-xs, 1rem);padding-right:var(--global-kb-spacing-xs, 1rem);padding-bottom:var(--global-kb-spacing-xs, 1rem);padding-left:var(--global-kb-spacing-xs, 1rem);}.kadence-column6473_80d740-66 > .kt-inside-inner-col{box-shadow:0px 0px 14px 0px rgba(0, 0, 0, 0.2);}.kadence-column6473_80d740-66 > .kt-inside-inner-col,.kadence-column6473_80d740-66 > .kt-inside-inner-col:before{border-top-left-radius:0px;border-top-right-radius:0px;border-bottom-right-radius:0px;border-bottom-left-radius:0px;}.kadence-column6473_80d740-66 > .kt-inside-inner-col{column-gap:var(--global-kb-gap-sm, 1rem);}.kadence-column6473_80d740-66 > .kt-inside-inner-col{flex-direction:column;align-items:center;}.kadence-column6473_80d740-66 > .kt-inside-inner-col > .kb-image-is-ratio-size{align-self:stretch;}.kadence-column6473_80d740-66 > .kt-inside-inner-col > .wp-block-kadence-advancedgallery{align-self:stretch;}.kadence-column6473_80d740-66 > .kt-inside-inner-col > .aligncenter{width:100%;}.kadence-column6473_80d740-66 > .kt-inside-inner-col{background-color:var(--global-palette8, #F7FAFC);}.kadence-column6473_80d740-66 > .kt-inside-inner-col:before{opacity:0.3;}.kadence-column6473_80d740-66{position:relative;}@media all and (max-width: 1024px){.kadence-column6473_80d740-66 > .kt-inside-inner-col{flex-direction:column;justify-content:center;align-items:center;}}@media all and (max-width: 767px){.kadence-column6473_80d740-66 > .kt-inside-inner-col{flex-direction:column;justify-content:center;align-items:center;}}<\/style>\n<div class=\"wp-block-kadence-column kadence-column6473_80d740-66\"><div class=\"kt-inside-inner-col\">\n<p>Veuillez \u00e9valuer cette vue d&rsquo;ensemble des for\u00eats de contes de f\u00e9es en Europe. Vous nous aidez ainsi que d&rsquo;autres amoureux de la nature. Merci beaucoup \ud83d\ude42 !<\/p>\n\n\n\n<div class=\"wp-block-yet-another-stars-rating-visitor-votes aligncenter yasr-vv-block\"><\/div>\n\n\n\n<p>Dans la <a href=\"https:\/\/walderlebnispfade.de\/fr\/experiences-en-foret\/\" data-type=\"page\" data-id=\"228\">recherche d&rsquo;exp\u00e9riences<\/a>, vous trouverez \u00e9galement toutes les autres cat\u00e9gories.<\/p>\n<\/div><\/div>\n\n<hr class=\"wp-block-separator has-alpha-channel-opacity\" style=\"margin-top:var(--wp--preset--spacing--50);margin-bottom:var(--wp--preset--spacing--50)\"\/>\n<style>.kb-row-layout-id6473_654084-27 > .kt-row-column-wrap{align-content:start;}:where(.kb-row-layout-id6473_654084-27 > .kt-row-column-wrap) > .wp-block-kadence-column{justify-content:start;}.kb-row-layout-id6473_654084-27 > .kt-row-column-wrap{column-gap:var(--global-kb-gap-md, 2rem);row-gap:var(--global-kb-gap-md, 2rem);padding-top:var(--global-kb-spacing-sm, 1.5rem);padding-bottom:var(--global-kb-spacing-sm, 1.5rem);grid-template-columns:repeat(2, minmax(0, 1fr));}.kb-row-layout-id6473_654084-27 > .kt-row-layout-overlay{opacity:0.30;}@media all and (max-width: 1024px){.kb-row-layout-id6473_654084-27 > .kt-row-column-wrap{grid-template-columns:repeat(2, minmax(0, 1fr));}}@media all and (max-width: 767px){.kb-row-layout-id6473_654084-27 > .kt-row-column-wrap{grid-template-columns:minmax(0, 1fr);}}<\/style><div class=\"kb-row-layout-wrap kb-row-layout-id6473_654084-27 alignnone wp-block-kadence-rowlayout\"><div class=\"kt-row-column-wrap kt-has-2-columns kt-row-layout-equal kt-tab-layout-inherit kt-mobile-layout-row kt-row-valign-top\">\n<style>.kadence-column6473_664a09-a7 > .kt-inside-inner-col,.kadence-column6473_664a09-a7 > .kt-inside-inner-col:before{border-top-left-radius:0px;border-top-right-radius:0px;border-bottom-right-radius:0px;border-bottom-left-radius:0px;}.kadence-column6473_664a09-a7 > .kt-inside-inner-col{column-gap:var(--global-kb-gap-sm, 1rem);}.kadence-column6473_664a09-a7 > .kt-inside-inner-col{flex-direction:column;}.kadence-column6473_664a09-a7 > .kt-inside-inner-col > .aligncenter{width:100%;}.kadence-column6473_664a09-a7 > .kt-inside-inner-col:before{opacity:0.3;}.kadence-column6473_664a09-a7{position:relative;}@media all and (max-width: 1024px){.kadence-column6473_664a09-a7 > .kt-inside-inner-col{flex-direction:column;justify-content:center;}}@media all and (max-width: 767px){.kadence-column6473_664a09-a7 > .kt-inside-inner-col{flex-direction:column;justify-content:center;}}<\/style>\n<div class=\"wp-block-kadence-column kadence-column6473_664a09-a7\"><div class=\"kt-inside-inner-col\">\n<h2 class=\"wp-block-heading\"><strong>For\u00eats de contes de f\u00e9es en<\/strong> Allemagne<\/h2>\n<\/div><\/div>\n\n\n<style>.kadence-column6473_66ce7b-99 > .kt-inside-inner-col,.kadence-column6473_66ce7b-99 > .kt-inside-inner-col:before{border-top-left-radius:0px;border-top-right-radius:0px;border-bottom-right-radius:0px;border-bottom-left-radius:0px;}.kadence-column6473_66ce7b-99 > .kt-inside-inner-col{column-gap:var(--global-kb-gap-sm, 1rem);}.kadence-column6473_66ce7b-99 > .kt-inside-inner-col{flex-direction:column;}.kadence-column6473_66ce7b-99 > .kt-inside-inner-col > .aligncenter{width:100%;}.kadence-column6473_66ce7b-99 > .kt-inside-inner-col:before{opacity:0.3;}.kadence-column6473_66ce7b-99{position:relative;}@media all and (max-width: 1024px){.kadence-column6473_66ce7b-99 > .kt-inside-inner-col{flex-direction:column;justify-content:center;}}@media all and (max-width: 767px){.kadence-column6473_66ce7b-99 > .kt-inside-inner-col{flex-direction:column;justify-content:center;}}<\/style>\n<div class=\"wp-block-kadence-column kadence-column6473_66ce7b-99\"><div class=\"kt-inside-inner-col\"><style>.kb-image6473_facb11-10.kb-image-is-ratio-size, .kb-image6473_facb11-10 .kb-image-is-ratio-size{max-width:65px;width:100%;}.wp-block-kadence-column > .kt-inside-inner-col > .kb-image6473_facb11-10.kb-image-is-ratio-size, .wp-block-kadence-column > .kt-inside-inner-col > .kb-image6473_facb11-10 .kb-image-is-ratio-size{align-self:unset;}.kb-image6473_facb11-10{max-width:65px;}.image-is-svg.kb-image6473_facb11-10{-webkit-flex:0 1 100%;flex:0 1 100%;}.image-is-svg.kb-image6473_facb11-10 img{width:100%;}.kb-image6473_facb11-10 .kb-image-has-overlay:after{opacity:0.3;}<\/style>\n<figure class=\"wp-block-kadence-image kb-image6473_facb11-10 size-full\"><img loading=\"lazy\" decoding=\"async\" width=\"255\" height=\"171\" src=\"https:\/\/walderlebnispfade.de\/wp-content\/uploads\/2024\/07\/Flagge_Deutschland.jpg\" alt=\"Walderlebnisse in Deutschland\" class=\"kb-img wp-image-5897\"\/><\/figure>\n<\/div><\/div>\n\n<\/div><\/div>\n<p>Vous trouverez ci-dessous un aper\u00e7u de 23 for\u00eats de contes de f\u00e9es int\u00e9ressantes et passionnantes en Allemagne. Pour des raisons de clart\u00e9, j&rsquo;ai r\u00e9parti les adresses dans les tableaux par Land. Derri\u00e8re le nom de la for\u00eat de contes de f\u00e9es, vous trouverez (si d\u00e9j\u00e0 cr\u00e9\u00e9) le lien vers la page d\u00e9taill\u00e9e ici sur Walderlebnispfade.de, et le site web renvoie directement \u00e0 l&rsquo;exploitant. Plus bas, vous trouverez deux parcs de contes de f\u00e9es d&rsquo;autres pays europ\u00e9ens.   <\/p>\n\n<h3 class=\"wp-block-heading\">For\u00eats de contes de f\u00e9es dans le Bade-Wurtemberg<\/h3>\n\n<figure class=\"wp-block-table has-small-font-size\"><table><thead><tr><th>Nom<\/th><th>Adresse<\/th><th>T\u00e9l\u00e9phone<\/th><th>Mail<\/th><th>Site web<\/th><th>Mois d&rsquo;ouverture<\/th><\/tr><\/thead><tbody><tr><td>La for\u00eat des contes de f\u00e9es de Heidelberg<\/td><td>K\u00f6nigstuhl 5,<br\/>69117 Heidelberg<\/td><td>+49 6221 23416<\/td><td><a href=\"mailto:info@maerchenparadies.de\">info@maerchenparadies.de<\/a><\/td><td><a href=\"https:\/\/maerchen-paradies.de\/\" target=\"_blank\" data-type=\"link\" data-id=\"https:\/\/maerchen-paradies.de\/\" rel=\"noreferrer noopener\">maerchen-paradies.de<\/a><\/td><td>Mars-novembre<\/td><\/tr><tr><td>For\u00eat de contes de f\u00e9es de K\u00fcrnbach<\/td><td>Klosterstra\u00dfe 101,<br\/>75057 K\u00fcrnbach<\/td><td>+49 151 65029229<\/td><td><a href=\"mailto:kuernbacher-maerchenwald@posteo.de\">kuernbacher-maerchenwald@posteo.de<\/a><\/td><td><a href=\"https:\/\/www.maerchenwald-kuernbach.de\/\" target=\"_blank\" data-type=\"link\" data-id=\"https:\/\/www.maerchenwald-kuernbach.de\/\" rel=\"noreferrer noopener\">maerchenwald-kuernbach.de<\/a><\/td><td>Avril-octobre<\/td><\/tr><tr><td>Poneyhof &amp; parc de contes de f\u00e9es Zwergental<\/td><td>Beim Ponyhof 1,<br\/>89150 Laichingen-Machtolsheim<\/td><td>+49 7333 5600<\/td><td><a href=\"mailto:maerchenpark@t-online.de\">maerchenpark@t-online.de<\/a><\/td><td><a href=\"https:\/\/www.ponymaerchenpark.de\/\" target=\"_blank\" data-type=\"link\" data-id=\"https:\/\/www.ponymaerchenpark.de\/\" rel=\"noreferrer noopener\">ponymaerchenpark.de<\/a><\/td><td>Avril-octobre<\/td><\/tr><tr><td>For\u00eat de contes de f\u00e9es Baroque en fleurs<\/td><td>M\u00f6mpelgardstra\u00dfe 28,<br\/>71640 Ludwigsburg<\/td><td>+49 7141 975650<\/td><td><a href=\"mailto:info@blueba.de\">info@blueba.de<\/a><\/td><td><a href=\"https:\/\/www.blueba.de\/de\/maerchengarten.html\" target=\"_blank\" data-type=\"link\" data-id=\"https:\/\/www.blueba.de\/de\/maerchengarten.html\" rel=\"noreferrer noopener\">blueba.de<\/a><\/td><td>Mars-novembre<\/td><\/tr><\/tbody><\/table><figcaption class=\"wp-element-caption\">Parcs de contes de f\u00e9es dans le Bade-Wurtemberg<\/figcaption><\/figure>\n\n<h3 class=\"wp-block-heading\">For\u00eats de contes de f\u00e9es en Bavi\u00e8re<\/h3>\n\n<figure class=\"wp-block-table has-small-font-size\"><table><thead><tr><th>Nom<\/th><th>Adresse<\/th><th>T\u00e9l\u00e9phone<\/th><th>Mail<\/th><th>Site web<\/th><th>Mois d&rsquo;ouverture<\/th><\/tr><\/thead><tbody><tr><td>La for\u00eat des contes de Sambachshof<\/td><td>Sambachshof 1,<br\/>97631 Bad K\u00f6nigshofen<\/td><td>+49 9765 79 00 35<\/td><td><a href=\"mailto:info@maerchenwald-sambachshof.de\">info@maerchenwald-sambachshof.de<\/a><\/td><td><a href=\"https:\/\/www.maerchenwald-sambachshof.de\/\" target=\"_blank\" data-type=\"link\" data-id=\"https:\/\/www.maerchenwald-sambachshof.de\/\" rel=\"noreferrer noopener\">maerchenwald-sambachshof.de<\/a><\/td><td>Mars-octobre<\/td><\/tr><tr><td>La for\u00eat des contes de f\u00e9es de Bischofsreut<\/td><td>Langreuter Stra\u00dfe,<br\/>94145 Haidm\u00fchle<\/td><td>+49 8556 9726320<\/td><td><a href=\"mailto:tourismus@haidmuehle.bayern.de\">tourismus@haidmuehle.bayern.de<\/a><\/td><td><a href=\"https:\/\/haidmuehle.eu\/erlebnisse\/erlebnisse_familie\/\" target=\"_blank\" data-type=\"link\" data-id=\"https:\/\/haidmuehle.eu\/erlebnisse\/erlebnisse_familie\/\" rel=\"noreferrer noopener\">haidmuehle.eu<\/a><\/td><td>Toute l&rsquo;ann\u00e9e<\/td><\/tr><tr><td>La for\u00eat des contes de f\u00e9es de Marquartstein<\/td><td>J\u00e4gerweg 14,<br\/>83250 Marquartstein<\/td><td>+49 8641 7105<\/td><td>m<a href=\"mailto:rquartstein@maerchenpark.de\">arquart<\/a>stein@maerchenpark.de<\/td><td><a href=\"https:\/\/www.maerchenpark.de\/\" target=\"_blank\" data-type=\"link\" data-id=\"https:\/\/www.maerchenpark.de\/\" rel=\"noreferrer noopener\">maerchenpark.de<\/a><\/td><td>Mars-novembre<\/td><\/tr><tr><td>La for\u00eat des contes de f\u00e9es de Schongau<\/td><td>Die\u00dfener Str. 6,<br\/>86956 Schongau<\/td><td>+49 8861 928050<\/td><td><a href=\"mailto:info@schongauer-maerchenwald.de\">info@schongauer-maerchenwald.de<\/a><\/td><td><a href=\"https:\/\/www.schongauer-maerchenwald.de\/\" target=\"_blank\" data-type=\"link\" data-id=\"https:\/\/www.schongauer-maerchenwald.de\/\" rel=\"noreferrer noopener\">schongauer-maerchenwald.de<\/a><\/td><td>Toute l&rsquo;ann\u00e9e<\/td><\/tr><tr><td>For\u00eat de contes de f\u00e9es de la vall\u00e9e de l&rsquo;Isar<\/td><td>Kr\u00e4uterstra\u00dfe 39,<br\/>82515 Wolfratshausen<\/td><td>+49 8171 3855838<\/td><td><a href=\"mailto:info@maerchenwald-isartal.com\">info@maerchenwald-isartal.com<\/a><\/td><td><a href=\"https:\/\/maerchenwald-isartal.de\/\" target=\"_blank\" data-type=\"link\" data-id=\"https:\/\/maerchenwald-isartal.de\/\" rel=\"noreferrer noopener\">maerchenwald-isartal.de<\/a><\/td><td>Mars-octobre<\/td><\/tr><\/tbody><\/table><figcaption class=\"wp-element-caption\">Parcs de contes de f\u00e9es en Bavi\u00e8re<\/figcaption><\/figure>\n\n<h3 class=\"wp-block-heading\">For\u00eats de contes de f\u00e9es en Hesse<\/h3>\n\n<figure class=\"wp-block-table has-small-font-size\"><table><thead><tr><th>Nom<\/th><th>Adresse<\/th><th>T\u00e9l\u00e9phone<\/th><th>Mail<\/th><th>Site web<\/th><th>Mois d&rsquo;ouverture<\/th><\/tr><\/thead><tbody><tr><td>For\u00eat de contes de f\u00e9es dans le parc de loisirs et de gibier de Willingen<\/td><td>Am Ettelsberg 2,<br\/>34508 Willingen<\/td><td>+49 5632 69198<\/td><td><a href=\"mailto:info@wildpark-willingen.de\">info@wildpark-willingen.de<\/a><\/td><td><a href=\"https:\/\/www.wildpark-willingen.de\/themenwelten\/maerchenwald.html\" target=\"_blank\" data-type=\"link\" data-id=\"https:\/\/www.wildpark-willingen.de\/themenwelten\/maerchenwald.html\" rel=\"noreferrer noopener\">wildpark-willingen.de<\/a><\/td><td>Toute l&rsquo;ann\u00e9e<\/td><\/tr><\/tbody><\/table><figcaption class=\"wp-element-caption\">Parcs de contes de f\u00e9es en Hesse<\/figcaption><\/figure>\n\n<h3 class=\"wp-block-heading\">For\u00eats de contes de f\u00e9es en Basse-Saxe<\/h3>\n\n<figure class=\"wp-block-table has-small-font-size\"><table><thead><tr><th>Nom<\/th><th>Adresse<\/th><th>T\u00e9l\u00e9phone<\/th><th>Mail<\/th><th>Site web<\/th><th>Mois d&rsquo;ouverture<\/th><\/tr><\/thead><tbody><tr><td>For\u00eat des contes de f\u00e9es de Bad Harzburg<\/td><td>Nordh\u00e4user Stra\u00dfe 1a,<br\/>38667 Bad Harzburg<\/td><td>+49 159 01050575<\/td><td><a href=\"mailto:zum@maerchenwald-harz.de\">zum@maerchenwald-harz.de<\/a><\/td><td><a href=\"http:\/\/www.maerchenwald-harz.de\/\" target=\"_blank\" data-type=\"link\" data-id=\"http:\/\/www.maerchenwald-harz.de\/\" rel=\"noreferrer noopener\">maerchenwald-harz.de<\/a><\/td><td>Mars-octobre<\/td><\/tr><tr><td>La for\u00eat des contes de f\u00e9es de Mackenrode<\/td><td>Am Park,<br\/>37318 Mackenrode<\/td><td>+49 36083 48010<\/td><td><a href=\"mailto:info@vg-uder.de\">info@vg-uder.de<\/a><\/td><td><a href=\"https:\/\/www.deutsche-maerchenstrasse.com\/poi\/maerchenpark-mackenrode\" target=\"_blank\" data-type=\"link\" data-id=\"https:\/\/www.deutsche-maerchenstrasse.com\/poi\/maerchenpark-mackenrode\" rel=\"noreferrer noopener\">deutsche-maerchenstrasse.com<\/a><\/td><td>Mai-octobre<\/td><\/tr><tr><td>For\u00eat de contes de f\u00e9es Chevalier Rouille<\/td><td>Heideweg 3-7,<br\/>27283 Verden<\/td><td>+49 4231 661110<\/td><td><a href=\"mailto:info@magicpark-verden.de\">info@magicpark-verden.de<\/a><\/td><td><a href=\"https:\/\/www.ritterrost-magicpark.de\/erkunden\/attraktionen\/maerchenwald\" target=\"_blank\" data-type=\"link\" data-id=\"https:\/\/www.ritterrost-magicpark.de\/erkunden\/attraktionen\/maerchenwald\" rel=\"noreferrer noopener\">ritterrost-magicpark.de<\/a><\/td><td>Toute l&rsquo;ann\u00e9e<\/td><\/tr><\/tbody><\/table><figcaption class=\"wp-element-caption\">Parcs de contes de f\u00e9es en Basse-Saxe<\/figcaption><\/figure>\n\n<h3 class=\"wp-block-heading\">For\u00eats de contes de f\u00e9es en Rh\u00e9nanie-du-Nord-Westphalie<\/h3>\n\n<figure class=\"wp-block-table has-small-font-size\"><table><thead><tr><th>Nom<\/th><th>Adresse<\/th><th>T\u00e9l\u00e9phone<\/th><th>Mail<\/th><th>Site web<\/th><th>Mois d&rsquo;ouverture<\/th><\/tr><\/thead><tbody><tr><td>La for\u00eat des contes de f\u00e9es d&rsquo;Ibbenb\u00fcren<\/td><td>M\u00fcnsterstra\u00dfe 265,<br\/>49479 Ibbenb\u00fcren<\/td><td>+49 5451 3226<\/td><td><a href=\"mailto:info@sommerrodelbahn.de\">info@sommerrodelbahn.de<\/a><\/td><td><a href=\"https:\/\/sommerrodelbahn.de\/park\/maerchenwald\/\" target=\"_blank\" data-type=\"link\" data-id=\"https:\/\/sommerrodelbahn.de\/park\/maerchenwald\/\" rel=\"noreferrer noopener\">sommerrodelbahn.de<\/a><\/td><td><\/td><\/tr><tr><td>For\u00eat de contes de f\u00e9es d&rsquo;Altenberg<\/td><td>M\u00e4rchenwaldweg 15,<br\/>51519 Odenthal<\/td><td>+49 2174 7842323<\/td><td><a href=\"mailto:info@maerchenwald-altenberg.de\">info@maerchenwald-altenberg.de<\/a><\/td><td><a href=\"https:\/\/www.maerchenwald-altenberg.de\/\" target=\"_blank\" data-type=\"link\" data-id=\"https:\/\/www.maerchenwald-altenberg.de\/\" rel=\"noreferrer noopener\">maerchenwald-altenberg.de<\/a><\/td><td><\/td><\/tr><tr><td>Zoo des contes de f\u00e9es au lac Bleu Ratingen<\/td><td>Zum Blauen See 22,<br\/>40878 Ratingen<\/td><td>+49 2102 135679<\/td><td><a href=\"mailto:info@maerchenzoo.de\">info@maerchenzoo.de<\/a><\/td><td><a href=\"https:\/\/www.maerchenzoo.de\/\" target=\"_blank\" data-type=\"link\" data-id=\"https:\/\/www.maerchenzoo.de\/\" rel=\"noreferrer noopener\">maerchenzoo.de<\/a><\/td><td><\/td><\/tr><\/tbody><\/table><figcaption class=\"wp-element-caption\">Parcs de contes de f\u00e9es en Rh\u00e9nanie-du-Nord-Westphalie<\/figcaption><\/figure>\n\n<hr class=\"wp-block-separator has-alpha-channel-opacity\" style=\"margin-top:var(--wp--preset--spacing--70);margin-bottom:var(--wp--preset--spacing--70)\"\/>\n<style>.kb-image6473_49b4ee-0f .kb-image-has-overlay:after{opacity:0.3;}<\/style>\n<div class=\"wp-block-kadence-image kb-image6473_49b4ee-0f\"><figure class=\"aligncenter size-full\"><img loading=\"lazy\" decoding=\"async\" width=\"1024\" height=\"682\" src=\"https:\/\/walderlebnispfade.de\/wp-content\/uploads\/2025\/02\/Froschkoenig.jpg\" alt=\"Froschk\u00f6nig im M\u00e4rchenwald\" class=\"kb-img wp-image-6488\" srcset=\"https:\/\/walderlebnispfade.de\/wp-content\/uploads\/2025\/02\/Froschkoenig.jpg 1024w, https:\/\/walderlebnispfade.de\/wp-content\/uploads\/2025\/02\/Froschkoenig-300x200.jpg 300w, https:\/\/walderlebnispfade.de\/wp-content\/uploads\/2025\/02\/Froschkoenig-768x512.jpg 768w\" sizes=\"auto, (max-width: 1024px) 100vw, 1024px\" \/><figcaption>Ob aus dem Frosch der M\u00e4rchenprinz wird \ud83d\ude42 ?<\/figcaption><\/figure><\/div>\n\n<h3 class=\"wp-block-heading\">For\u00eats de contes de f\u00e9es en Rh\u00e9nanie-Palatinat<\/h3>\n\n<figure class=\"wp-block-table has-small-font-size\"><table><thead><tr><th>Nom<\/th><th>Adresse<\/th><th>T\u00e9l\u00e9phone<\/th><th>Mail<\/th><th>Site web<\/th><th>Mois d&rsquo;ouverture<\/th><\/tr><\/thead><tbody><tr><td>La for\u00eat des contes de f\u00e9es de Bad Breisig<\/td><td>Am Kesselberg,<br\/>53498 Bad Breisig<\/td><td>+49 160 96545054<\/td><td><a href=\"mailto:info@maerchenwald-bad-breisig.de\">info@maerchenwald-bad-breisig.de<\/a><\/td><td><a href=\"https:\/\/maerchenwald-bad-breisig.de\/\" target=\"_blank\" data-type=\"link\" data-id=\"https:\/\/maerchenwald-bad-breisig.de\/\" rel=\"noreferrer noopener\">maerchenwald-bad-breisig.de<\/a><\/td><td>Avril-octobre<\/td><\/tr><\/tbody><\/table><figcaption class=\"wp-element-caption\">Parcs de contes de f\u00e9es en Rh\u00e9nanie-Palatinat<\/figcaption><\/figure>\n\n<h3 class=\"wp-block-heading\">For\u00eats de contes de f\u00e9es en Saxe-Anhalt<\/h3>\n\n<figure class=\"wp-block-table has-small-font-size\"><table><thead><tr><th>Nom<\/th><th>Adresse<\/th><th>T\u00e9l\u00e9phone<\/th><th>Mail<\/th><th>Site web<\/th><th>Mois d&rsquo;ouverture<\/th><\/tr><\/thead><tbody><tr><td>La for\u00eat des contes de f\u00e9es de Bernburg<\/td><td>Ilberstedter Str. 116B,<br\/>06406 Bernburg (Saale)<\/td><td>+49 179 6763049<\/td><td><a href=\"mailto:bernburg.paradies@gmail.com\">bernburg.paradies@gmail.com<\/a><\/td><td><a href=\"https:\/\/www.bernburg-paradies.de\/\" target=\"_blank\" data-type=\"link\" data-id=\"https:\/\/www.bernburg-paradies.de\/\" rel=\"noreferrer noopener\">bernburg-paradies.de<\/a><\/td><td>Avril-octobre<\/td><\/tr><tr><td>La for\u00eat des contes de f\u00e9es de Salzwedel<\/td><td>An der Warthe 5,<br\/>29410 Salzwedel<\/td><td>+49 3901 3939811<\/td><td><a href=\"mailto:wichtelcafe@maerchenpark-duftgarten.de\">wichtelcafe@maerchenpark-duftgarten.de<\/a><\/td><td><a href=\"https:\/\/www.maerchenpark-duftgarten.de\/\" target=\"_blank\" data-type=\"link\" data-id=\"https:\/\/www.maerchenpark-duftgarten.de\/\" rel=\"noreferrer noopener\">maerchenpark-duftgarten.de<\/a><\/td><td>Toute l&rsquo;ann\u00e9e<\/td><\/tr><\/tbody><\/table><figcaption class=\"wp-element-caption\">Parcs de contes de f\u00e9es en Saxe-Anhalt<\/figcaption><\/figure>\n\n<h3 class=\"wp-block-heading\">For\u00eats de contes de f\u00e9es dans le Schleswig-Holstein<\/h3>\n\n<figure class=\"wp-block-table has-small-font-size\"><table><thead><tr><th>Nom<\/th><th>Adresse<\/th><th>T\u00e9l\u00e9phone<\/th><th>Mail<\/th><th>Site web<\/th><th>Mois d&rsquo;ouverture<\/th><\/tr><\/thead><tbody><tr><td>For\u00eat de contes de f\u00e9es Sylter Sagenwald<\/td><td>Osetal 5,<br\/>25996 Wenningstedt-Braderup<\/td><td>+49 4651 44770<\/td><td><a href=\"mailto:info@wenningstedt.de\">info@wenningstedt.de<\/a><\/td><td><a href=\"https:\/\/www.wenningstedt.de\/sehenswertes\/poi\/sylter-sagenwald\" target=\"_blank\" data-type=\"link\" data-id=\"https:\/\/www.wenningstedt.de\/sehenswertes\/poi\/sylter-sagenwald\" rel=\"noreferrer noopener\">wenningstedt.de<\/a><\/td><td>Toute l&rsquo;ann\u00e9e<\/td><\/tr><\/tbody><\/table><figcaption class=\"wp-element-caption\">Parcs de contes de f\u00e9es dans le Schleswig-Holstein<\/figcaption><\/figure>\n\n<h3 class=\"wp-block-heading\">For\u00eats de contes de f\u00e9es en Thuringe<\/h3>\n\n<figure class=\"wp-block-table has-small-font-size\"><table><thead><tr><th>Nom<\/th><th>Adresse<\/th><th>T\u00e9l\u00e9phone<\/th><th>Mail<\/th><th>Site web<\/th><th>Mois d&rsquo;ouverture<\/th><\/tr><\/thead><tbody><tr><td>La for\u00eat des contes de Trusetal<\/td><td>Brotteroder Stra\u00dfe 55,<br\/>98596 Brotterode-Trusetal<\/td><td>+49 36840 40153<\/td><td>info@zwergen-park.de<\/td><td><a href=\"https:\/\/www.zwergen-park.de\/\" target=\"_blank\" data-type=\"link\" data-id=\"https:\/\/www.zwergen-park.de\/\" rel=\"noreferrer noopener\">zwergen-park.de<\/a><\/td><td>Mars-novembre<\/td><\/tr><tr><td>La for\u00eat des contes de f\u00e9es de Heiligenstadt<\/td><td>In der Leineaue 1,<br\/>37308 Heilbad Heiligenstadt<\/td><td>+49 3606 677903<\/td><td>touristinfo@heilbad-heiligenstadt.de<\/td><td><a href=\"https:\/\/www.heilbad-heiligenstadt.de\/freizeit-tourismus\/parks-und-freizeitgestaltung\/maerchenpark\/\" target=\"_blank\" data-type=\"link\" data-id=\"https:\/\/www.heilbad-heiligenstadt.de\/freizeit-tourismus\/parks-und-freizeitgestaltung\/maerchenpark\/\" rel=\"noreferrer noopener\">heilbad-heiligenstadt.de<\/a><\/td><td>De mai \u00e0 octobre<\/td><\/tr><tr><td>La for\u00eat des contes de Saalburg<\/td><td>Dornbachgrund 1,<br\/>07929 Saalburg-Ebersdorf<\/td><td>+49 36647 22218<\/td><td>info@saalburg-maerchenwald.de<\/td><td><a href=\"https:\/\/www.saalburg-maerchenwald.de\/\" target=\"_blank\" data-type=\"link\" data-id=\"https:\/\/www.saalburg-maerchenwald.de\/\" rel=\"noreferrer noopener\">saalburg-maerchenwald.de<\/a><\/td><td>Toute l&rsquo;ann\u00e9e<\/td><\/tr><\/tbody><\/table><figcaption class=\"wp-element-caption\">Parcs de contes de f\u00e9es en Thuringe<\/figcaption><\/figure>\n\n<hr class=\"wp-block-separator has-alpha-channel-opacity\" style=\"margin-top:var(--wp--preset--spacing--50);margin-bottom:var(--wp--preset--spacing--50)\"\/>\n<style>.kb-image6473_99bf32-4a .kb-image-has-overlay:after{opacity:0.3;}<\/style>\n<div class=\"wp-block-kadence-image kb-image6473_99bf32-4a\"><figure class=\"aligncenter size-full\"><img loading=\"lazy\" decoding=\"async\" width=\"1024\" height=\"576\" src=\"https:\/\/walderlebnispfade.de\/wp-content\/uploads\/2025\/02\/Maerchenbuch.jpg\" alt=\"M\u00e4rchenbuch\" class=\"kb-img wp-image-6492\" srcset=\"https:\/\/walderlebnispfade.de\/wp-content\/uploads\/2025\/02\/Maerchenbuch.jpg 1024w, https:\/\/walderlebnispfade.de\/wp-content\/uploads\/2025\/02\/Maerchenbuch-300x169.jpg 300w, https:\/\/walderlebnispfade.de\/wp-content\/uploads\/2025\/02\/Maerchenbuch-768x432.jpg 768w\" sizes=\"auto, (max-width: 1024px) 100vw, 1024px\" \/><figcaption>Faszinierende Geschichten werden in M\u00e4rchenw\u00e4ldern erlebbar!<\/figcaption><\/figure><\/div>\n<style>.kb-row-layout-id6473_ef8709-a8 > .kt-row-column-wrap{align-content:start;}:where(.kb-row-layout-id6473_ef8709-a8 > .kt-row-column-wrap) > .wp-block-kadence-column{justify-content:start;}.kb-row-layout-id6473_ef8709-a8 > .kt-row-column-wrap{column-gap:var(--global-kb-gap-md, 2rem);row-gap:var(--global-kb-gap-md, 2rem);padding-top:var(--global-kb-spacing-sm, 1.5rem);padding-bottom:var(--global-kb-spacing-sm, 1.5rem);grid-template-columns:repeat(2, minmax(0, 1fr));}.kb-row-layout-id6473_ef8709-a8 > .kt-row-layout-overlay{opacity:0.30;}@media all and (max-width: 1024px){.kb-row-layout-id6473_ef8709-a8 > .kt-row-column-wrap{grid-template-columns:repeat(2, minmax(0, 1fr));}}@media all and (max-width: 767px){.kb-row-layout-id6473_ef8709-a8 > .kt-row-column-wrap{grid-template-columns:minmax(0, 1fr);}}<\/style><div class=\"kb-row-layout-wrap kb-row-layout-id6473_ef8709-a8 alignnone wp-block-kadence-rowlayout\"><div class=\"kt-row-column-wrap kt-has-2-columns kt-row-layout-equal kt-tab-layout-inherit kt-mobile-layout-row kt-row-valign-top\">\n<style>.kadence-column6473_e81a01-e3 > .kt-inside-inner-col,.kadence-column6473_e81a01-e3 > .kt-inside-inner-col:before{border-top-left-radius:0px;border-top-right-radius:0px;border-bottom-right-radius:0px;border-bottom-left-radius:0px;}.kadence-column6473_e81a01-e3 > .kt-inside-inner-col{column-gap:var(--global-kb-gap-sm, 1rem);}.kadence-column6473_e81a01-e3 > .kt-inside-inner-col{flex-direction:column;}.kadence-column6473_e81a01-e3 > .kt-inside-inner-col > .aligncenter{width:100%;}.kadence-column6473_e81a01-e3 > .kt-inside-inner-col:before{opacity:0.3;}.kadence-column6473_e81a01-e3{position:relative;}@media all and (max-width: 1024px){.kadence-column6473_e81a01-e3 > .kt-inside-inner-col{flex-direction:column;justify-content:center;}}@media all and (max-width: 767px){.kadence-column6473_e81a01-e3 > .kt-inside-inner-col{flex-direction:column;justify-content:center;}}<\/style>\n<div class=\"wp-block-kadence-column kadence-column6473_e81a01-e3\"><div class=\"kt-inside-inner-col\">\n<h2 class=\"wp-block-heading\">For\u00eats de contes de f\u00e9es en Autriche<\/h2>\n<\/div><\/div>\n\n\n<style>.kadence-column6473_9e1c1f-87 > .kt-inside-inner-col,.kadence-column6473_9e1c1f-87 > .kt-inside-inner-col:before{border-top-left-radius:0px;border-top-right-radius:0px;border-bottom-right-radius:0px;border-bottom-left-radius:0px;}.kadence-column6473_9e1c1f-87 > .kt-inside-inner-col{column-gap:var(--global-kb-gap-sm, 1rem);}.kadence-column6473_9e1c1f-87 > .kt-inside-inner-col{flex-direction:column;}.kadence-column6473_9e1c1f-87 > .kt-inside-inner-col > .aligncenter{width:100%;}.kadence-column6473_9e1c1f-87 > .kt-inside-inner-col:before{opacity:0.3;}.kadence-column6473_9e1c1f-87{position:relative;}@media all and (max-width: 1024px){.kadence-column6473_9e1c1f-87 > .kt-inside-inner-col{flex-direction:column;justify-content:center;}}@media all and (max-width: 767px){.kadence-column6473_9e1c1f-87 > .kt-inside-inner-col{flex-direction:column;justify-content:center;}}<\/style>\n<div class=\"wp-block-kadence-column kadence-column6473_9e1c1f-87\"><div class=\"kt-inside-inner-col\"><style>.kb-image6473_9604fe-64.kb-image-is-ratio-size, .kb-image6473_9604fe-64 .kb-image-is-ratio-size{max-width:65px;width:100%;}.wp-block-kadence-column > .kt-inside-inner-col > .kb-image6473_9604fe-64.kb-image-is-ratio-size, .wp-block-kadence-column > .kt-inside-inner-col > .kb-image6473_9604fe-64 .kb-image-is-ratio-size{align-self:unset;}.kb-image6473_9604fe-64{max-width:65px;}.image-is-svg.kb-image6473_9604fe-64{-webkit-flex:0 1 100%;flex:0 1 100%;}.image-is-svg.kb-image6473_9604fe-64 img{width:100%;}.kb-image6473_9604fe-64 .kb-image-has-overlay:after{opacity:0.3;}<\/style>\n<figure class=\"wp-block-kadence-image kb-image6473_9604fe-64 size-full\"><img loading=\"lazy\" decoding=\"async\" width=\"223\" height=\"146\" src=\"https:\/\/walderlebnispfade.de\/wp-content\/uploads\/2024\/07\/Flagge_Oesterreich.jpg\" alt=\"Walderlebnisse in \u00d6sterreich\" class=\"kb-img wp-image-5909\"\/><\/figure>\n<\/div><\/div>\n\n<\/div><\/div>\n<figure class=\"wp-block-table has-small-font-size\"><table><thead><tr><th>Nom<\/th><th>Adresse<\/th><th>T\u00e9l\u00e9phone<\/th><th>Mail<\/th><th>Site web<\/th><th>Mois d&rsquo;ouverture<\/th><\/tr><\/thead><tbody><tr><td>Parc de contes de f\u00e9es du Neusiedlersee<\/td><td>M\u00e4rchenparkweg 1,<br\/>7062 St. Margarethen<\/td><td>+43 2685 60707<\/td><td><a href=\"mailto:office@familypark.at\">office@familypark.at<\/a><\/td><td><a href=\"https:\/\/www.familypark.at\/themenwelt\/maerchenwald\/\" target=\"_blank\" rel=\"noreferrer noopener\">familypark.at<\/a><\/td><td>Mars-novembre<\/td><\/tr><\/tbody><\/table><figcaption class=\"wp-element-caption\">Parcs \u00e0 th\u00e8me en Autriche<\/figcaption><\/figure>\n<style>.kb-row-layout-id6473_58331e-c5 > .kt-row-column-wrap{align-content:start;}:where(.kb-row-layout-id6473_58331e-c5 > .kt-row-column-wrap) > .wp-block-kadence-column{justify-content:start;}.kb-row-layout-id6473_58331e-c5 > .kt-row-column-wrap{column-gap:var(--global-kb-gap-md, 2rem);row-gap:var(--global-kb-gap-md, 2rem);padding-top:var(--global-kb-spacing-sm, 1.5rem);padding-bottom:var(--global-kb-spacing-sm, 1.5rem);grid-template-columns:repeat(2, minmax(0, 1fr));}.kb-row-layout-id6473_58331e-c5 > .kt-row-layout-overlay{opacity:0.30;}@media all and (max-width: 1024px){.kb-row-layout-id6473_58331e-c5 > .kt-row-column-wrap{grid-template-columns:repeat(2, minmax(0, 1fr));}}@media all and (max-width: 767px){.kb-row-layout-id6473_58331e-c5 > .kt-row-column-wrap{grid-template-columns:minmax(0, 1fr);}}<\/style><div class=\"kb-row-layout-wrap kb-row-layout-id6473_58331e-c5 alignnone wp-block-kadence-rowlayout\"><div class=\"kt-row-column-wrap kt-has-2-columns kt-row-layout-equal kt-tab-layout-inherit kt-mobile-layout-row kt-row-valign-top\">\n<style>.kadence-column6473_f2f431-de > .kt-inside-inner-col,.kadence-column6473_f2f431-de > .kt-inside-inner-col:before{border-top-left-radius:0px;border-top-right-radius:0px;border-bottom-right-radius:0px;border-bottom-left-radius:0px;}.kadence-column6473_f2f431-de > .kt-inside-inner-col{column-gap:var(--global-kb-gap-sm, 1rem);}.kadence-column6473_f2f431-de > .kt-inside-inner-col{flex-direction:column;}.kadence-column6473_f2f431-de > .kt-inside-inner-col > .aligncenter{width:100%;}.kadence-column6473_f2f431-de > .kt-inside-inner-col:before{opacity:0.3;}.kadence-column6473_f2f431-de{position:relative;}@media all and (max-width: 1024px){.kadence-column6473_f2f431-de > .kt-inside-inner-col{flex-direction:column;justify-content:center;}}@media all and (max-width: 767px){.kadence-column6473_f2f431-de > .kt-inside-inner-col{flex-direction:column;justify-content:center;}}<\/style>\n<div class=\"wp-block-kadence-column kadence-column6473_f2f431-de\"><div class=\"kt-inside-inner-col\">\n<h2 class=\"wp-block-heading\">For\u00eats de contes de f\u00e9es aux Pays-Bas<\/h2>\n<\/div><\/div>\n\n\n<style>.kadence-column6473_30c5c3-c8 > .kt-inside-inner-col,.kadence-column6473_30c5c3-c8 > .kt-inside-inner-col:before{border-top-left-radius:0px;border-top-right-radius:0px;border-bottom-right-radius:0px;border-bottom-left-radius:0px;}.kadence-column6473_30c5c3-c8 > .kt-inside-inner-col{column-gap:var(--global-kb-gap-sm, 1rem);}.kadence-column6473_30c5c3-c8 > .kt-inside-inner-col{flex-direction:column;}.kadence-column6473_30c5c3-c8 > .kt-inside-inner-col > .aligncenter{width:100%;}.kadence-column6473_30c5c3-c8 > .kt-inside-inner-col:before{opacity:0.3;}.kadence-column6473_30c5c3-c8{position:relative;}@media all and (max-width: 1024px){.kadence-column6473_30c5c3-c8 > .kt-inside-inner-col{flex-direction:column;justify-content:center;}}@media all and (max-width: 767px){.kadence-column6473_30c5c3-c8 > .kt-inside-inner-col{flex-direction:column;justify-content:center;}}<\/style>\n<div class=\"wp-block-kadence-column kadence-column6473_30c5c3-c8\"><div class=\"kt-inside-inner-col\"><style>.kb-image6473_e3a7c9-db.kb-image-is-ratio-size, .kb-image6473_e3a7c9-db .kb-image-is-ratio-size{max-width:65px;width:100%;}.wp-block-kadence-column > .kt-inside-inner-col > .kb-image6473_e3a7c9-db.kb-image-is-ratio-size, .wp-block-kadence-column > .kt-inside-inner-col > .kb-image6473_e3a7c9-db .kb-image-is-ratio-size{align-self:unset;}.kb-image6473_e3a7c9-db{max-width:65px;}.image-is-svg.kb-image6473_e3a7c9-db{-webkit-flex:0 1 100%;flex:0 1 100%;}.image-is-svg.kb-image6473_e3a7c9-db img{width:100%;}.kb-image6473_e3a7c9-db .kb-image-has-overlay:after{opacity:0.3;}<\/style>\n<figure class=\"wp-block-kadence-image kb-image6473_e3a7c9-db size-full\"><img loading=\"lazy\" decoding=\"async\" width=\"255\" height=\"170\" src=\"https:\/\/walderlebnispfade.de\/wp-content\/uploads\/2025\/02\/Flagge_Niederlande.jpg\" alt=\"Liste der M\u00e4rchenw\u00e4lder  in den Niederlanden\" class=\"kb-img wp-image-6480\"\/><\/figure>\n<\/div><\/div>\n\n<\/div><\/div>\n<figure class=\"wp-block-table has-small-font-size\"><table><thead><tr><th>Nom<\/th><th>Adresse<\/th><th>T\u00e9l\u00e9phone<\/th><th>Mail<\/th><th>Site web<\/th><th>Mois d&rsquo;ouverture<\/th><\/tr><\/thead><tbody><tr><td>For\u00eat des contes de f\u00e9es Efteling<\/td><td>Europalaan 1,<br\/>05171 KW Kaatsheuvel<\/td><td>+31 416 537777<\/td><td><a href=\"mailto:informatie@efteling.com\">info@informatie@efteling.com<\/a><\/td><td><a href=\"https:\/\/www.efteling.com\/de\/park\/attraktionen\/maerchenwald\/maerchen\" target=\"_blank\" rel=\"noreferrer noopener\">efteling.com<\/a><\/td><td>Toute l&rsquo;ann\u00e9e<\/td><\/tr><\/tbody><\/table><figcaption class=\"wp-element-caption\">Parcs de contes de f\u00e9es aux Pays-Bas<\/figcaption><\/figure>\n<div style=\"line-height:1.7; padding-top:var(--wp--preset--spacing--30);padding-bottom:var(--wp--preset--spacing--30);padding-left:var(--wp--preset--spacing--30);padding-right:var(--wp--preset--spacing--30);\" class=\"wp-block-post-author has-background has-theme-palette-7-background-color has-medium-font-size\"><div class=\"wp-block-post-author__avatar\"><img alt='Moni' src='https:\/\/walderlebnispfade.de\/wp-content\/uploads\/2025\/01\/cropped-Moni-Profil-96x96.jpg' srcset='https:\/\/walderlebnispfade.de\/wp-content\/uploads\/2025\/01\/cropped-Moni-Profil-192x192.jpg 2x' class='avatar avatar-96 photo' height='96' width='96' \/><\/div><div class=\"wp-block-post-author__content\"><p class=\"wp-block-post-author__name\">Moni<\/p><p class=\"wp-block-post-author__bio\">Ich bin seit vielen Jahren begeisterter Outdoor-Fan und m\u00f6chte meine Erfahrungen \u00fcber tolle Erlebnisse in Deutschland und Europa der letzten Jahre hier mit Dir teilen. \r\n\r\nEgal ob Klettern, Wandern oder einfach nur die Natur genie\u00dfen, es gibt so viele tolle M\u00f6glichkeiten seine Zeit im Freien zu verbringen. Sicher ist auch f\u00fcr Dich etwas in der Sammlung unserer Walderlebnisse dabei.<\/p><\/div><\/div>\n<hr class=\"wp-block-separator has-alpha-channel-opacity\" style=\"margin-top:var(--wp--preset--spacing--50);margin-bottom:var(--wp--preset--spacing--50)\"\/>\n\n<h2 class=\"wp-block-heading\">FAQ \u2013 For\u00eats de contes de f\u00e9es en Europe<\/h2>\n<div id=\"rank-math-faq\" class=\"rank-math-block\">\n<div class=\"rank-math-list \">\n<div id=\"faq-question-1739131002445\" class=\"rank-math-list-item\">\n<h3 class=\"rank-math-question \">Existe-t-il des for\u00eats de contes de f\u00e9es accessibles en Europe ?<\/h3>\n<div class=\"rank-math-answer \">\n\n<p>Oui, de nombreux parcs de contes de f\u00e9es sont con\u00e7us pour \u00eatre accessibles et proposent des chemins praticables en fauteuil roulant ou en poussette. Il vaut la peine de se renseigner \u00e0 l&rsquo;avance sur l&rsquo;accessibilit\u00e9 du parc en question. <\/p>\n\n<\/div>\n<\/div>\n<div id=\"faq-question-1739133241621\" class=\"rank-math-list-item\">\n<h3 class=\"rank-math-question \">Les for\u00eats de contes de f\u00e9es sont-elles r\u00e9serv\u00e9es aux enfants ?<\/h3>\n<div class=\"rank-math-answer \">\n\n<p>Non, de nombreux parcs de contes de f\u00e9es proposent des attractions et des d\u00e9cors qui raviront \u00e9galement les adultes. En particulier, les lieux avec des r\u00e9f\u00e9rences historiques ou des sc\u00e8nes de contes de f\u00e9es soigneusement con\u00e7ues valent la peine d&rsquo;\u00eatre vus par tous les groupes d&rsquo;\u00e2ge. <\/p>\n\n<\/div>\n<\/div>\n<div id=\"faq-question-1739133269411\" class=\"rank-math-list-item\">\n<h3 class=\"rank-math-question \">Quelle est la diff\u00e9rence entre une for\u00eat de contes de f\u00e9es et un parc de contes de f\u00e9es ?<\/h3>\n<div class=\"rank-math-answer \">\n\n<p>Une for\u00eat de contes de f\u00e9es est souvent une zone bois\u00e9e naturelle li\u00e9e aux contes ou aux l\u00e9gendes, tandis qu&rsquo;un parc de contes de f\u00e9es est un parc de loisirs \u00e0 th\u00e8me dans lequel on trouve des personnages de contes de f\u00e9es, des exp\u00e9riences interactives et des reproductions de sc\u00e8nes de contes de f\u00e9es c\u00e9l\u00e8bres.<\/p>\n\n<\/div>\n<\/div>\n<\/div>\n<\/div>\n<p><\/p>\n","protected":false},"excerpt":{"rendered":"<p>Les for\u00eats de contes de f\u00e9es en Europe : o\u00f9 les l\u00e9gendes prennent vie Depuis de nombreuses ann\u00e9es, les for\u00eats de contes de f\u00e9es en Europe constituent une exp\u00e9rience foresti\u00e8re&#8230;<\/p>\n","protected":false},"author":2,"featured_media":6498,"comment_status":"open","ping_status":"open","sticky":false,"template":"","format":"standard","meta":{"_kad_blocks_custom_css":"","_kad_blocks_head_custom_js":"","_kad_blocks_body_custom_js":"","_kad_blocks_footer_custom_js":"","_kad_post_transparent":"","_kad_post_title":"","_kad_post_layout":"","_kad_post_sidebar_id":"","_kad_post_content_style":"","_kad_post_vertical_padding":"","_kad_post_feature":"","_kad_post_feature_position":"","_kad_post_header":false,"_kad_post_footer":false,"_kad_post_classname":"","yasr_overall_rating":0,"yasr_post_is_review":"","yasr_auto_insert_disabled":"","yasr_review_type":"BlogPosting","footnotes":""},"categories":[56],"tags":[],"class_list":["post-6518","post","type-post","status-publish","format-standard","has-post-thumbnail","hentry","category-infos-fr"],"yasr_visitor_votes":{"stars_attributes":{"read_only":false,"span_bottom":false},"number_of_votes":0,"sum_votes":0},"taxonomy_info":{"category":[{"value":56,"label":"Infos"}]},"featured_image_src_large":["https:\/\/walderlebnispfade.de\/wp-content\/uploads\/2025\/02\/Maerchenwaelder_in_Europa-1024x580.jpg",1024,580,true],"author_info":{"display_name":"Moni","author_link":"https:\/\/walderlebnispfade.de\/fr\/author\/moni\/"},"comment_info":0,"category_info":[{"term_id":56,"name":"Infos","slug":"infos-fr","term_group":0,"term_taxonomy_id":56,"taxonomy":"category","description":"","parent":0,"count":11,"filter":"raw","cat_ID":56,"category_count":11,"category_description":"","cat_name":"Infos","category_nicename":"infos-fr","category_parent":0}],"tag_info":false,"_links":{"self":[{"href":"https:\/\/walderlebnispfade.de\/fr\/wp-json\/wp\/v2\/posts\/6518","targetHints":{"allow":["GET"]}}],"collection":[{"href":"https:\/\/walderlebnispfade.de\/fr\/wp-json\/wp\/v2\/posts"}],"about":[{"href":"https:\/\/walderlebnispfade.de\/fr\/wp-json\/wp\/v2\/types\/post"}],"author":[{"embeddable":true,"href":"https:\/\/walderlebnispfade.de\/fr\/wp-json\/wp\/v2\/users\/2"}],"replies":[{"embeddable":true,"href":"https:\/\/walderlebnispfade.de\/fr\/wp-json\/wp\/v2\/comments?post=6518"}],"version-history":[{"count":4,"href":"https:\/\/walderlebnispfade.de\/fr\/wp-json\/wp\/v2\/posts\/6518\/revisions"}],"predecessor-version":[{"id":7926,"href":"https:\/\/walderlebnispfade.de\/fr\/wp-json\/wp\/v2\/posts\/6518\/revisions\/7926"}],"wp:featuredmedia":[{"embeddable":true,"href":"https:\/\/walderlebnispfade.de\/fr\/wp-json\/wp\/v2\/media\/6498"}],"wp:attachment":[{"href":"https:\/\/walderlebnispfade.de\/fr\/wp-json\/wp\/v2\/media?parent=6518"}],"wp:term":[{"taxonomy":"category","embeddable":true,"href":"https:\/\/walderlebnispfade.de\/fr\/wp-json\/wp\/v2\/categories?post=6518"},{"taxonomy":"post_tag","embeddable":true,"href":"https:\/\/walderlebnispfade.de\/fr\/wp-json\/wp\/v2\/tags?post=6518"}],"curies":[{"name":"wp","href":"https:\/\/api.w.org\/{rel}","templated":true}]}}